{"id":4709,"date":"2024-10-07T12:18:11","date_gmt":"2024-10-07T12:18:11","guid":{"rendered":"https:\/\/cms.alj3.clients.lemonhq.io\/press-release\/alj-and-sabanci-ventures-invest-in-turkish-tech-ecosystem-with-j-start-fund-2\/"},"modified":"2026-04-09T10:45:04","modified_gmt":"2026-04-09T10:45:04","slug":"alj-and-sabanci-ventures-invest-in-turkish-tech-ecosystem-with-j-start-fund-2","status":"publish","type":"pressrelease","link":"https:\/\/cms.alj3.clients.lemonhq.io\/tr\/news\/alj-and-sabanci-ventures-invest-in-turkish-tech-ecosystem-with-j-start-fund-2\/","title":{"rendered":"ALJ ve Sabanc\u0131 Ventures, J-START Fonu ile T\u00fcrkiye\u2019de Teknoloji Giri\u015fimlerini Destekleyecek"},"content":{"rendered":"\n<p>Uluslararas\u0131 alanda \u00e7e\u015fitli sekt\u00f6rlerde faaliyet g\u00f6steren yakla\u015f\u0131k 80 y\u0131ll\u0131k bir \u015firket olan ALJ, \u2018J-START\u2019 Giri\u015fim Sermayesi Yat\u0131r\u0131m Fonu\u2019nun lansman\u0131n\u0131 h\u0131zland\u0131rmak ad\u0131na Sabanc\u0131 Holding\u2019in giri\u015fim sermayesi \u015firketi Sabanc\u0131 Ventures ile stratejik bir i\u015fbirli\u011fine imza att\u0131.<\/p>\n\n\n<figure class=\"wp-block-embed is-type-video is-provider-youtube wp-block-embed-youtube wp-embed-aspect-16-9 wp-has-aspect-ratio\"><div class=\"wp-block-embed__wrapper\">https:\/\/youtu.be\/kECCfPsA7kA<\/div><\/figure>\n\n\n<p>Yeni giri\u015fim sermayesi fonu inovasyonu te\u015fvik edecek ve T\u00fcrkiye\u2019deki erken a\u015fama teknoloji giri\u015fimlerini destekleyecek. J-START Fonu, akademik kurumlardan gelen derin teknoloji giri\u015fimlerine \u00f6ncelik verecek.&nbsp; Fon, T\u00fcrkiye\u2019nin derin teknoloji ara\u015ft\u0131rma ve geli\u015ftirme alan\u0131ndaki lider konumunun desteklenmesine katk\u0131da bulunmay\u0131 ama\u00e7l\u0131yor.<\/p>\n\n\n\n<p>Sabanc\u0131 \u00dcniversitesi\u2019nde duyurulan fon, erken a\u015fama giri\u015fimcilere kapsaml\u0131 destek sa\u011flamak ve teknoloji odakl\u0131 giri\u015fimlere yat\u0131r\u0131m yapmak \u00fczere tasarland\u0131. Hedeflenen inovasyon alanlar\u0131 aras\u0131nda yapay zeka, ileri materyal teknolojileri, finansal teknolojiler, e\u011fitim teknolojileri, ak\u0131ll\u0131 \u015fehirler, dijital sa\u011fl\u0131k, b\u00fcy\u00fck veri analiti\u011fi ve siber g\u00fcvenlik yer al\u0131yor.<\/p>\n\n\n\n<p>Bu duyuru, ALJ\u2019nin inovasyonu te\u015fvik etmesiyle d\u00fcnyay\u0131 ekonomik ve sosyal olarak olumlu y\u00f6nde etkileyecek yeni nesil giri\u015fimcileri destekleme konusundaki kararl\u0131l\u0131\u011f\u0131n\u0131n alt\u0131n\u0131 \u00e7iziyor. ALJ bu i\u015f birli\u011fiyle derin teknoloji ara\u015ft\u0131rmalar\u0131na somut destek sunmaya devam ediyor.<\/p>\n\n\n\n<p>ALJ T\u00fcrkiye ve Avrupa Ba\u015fkan\u0131 &amp; CEO\u2019su Ali Haydar Bozkurt, ger\u00e7ekle\u015ftirdi\u011fi konu\u015fmada J-START Fonu\u2019nun \u00fclkemizdeki derin teknoloji ekosistemini daha fazla desteklemek ad\u0131na olu\u015fturuldu\u011funu belirterek,\n<\/p>\n\n\n\n<blockquote class=\"wp-block-quote is-layout-flow wp-block-quote-is-layout-flow\">\n<p>\u201cJ-START, T\u00fcrkiye\u2019nin, herkes i\u00e7in nas\u0131l daha iyi bir gelecek yaratabilece\u011fimiz konusundaki ara\u015ft\u0131rmalarda \u00f6n saflarda yer ald\u0131\u011f\u0131n\u0131 d\u00fcnyaya g\u00f6stermek amac\u0131yla olu\u015fturulmu\u015ftur. J-START\u2019\u0131n derin teknoloji giri\u015fimcilerini desteklemede yarataca\u011f\u0131 etkiyi g\u00f6rmek i\u00e7in sab\u0131rs\u0131zlan\u0131yorum ve bu fondan elde edilecek sonu\u00e7lar konusunda olduk\u00e7a iyimserim\u201d dedi.<\/p>\n<\/blockquote>\n\n\n\n<p>Sabanc\u0131 \u00dcniversitesi Rekt\u00f6r\u00fc Yusuf Leblebici ise Sabanc\u0131 \u00dcniversitesi\u2019nden her y\u0131l mezun olan 1000 \u00f6\u011frenciden 50\u2019sinin kendi \u015firketini kurmay\u0131 tercih etti\u011fini ifade ederek,<\/p>\n\n\n\n<blockquote class=\"wp-block-quote is-layout-flow wp-block-quote-is-layout-flow\">\n<p>\u201cBunu kolayla\u015ft\u0131rmak ve hayallerini ger\u00e7e\u011fe d\u00f6n\u00fc\u015ft\u00fcrmek i\u00e7in onlara her t\u00fcrl\u00fc deste\u011fi vermek bizim g\u00f6revimiz. ALJ ile yapt\u0131\u011f\u0131m\u0131z i\u015fbirli\u011fi sayesinde, onlar\u0131 desteklemek i\u00e7in bir yat\u0131r\u0131m fonu olu\u015fturduk. Bu, kendi fikirlerini geli\u015ftirmek ve kendi \u015firketlerini kurma hayallerinin pe\u015finden gitmek isteyen herkes i\u00e7in b\u00fcy\u00fck bir f\u0131rsat. Her ba\u015far\u0131 Sabanc\u0131 \u00dcniversitesi i\u00e7in bir kazan\u0131m olaca\u011f\u0131ndan, onlar\u0131n bu yolculu\u011funa katk\u0131da bulunmaya devam edece\u011fiz\u201d diye konu\u015ftu.<\/p>\n<\/blockquote>\n\n\n\n<p>Sabanc\u0131 Holding Strateji ve \u0130\u015f Geli\u015ftirme Grup Ba\u015fkan\u0131 G\u00f6khan Eyig\u00fcn, T\u00fcrkiye&#8217;de ve yurt d\u0131\u015f\u0131nda bir\u00e7ok derin teknoloji \u015firketine yap\u0131lan yat\u0131r\u0131mlar arac\u0131l\u0131\u011f\u0131yla derin teknoloji ekosisteminin \u00f6nemli bir destek\u00e7isi olduklar\u0131n\u0131n alt\u0131n\u0131 \u00e7izerek, \u201cBu ba\u011flamda Sabanc\u0131 Ventures\u2019\u0131n Sabanc\u0131 \u00dcniversitesi ve ALJ ile birlikte J-START Giri\u015fim Sermayesi Yat\u0131r\u0131m Fonu i\u00e7in i\u015f birli\u011fi yapmas\u0131ndan b\u00fcy\u00fck memnuniyet duyuyoruz. Bu fon, erken a\u015fama derin teknoloji yat\u0131r\u0131mlar\u0131 alan\u0131ndaki \u00f6nemli bir bo\u015flu\u011fu dolduracak. Sabanc\u0131 Grubu \u015firketlerimiz arac\u0131l\u0131\u011f\u0131yla sunulan ticari i\u015f birli\u011fi f\u0131rsatlar\u0131yla, \u00fclkemiz i\u00e7in \u00f6nemli bir de\u011fer yaratacaklar\u0131ndan ve k\u00fcresel \u00f6l\u00e7ekte b\u00fcy\u00fck ba\u015far\u0131lar elde edeceklerinden eminiz\u201d dedi.<\/p>\n\n\n\n<p>En y\u00fcksek akademik d\u00fczeyde yenilik\u00e7i derin teknoloji geli\u015ftirmeye y\u00f6nelik \u00e7al\u0131\u015fmalar ve titiz ara\u015ft\u0131rmalar, g\u00fcn\u00fcm\u00fcz\u00fcn teknoloji odakl\u0131 ekosisteminde hayati bir \u00f6neme sahip. Ara\u015ft\u0131rmalar\u0131n derinli\u011fi ise gelecekteki somut uygulamalar i\u00e7in f\u0131rsatlar sunulmas\u0131n\u0131 sa\u011fl\u0131yor. Yapay zeka, robotik, kuantum hesaplama, temiz enerji, nanoteknoloji ve \u00e7ok daha fazlas\u0131 arac\u0131l\u0131\u011f\u0131yla end\u00fcstrilerde devrim yaratma ve d\u00fcnyan\u0131n sorunlar\u0131n\u0131 \u00e7\u00f6zme f\u0131rsat\u0131, en parlak beyinler i\u00e7in itici g\u00fc\u00e7 olmaya devam ediyor.<\/p>\n\n\n\n<p>J-START Fonu, T\u00fcrkiye\u2019de kurulan start-up\u2019lara yat\u0131r\u0131m yapacak ve \u00fcniversitelerden \u00e7\u0131kan derin teknoloji start-up\u2019lar\u0131na \u00f6ncelik verecek. T\u00fcrkiye\u2019nin ilk teknoloji ticarile\u015ftirme \u015firketi olarak Sabanc\u0131 \u00dcniversitesi taraf\u0131ndan kurulan Inovent, fon i\u00e7in dan\u0131\u015fmanl\u0131k ve ke\u015fif hizmetleri sa\u011flayacak. Inovent taraf\u0131ndan sunulan \u00f6neri portf\u00f6y\u00fcnden se\u00e7ilecek start-up\u2019lara yat\u0131r\u0131m yap\u0131lmas\u0131na karar verecek olan Yat\u0131r\u0131m Komitesi\u2019nde ALJ\u2019den, Sabanc\u0131 Holding\u2019den ve Saban\u0131 \u00dcniversitesi\u2019nden den birer temsilci yer alacak.<\/p>\n","protected":false},"featured_media":4708,"menu_order":0,"template":"","class_list":["post-4709","pressrelease","type-pressrelease","status-publish","has-post-thumbnail","hentry"],"acf":[],"yoast_head":"<!-- This site is optimized with the Yoast SEO plugin v26.5 - https:\/\/yoast.com\/wordpress\/plugins\/seo\/ -->\n<title>ALJ ve Sabanc\u0131 Ventures, J-START Fonu ile T\u00fcrkiye\u2019de Teknoloji Giri\u015fimlerini Destekleyecek - Abdul Latif Jameel<\/title>\n<meta name=\"robots\" content=\"noindex, follow, max-snippet:-1, max-image-preview:large, max-video-preview:-1\" \/>\n<meta property=\"og:locale\" content=\"tr_TR\" \/>\n<meta property=\"og:type\" content=\"article\" \/>\n<meta property=\"og:title\" content=\"ALJ ve Sabanc\u0131 Ventures, J-START Fonu ile T\u00fcrkiye\u2019de Teknoloji Giri\u015fimlerini Destekleyecek - Abdul Latif Jameel\" \/>\n<meta property=\"og:description\" content=\"Uluslararas\u0131 alanda \u00e7e\u015fitli sekt\u00f6rlerde faaliyet g\u00f6steren yakla\u015f\u0131k 80 y\u0131ll\u0131k bir \u015firket olan ALJ, \u2018J-START\u2019 Giri\u015fim Sermayesi Yat\u0131r\u0131m Fonu\u2019nun lansman\u0131n\u0131 h\u0131zland\u0131rmak ad\u0131na Sabanc\u0131 Holding\u2019in giri\u015fim sermayesi \u015firketi Sabanc\u0131 Ventures ile stratejik bir i\u015fbirli\u011fine imza att\u0131. Yeni giri\u015fim sermayesi fonu inovasyonu te\u015fvik edecek ve T\u00fcrkiye\u2019deki erken a\u015fama teknoloji giri\u015fimlerini destekleyecek. J-START Fonu, akademik kurumlardan gelen derin teknoloji [&hellip;]\" \/>\n<meta property=\"og:url\" content=\"https:\/\/cms.alj3.clients.lemonhq.io\/tr\/news\/alj-and-sabanci-ventures-invest-in-turkish-tech-ecosystem-with-j-start-fund-2\/\" \/>\n<meta property=\"og:site_name\" content=\"Abdul Latif Jameel\" \/>\n<meta property=\"article:modified_time\" content=\"2026-04-09T10:45:04+00:00\" \/>\n<meta property=\"og:image\" content=\"https:\/\/media.alj3.clients.lemonhq.io\/wp-content\/uploads\/2024\/10\/Sabanci-University-SUCool-Opening-1-scaled-1.jpg\" \/>\n\t<meta property=\"og:image:width\" content=\"2560\" \/>\n\t<meta property=\"og:image:height\" content=\"1707\" \/>\n\t<meta property=\"og:image:type\" content=\"image\/jpeg\" \/>\n<meta name=\"twitter:card\" content=\"summary_large_image\" \/>\n<meta name=\"twitter:label1\" content=\"Tahmini okuma s\u00fcresi\" \/>\n\t<meta name=\"twitter:data1\" content=\"1 dakika\" \/>\n<script type=\"application\/ld+json\" class=\"yoast-schema-graph\">{\"@context\":\"https:\/\/schema.org\",\"@graph\":[{\"@type\":\"WebPage\",\"@id\":\"https:\/\/cms.alj3.clients.lemonhq.io\/tr\/news\/alj-and-sabanci-ventures-invest-in-turkish-tech-ecosystem-with-j-start-fund-2\/\",\"url\":\"https:\/\/cms.alj3.clients.lemonhq.io\/tr\/news\/alj-and-sabanci-ventures-invest-in-turkish-tech-ecosystem-with-j-start-fund-2\/\",\"name\":\"ALJ ve Sabanc\u0131 Ventures, J-START Fonu ile T\u00fcrkiye\u2019de Teknoloji Giri\u015fimlerini Destekleyecek - Abdul Latif Jameel\",\"isPartOf\":{\"@id\":\"https:\/\/10.0.2.222\/en\/#website\"},\"primaryImageOfPage\":{\"@id\":\"https:\/\/cms.alj3.clients.lemonhq.io\/tr\/news\/alj-and-sabanci-ventures-invest-in-turkish-tech-ecosystem-with-j-start-fund-2\/#primaryimage\"},\"image\":{\"@id\":\"https:\/\/cms.alj3.clients.lemonhq.io\/tr\/news\/alj-and-sabanci-ventures-invest-in-turkish-tech-ecosystem-with-j-start-fund-2\/#primaryimage\"},\"thumbnailUrl\":\"https:\/\/media.alj3.clients.lemonhq.io\/wp-content\/uploads\/2024\/10\/Sabanci-University-SUCool-Opening-1-scaled-1.jpg\",\"datePublished\":\"2024-10-07T12:18:11+00:00\",\"dateModified\":\"2026-04-09T10:45:04+00:00\",\"breadcrumb\":{\"@id\":\"https:\/\/cms.alj3.clients.lemonhq.io\/tr\/news\/alj-and-sabanci-ventures-invest-in-turkish-tech-ecosystem-with-j-start-fund-2\/#breadcrumb\"},\"inLanguage\":\"tr\",\"potentialAction\":[{\"@type\":\"ReadAction\",\"target\":[\"https:\/\/cms.alj3.clients.lemonhq.io\/tr\/news\/alj-and-sabanci-ventures-invest-in-turkish-tech-ecosystem-with-j-start-fund-2\/\"]}]},{\"@type\":\"ImageObject\",\"inLanguage\":\"tr\",\"@id\":\"https:\/\/cms.alj3.clients.lemonhq.io\/tr\/news\/alj-and-sabanci-ventures-invest-in-turkish-tech-ecosystem-with-j-start-fund-2\/#primaryimage\",\"url\":\"https:\/\/media.alj3.clients.lemonhq.io\/wp-content\/uploads\/2024\/10\/Sabanci-University-SUCool-Opening-1-scaled-1.jpg\",\"contentUrl\":\"https:\/\/media.alj3.clients.lemonhq.io\/wp-content\/uploads\/2024\/10\/Sabanci-University-SUCool-Opening-1-scaled-1.jpg\",\"width\":2560,\"height\":1707},{\"@type\":\"BreadcrumbList\",\"@id\":\"https:\/\/cms.alj3.clients.lemonhq.io\/tr\/news\/alj-and-sabanci-ventures-invest-in-turkish-tech-ecosystem-with-j-start-fund-2\/#breadcrumb\",\"itemListElement\":[{\"@type\":\"ListItem\",\"position\":1,\"name\":\"Home\",\"item\":\"https:\/\/10.0.2.222\/en\/\"},{\"@type\":\"ListItem\",\"position\":2,\"name\":\"ALJ ve Sabanc\u0131 Ventures, J-START Fonu ile T\u00fcrkiye\u2019de Teknoloji Giri\u015fimlerini Destekleyecek\"}]},{\"@type\":\"WebSite\",\"@id\":\"https:\/\/10.0.2.222\/en\/#website\",\"url\":\"https:\/\/10.0.2.222\/en\/\",\"name\":\"Abdul Latif Jameel\",\"description\":\"\",\"potentialAction\":[{\"@type\":\"SearchAction\",\"target\":{\"@type\":\"EntryPoint\",\"urlTemplate\":\"https:\/\/10.0.2.222\/en\/?s={search_term_string}\"},\"query-input\":{\"@type\":\"PropertyValueSpecification\",\"valueRequired\":true,\"valueName\":\"search_term_string\"}}],\"inLanguage\":\"tr\"}]}<\/script>\n<!-- \/ Yoast SEO plugin. -->","yoast_head_json":{"title":"ALJ ve Sabanc\u0131 Ventures, J-START Fonu ile T\u00fcrkiye\u2019de Teknoloji Giri\u015fimlerini Destekleyecek - Abdul Latif Jameel","robots":{"index":"noindex","follow":"follow","max-snippet":"max-snippet:-1","max-image-preview":"max-image-preview:large","max-video-preview":"max-video-preview:-1"},"og_locale":"tr_TR","og_type":"article","og_title":"ALJ ve Sabanc\u0131 Ventures, J-START Fonu ile T\u00fcrkiye\u2019de Teknoloji Giri\u015fimlerini Destekleyecek - Abdul Latif Jameel","og_description":"Uluslararas\u0131 alanda \u00e7e\u015fitli sekt\u00f6rlerde faaliyet g\u00f6steren yakla\u015f\u0131k 80 y\u0131ll\u0131k bir \u015firket olan ALJ, \u2018J-START\u2019 Giri\u015fim Sermayesi Yat\u0131r\u0131m Fonu\u2019nun lansman\u0131n\u0131 h\u0131zland\u0131rmak ad\u0131na Sabanc\u0131 Holding\u2019in giri\u015fim sermayesi \u015firketi Sabanc\u0131 Ventures ile stratejik bir i\u015fbirli\u011fine imza att\u0131. Yeni giri\u015fim sermayesi fonu inovasyonu te\u015fvik edecek ve T\u00fcrkiye\u2019deki erken a\u015fama teknoloji giri\u015fimlerini destekleyecek. J-START Fonu, akademik kurumlardan gelen derin teknoloji [&hellip;]","og_url":"https:\/\/cms.alj3.clients.lemonhq.io\/tr\/news\/alj-and-sabanci-ventures-invest-in-turkish-tech-ecosystem-with-j-start-fund-2\/","og_site_name":"Abdul Latif Jameel","article_modified_time":"2026-04-09T10:45:04+00:00","og_image":[{"width":2560,"height":1707,"url":"https:\/\/media.alj3.clients.lemonhq.io\/wp-content\/uploads\/2024\/10\/Sabanci-University-SUCool-Opening-1-scaled-1.jpg","type":"image\/jpeg"}],"twitter_card":"summary_large_image","twitter_misc":{"Tahmini okuma s\u00fcresi":"1 dakika"},"schema":{"@context":"https:\/\/schema.org","@graph":[{"@type":"WebPage","@id":"https:\/\/cms.alj3.clients.lemonhq.io\/tr\/news\/alj-and-sabanci-ventures-invest-in-turkish-tech-ecosystem-with-j-start-fund-2\/","url":"https:\/\/cms.alj3.clients.lemonhq.io\/tr\/news\/alj-and-sabanci-ventures-invest-in-turkish-tech-ecosystem-with-j-start-fund-2\/","name":"ALJ ve Sabanc\u0131 Ventures, J-START Fonu ile T\u00fcrkiye\u2019de Teknoloji Giri\u015fimlerini Destekleyecek - Abdul Latif Jameel","isPartOf":{"@id":"https:\/\/10.0.2.222\/en\/#website"},"primaryImageOfPage":{"@id":"https:\/\/cms.alj3.clients.lemonhq.io\/tr\/news\/alj-and-sabanci-ventures-invest-in-turkish-tech-ecosystem-with-j-start-fund-2\/#primaryimage"},"image":{"@id":"https:\/\/cms.alj3.clients.lemonhq.io\/tr\/news\/alj-and-sabanci-ventures-invest-in-turkish-tech-ecosystem-with-j-start-fund-2\/#primaryimage"},"thumbnailUrl":"https:\/\/media.alj3.clients.lemonhq.io\/wp-content\/uploads\/2024\/10\/Sabanci-University-SUCool-Opening-1-scaled-1.jpg","datePublished":"2024-10-07T12:18:11+00:00","dateModified":"2026-04-09T10:45:04+00:00","breadcrumb":{"@id":"https:\/\/cms.alj3.clients.lemonhq.io\/tr\/news\/alj-and-sabanci-ventures-invest-in-turkish-tech-ecosystem-with-j-start-fund-2\/#breadcrumb"},"inLanguage":"tr","potentialAction":[{"@type":"ReadAction","target":["https:\/\/cms.alj3.clients.lemonhq.io\/tr\/news\/alj-and-sabanci-ventures-invest-in-turkish-tech-ecosystem-with-j-start-fund-2\/"]}]},{"@type":"ImageObject","inLanguage":"tr","@id":"https:\/\/cms.alj3.clients.lemonhq.io\/tr\/news\/alj-and-sabanci-ventures-invest-in-turkish-tech-ecosystem-with-j-start-fund-2\/#primaryimage","url":"https:\/\/media.alj3.clients.lemonhq.io\/wp-content\/uploads\/2024\/10\/Sabanci-University-SUCool-Opening-1-scaled-1.jpg","contentUrl":"https:\/\/media.alj3.clients.lemonhq.io\/wp-content\/uploads\/2024\/10\/Sabanci-University-SUCool-Opening-1-scaled-1.jpg","width":2560,"height":1707},{"@type":"BreadcrumbList","@id":"https:\/\/cms.alj3.clients.lemonhq.io\/tr\/news\/alj-and-sabanci-ventures-invest-in-turkish-tech-ecosystem-with-j-start-fund-2\/#breadcrumb","itemListElement":[{"@type":"ListItem","position":1,"name":"Home","item":"https:\/\/10.0.2.222\/en\/"},{"@type":"ListItem","position":2,"name":"ALJ ve Sabanc\u0131 Ventures, J-START Fonu ile T\u00fcrkiye\u2019de Teknoloji Giri\u015fimlerini Destekleyecek"}]},{"@type":"WebSite","@id":"https:\/\/10.0.2.222\/en\/#website","url":"https:\/\/10.0.2.222\/en\/","name":"Abdul Latif Jameel","description":"","potentialAction":[{"@type":"SearchAction","target":{"@type":"EntryPoint","urlTemplate":"https:\/\/10.0.2.222\/en\/?s={search_term_string}"},"query-input":{"@type":"PropertyValueSpecification","valueRequired":true,"valueName":"search_term_string"}}],"inLanguage":"tr"}]}},"post-meta-fields":{"_published_date":["field_6057129b493f5"],"published_date":["20241003"],"_location":["field_601267396ce72"],"location":["Istanbul, T\u00fcrkiye"],"_featured":["field_601a3b473c5c5"],"featured":["1"],"_footnotes":["field_66fd39afb9383"],"footnotes":[""],"_business_sector":["field_66f6b5bcac8cb"],"business_sector":["\u015eirket"],"_content_series":["field_66fe3c439f8f6"],"content_series":[""],"_old_post_id":["field_66fe3fd59f8f7"],"old_post_id":["118417"],"_short_title":["field_60925d67125ef"],"short_title":["J-START Fonu ile T\u00fcrkiye\u2019de Teknoloji Giri\u015fimlerini Destekleyecek"],"_summary":["field_6019304103a20"],"summary":["Uluslararas\u0131 alanda \u00e7e\u015fitli sekt\u00f6rlerde faaliyet g\u00f6steren yakla\u015f\u0131k 80 y\u0131ll\u0131k bir \u015firket olan ALJ, \u2018J-START\u2019 Giri\u015fim Sermayesi Yat\u0131r\u0131m Fonu\u2019nun lansman\u0131n\u0131 h\u0131zland\u0131rmak ad\u0131na Sabanc\u0131 Holding\u2019in giri\u015fim sermayesi \u015firketi Sabanc\u0131 Ventures ile stratejik bir i\u015fbirli\u011fine imza att\u0131."],"_mobile_featured_image":["field_66f6b4bee65f3"],"mobile_featured_image":["https:\/\/media.alj3.clients.lemonhq.io\/wp-content\/uploads\/2024\/10\/Sabanci-University-SUCool-Opening-1-scaled-1.jpg"],"_push_notification":["field_66f6b47de65f1"],"push_notification":[""],"_publish_mobile":["field_66f6b491e65f2"],"publish_mobile":["0"],"_status":["field_652694983fe12"],"status":["publish"],"_thumbnail_id":["4708"],"_wp_page_template":["default"],"_last_translation_edit_mode":["native-editor"],"_oembed_24910dd3b0098ef95f9b81260200b401":["<iframe title=\"ALJ Holding-T\u00fcrkiye , Sabanci Universitesi &amp; Sabanci Ventures Announce J Start Fund (TR VO Subs)\" width=\"500\" height=\"281\" src=\"https:\/\/www.youtube.com\/embed\/kECCfPsA7kA?feature=oembed\" frameborder=\"0\" allow=\"accelerometer; autoplay; clipboard-write; encrypted-media; gyroscope; picture-in-picture; web-share\" referrerpolicy=\"strict-origin-when-cross-origin\" allowfullscreen><\/iframe>"],"_oembed_time_24910dd3b0098ef95f9b81260200b401":["1729092075"],"_edit_lock":["1775731375:4"],"_yoast_wpseo_primary_category":["14276"],"select_category":["international"],"_edit_last":["4"],"_select_category":["field_6937c5cade1ee"],"_ame_cpe_post_policy":["{\"accessProtection\":{\"active\":\"replace\"}}"],"_wpml_media_duplicate":["1"],"_wpml_media_featured":["1"],"_yoast_wpseo_content_score":["90"],"_yoast_wpseo_estimated-reading-time-minutes":["1"]},"_links":{"self":[{"href":"https:\/\/cms.alj3.clients.lemonhq.io\/tr\/wp-json\/wp\/v2\/pressrelease\/4709","targetHints":{"allow":["GET"]}}],"collection":[{"href":"https:\/\/cms.alj3.clients.lemonhq.io\/tr\/wp-json\/wp\/v2\/pressrelease"}],"about":[{"href":"https:\/\/cms.alj3.clients.lemonhq.io\/tr\/wp-json\/wp\/v2\/types\/pressrelease"}],"wp:featuredmedia":[{"embeddable":true,"href":"https:\/\/cms.alj3.clients.lemonhq.io\/tr\/wp-json\/wp\/v2\/media\/4708"}],"wp:attachment":[{"href":"https:\/\/cms.alj3.clients.lemonhq.io\/tr\/wp-json\/wp\/v2\/media?parent=4709"}],"curies":[{"name":"wp","href":"https:\/\/api.w.org\/{rel}","templated":true}]}}