{"id":4429,"date":"1970-01-01T00:00:00","date_gmt":"1970-01-01T00:00:00","guid":{"rendered":"https:\/\/cms.alj3.clients.lemonhq.io\/?post_type=pressrelease&#038;p=4429"},"modified":"2026-04-24T14:01:06","modified_gmt":"2026-04-24T14:01:06","slug":"dunyanin-en-buyuk-elektrikli-arac-ureticisi-byd-alj-turkiye-ile-turkiye-pazarina-giris-yapacak","status":"publish","type":"pressrelease","link":"https:\/\/cms.alj3.clients.lemonhq.io\/tr\/news\/dunyanin-en-buyuk-elektrikli-arac-ureticisi-byd-alj-turkiye-ile-turkiye-pazarina-giris-yapacak\/","title":{"rendered":"D\u00fcnyan\u0131n en b\u00fcy\u00fck elektrikli ara\u00e7 \u00fcreticisi BYD,  ALJ T\u00fcrkiye ile T\u00fcrkiye pazar\u0131na giri\u015f yapacak"},"content":{"rendered":"\n<p>D\u00fcnyan\u0131n lider elektrikli ara\u00e7 ve batarya \u00fcreticisi <a href=\"https:\/\/www.byd.com\/us\" target=\"_blank\" rel=\"noopener\">BYD (Build Your Dreams)<\/a> ve <a href=\"https:\/\/media.alj.com\/tr\/\" target=\"_blank\" rel=\"noopener\">ALJ T\u00fcrkiye<\/a>, BYD\u2019nin elektrikli binek ve ticari modellerinin T\u00fcrkiye distrib\u00fct\u00f6rl\u00fc\u011f\u00fc i\u00e7in niyet mektubu imzalad\u0131.<\/p>\n\n\n\n<p>14 y\u0131ld\u0131r <a href=\"https:\/\/www.toyota.com.tr\/\" target=\"_blank\" rel=\"noopener\">Toyota<\/a>, 2016\u2019dan bu yana <a href=\"https:\/\/www.lexus.com.tr\/\" target=\"_blank\" rel=\"noopener\">Lexus<\/a>\u2019un T\u00fcrkiye distrib\u00fct\u00f6rl\u00fck faaliyetlerini y\u00fcr\u00fcten ve tam 25 y\u0131ld\u0131r T\u00fcrkiye otomotiv sekt\u00f6r\u00fcne yat\u0131r\u0131m yapan ALJ T\u00fcrkiye, bu anla\u015fmayla birlikte BYD markas\u0131n\u0131n yenilik\u00e7i ve \u00e7evre dostu elektrikli ara\u00e7lar\u0131n\u0131n sat\u0131\u015f ve sat\u0131\u015f sonras\u0131 hizmetlerini ger\u00e7ekle\u015ftirecek.<\/p>\n\n\n<div class=\"wp-block-image\">\n<figure class=\"aligncenter\"><img decoding=\"async\" src=\"https:\/\/media.alj3.clients.lemonhq.io\/wp-content\/uploads\/2024\/10\/Blue-outdoor-12-1.jpg\" alt=\"BYD outdoor - ALJ Turkey\" class=\"wp-image-106364\"\/><\/figure>\n<\/div>\n\n\n<p><\/p>\n\n\n\n<p>BYD, yeni elektirkli \u00fcr\u00fcn gam\u0131ndaki premium dizayn, y\u00fcksek kalite anlay\u0131\u015f\u0131 ile beraber yenilik\u00e7i ve sekt\u00f6rde devrim niteli\u011findeki, y\u00fcksek g\u00fcvenlik, menzil ve performans\u0131 bir arada sunan \u201cblade batarya\u201d teknolojisi ile \u015fu ana kadar global 3.5milyondan fazla ara\u00e7 sat\u0131\u015f\u0131na ula\u015fm\u0131\u015f durumda. BYD, kendi aktarma organlar\u0131 sistemlerini, bataryalar\u0131n\u0131, otomotiv yar\u0131 iletkenlerini, elektrik motorlar\u0131n\u0131 ve motor kontrol sistemlerini geli\u015ftiren d\u00fcnyadaki tek elektrikli ara\u00e7 \u00fcreticisidir.<\/p>\n\n\n\n<p>BYD Avrupa Genel M\u00fcd\u00fcr\u00fc ve BYD Uluslararas\u0131 \u0130\u015fbirli\u011fi B\u00f6l\u00fcm\u00fc Ba\u015fkan\u0131 Michael Shu, BYD\u2019nin y\u00fcksek teknolojiye sahip \u00fcr\u00fcn yelpazesini, T\u00fcrk t\u00fcketicilerinin be\u011fenisine sunacak olmaktan b\u00fcy\u00fck bir heyecan duyduklar\u0131n\u0131 belirterek,<\/p>\n\n\n\n<blockquote class=\"wp-block-quote is-layout-flow wp-block-quote-is-layout-flow\">\n<p>\u201cT\u00fcrkiye pazar\u0131n\u0131n potansiyeline inan\u0131yoruz ve d\u00fcnya lideri teknolojilerine sahip BYD modellerini, otomotiv sekt\u00f6r\u00fcnde ba\u015far\u0131l\u0131 sonu\u00e7lara imza atan ALJ T\u00fcrkiye ile koordinasyon i\u00e7erisinde sunacak olmaktan b\u00fcy\u00fck heyecan duyuyoruz.\u201d dedi.<\/p>\n\n\n\n<p>\u201cBYD, ALJ\u2019nin k\u00f6kl\u00fc deneyimi ile T\u00fcrkiye\u2019de \u00f6nemli bir konuma sahip olacak\u201d<\/p>\n<\/blockquote>\n\n\n\n<p>ALJ T\u00fcrkiye Ba\u015fkan\u0131 ve CEO\u2019su <a href=\"https:\/\/media.alj.com\/tr\/our-people\/ali-haydar-bozkurt\/\" target=\"_blank\" rel=\"noopener\">Ali Haydar Bozkurt<\/a> ise, son 25 y\u0131ld\u0131r T\u00fcrkiye otomotiv sekt\u00f6r\u00fcne \u00f6nemli yat\u0131r\u0131mlar yapan ALJ T\u00fcrkiye\u2019nin BYD distrib\u00fct\u00f6rl\u00fc\u011f\u00fcyle yeni bir yat\u0131r\u0131ma daha imza att\u0131\u011f\u0131n\u0131 belirterek,<\/p>\n\n\n\n<blockquote class=\"wp-block-quote is-layout-flow wp-block-quote-is-layout-flow\">\n<p>\u201cALJ T\u00fcrkiye olarak d\u00fcnyan\u0131n lider elektrikli ara\u00e7 ve batarya \u00fcreticisi BYD\u2019nin son elektrikli teknolojisine sahip modellerini T\u00fcrkiye pazar\u0131na ilk kez sunacak olman\u0131n heyecan\u0131n\u0131 ya\u015f\u0131yoruz. ALJ\u2019nin otomotiv distrib\u00fct\u00f6rl\u00fc\u011f\u00fc konusundaki k\u00f6kl\u00fc deneyimi ve y\u00fcksek itibar\u0131, BYD markas\u0131n\u0131n da T\u00fcrkiye pazar\u0131nda \u00f6nemli bir konuma sahip olmas\u0131na b\u00fcy\u00fck katk\u0131 sa\u011flayacak. BYD\u2019nin elektrikli modellerinin, T\u00fcrkiye\u2019deki otomobil tutkunlar\u0131 taraf\u0131ndan b\u00fcy\u00fck be\u011feni toplayaca\u011f\u0131ndan eminiz\u201d dedi.<\/p>\n<\/blockquote>\n","protected":false},"featured_media":4430,"menu_order":0,"template":"","class_list":["post-4429","pressrelease","type-pressrelease","status-publish","has-post-thumbnail","hentry"],"acf":[],"yoast_head":"<!-- This site is optimized with the Yoast SEO plugin v26.5 - https:\/\/yoast.com\/wordpress\/plugins\/seo\/ -->\n<title>D\u00fcnyan\u0131n en b\u00fcy\u00fck elektrikli ara\u00e7 \u00fcreticisi BYD, ALJ T\u00fcrkiye ile T\u00fcrkiye pazar\u0131na giri\u015f yapacak - Abdul Latif Jameel<\/title>\n<meta name=\"robots\" content=\"noindex, follow, max-snippet:-1, max-image-preview:large, max-video-preview:-1\" \/>\n<meta property=\"og:locale\" content=\"tr_TR\" \/>\n<meta property=\"og:type\" content=\"article\" \/>\n<meta property=\"og:title\" content=\"D\u00fcnyan\u0131n en b\u00fcy\u00fck elektrikli ara\u00e7 \u00fcreticisi BYD, ALJ T\u00fcrkiye ile T\u00fcrkiye pazar\u0131na giri\u015f yapacak - Abdul Latif Jameel\" \/>\n<meta property=\"og:description\" content=\"D\u00fcnyan\u0131n lider elektrikli ara\u00e7 ve batarya \u00fcreticisi BYD (Build Your Dreams) ve ALJ T\u00fcrkiye, BYD\u2019nin elektrikli binek ve ticari modellerinin T\u00fcrkiye distrib\u00fct\u00f6rl\u00fc\u011f\u00fc i\u00e7in niyet mektubu imzalad\u0131. 14 y\u0131ld\u0131r Toyota, 2016\u2019dan bu yana Lexus\u2019un T\u00fcrkiye distrib\u00fct\u00f6rl\u00fck faaliyetlerini y\u00fcr\u00fcten ve tam 25 y\u0131ld\u0131r T\u00fcrkiye otomotiv sekt\u00f6r\u00fcne yat\u0131r\u0131m yapan ALJ T\u00fcrkiye, bu anla\u015fmayla birlikte BYD markas\u0131n\u0131n yenilik\u00e7i ve [&hellip;]\" \/>\n<meta property=\"og:url\" content=\"https:\/\/cms.alj3.clients.lemonhq.io\/tr\/news\/dunyanin-en-buyuk-elektrikli-arac-ureticisi-byd-alj-turkiye-ile-turkiye-pazarina-giris-yapacak\/\" \/>\n<meta property=\"og:site_name\" content=\"Abdul Latif Jameel\" \/>\n<meta property=\"article:modified_time\" content=\"2026-04-24T14:01:06+00:00\" \/>\n<meta property=\"og:image\" content=\"https:\/\/media.alj3.clients.lemonhq.io\/wp-content\/uploads\/2024\/10\/Product-Line-up-1-scaled-1.jpg\" \/>\n\t<meta property=\"og:image:width\" content=\"2560\" \/>\n\t<meta property=\"og:image:height\" content=\"1442\" \/>\n\t<meta property=\"og:image:type\" content=\"image\/jpeg\" \/>\n<meta name=\"twitter:card\" content=\"summary_large_image\" \/>\n<meta name=\"twitter:label1\" content=\"Tahmini okuma s\u00fcresi\" \/>\n\t<meta name=\"twitter:data1\" content=\"2 dakika\" \/>\n<script type=\"application\/ld+json\" class=\"yoast-schema-graph\">{\"@context\":\"https:\/\/schema.org\",\"@graph\":[{\"@type\":\"WebPage\",\"@id\":\"https:\/\/cms.alj3.clients.lemonhq.io\/tr\/news\/dunyanin-en-buyuk-elektrikli-arac-ureticisi-byd-alj-turkiye-ile-turkiye-pazarina-giris-yapacak\/\",\"url\":\"https:\/\/cms.alj3.clients.lemonhq.io\/tr\/news\/dunyanin-en-buyuk-elektrikli-arac-ureticisi-byd-alj-turkiye-ile-turkiye-pazarina-giris-yapacak\/\",\"name\":\"D\u00fcnyan\u0131n en b\u00fcy\u00fck elektrikli ara\u00e7 \u00fcreticisi BYD, ALJ T\u00fcrkiye ile T\u00fcrkiye pazar\u0131na giri\u015f yapacak - Abdul Latif Jameel\",\"isPartOf\":{\"@id\":\"https:\/\/10.0.2.222\/en\/#website\"},\"primaryImageOfPage\":{\"@id\":\"https:\/\/cms.alj3.clients.lemonhq.io\/tr\/news\/dunyanin-en-buyuk-elektrikli-arac-ureticisi-byd-alj-turkiye-ile-turkiye-pazarina-giris-yapacak\/#primaryimage\"},\"image\":{\"@id\":\"https:\/\/cms.alj3.clients.lemonhq.io\/tr\/news\/dunyanin-en-buyuk-elektrikli-arac-ureticisi-byd-alj-turkiye-ile-turkiye-pazarina-giris-yapacak\/#primaryimage\"},\"thumbnailUrl\":\"https:\/\/media.alj3.clients.lemonhq.io\/wp-content\/uploads\/2024\/10\/Product-Line-up-1-scaled-1.jpg\",\"datePublished\":\"1970-01-01T00:00:00+00:00\",\"dateModified\":\"2026-04-24T14:01:06+00:00\",\"breadcrumb\":{\"@id\":\"https:\/\/cms.alj3.clients.lemonhq.io\/tr\/news\/dunyanin-en-buyuk-elektrikli-arac-ureticisi-byd-alj-turkiye-ile-turkiye-pazarina-giris-yapacak\/#breadcrumb\"},\"inLanguage\":\"tr\",\"potentialAction\":[{\"@type\":\"ReadAction\",\"target\":[\"https:\/\/cms.alj3.clients.lemonhq.io\/tr\/news\/dunyanin-en-buyuk-elektrikli-arac-ureticisi-byd-alj-turkiye-ile-turkiye-pazarina-giris-yapacak\/\"]}]},{\"@type\":\"ImageObject\",\"inLanguage\":\"tr\",\"@id\":\"https:\/\/cms.alj3.clients.lemonhq.io\/tr\/news\/dunyanin-en-buyuk-elektrikli-arac-ureticisi-byd-alj-turkiye-ile-turkiye-pazarina-giris-yapacak\/#primaryimage\",\"url\":\"https:\/\/media.alj3.clients.lemonhq.io\/wp-content\/uploads\/2024\/10\/Product-Line-up-1-scaled-1.jpg\",\"contentUrl\":\"https:\/\/media.alj3.clients.lemonhq.io\/wp-content\/uploads\/2024\/10\/Product-Line-up-1-scaled-1.jpg\",\"width\":2560,\"height\":1442},{\"@type\":\"BreadcrumbList\",\"@id\":\"https:\/\/cms.alj3.clients.lemonhq.io\/tr\/news\/dunyanin-en-buyuk-elektrikli-arac-ureticisi-byd-alj-turkiye-ile-turkiye-pazarina-giris-yapacak\/#breadcrumb\",\"itemListElement\":[{\"@type\":\"ListItem\",\"position\":1,\"name\":\"Home\",\"item\":\"https:\/\/10.0.2.222\/en\/\"},{\"@type\":\"ListItem\",\"position\":2,\"name\":\"D\u00fcnyan\u0131n en b\u00fcy\u00fck elektrikli ara\u00e7 \u00fcreticisi BYD, ALJ T\u00fcrkiye ile T\u00fcrkiye pazar\u0131na giri\u015f yapacak\"}]},{\"@type\":\"WebSite\",\"@id\":\"https:\/\/10.0.2.222\/en\/#website\",\"url\":\"https:\/\/10.0.2.222\/en\/\",\"name\":\"Abdul Latif Jameel\",\"description\":\"\",\"potentialAction\":[{\"@type\":\"SearchAction\",\"target\":{\"@type\":\"EntryPoint\",\"urlTemplate\":\"https:\/\/10.0.2.222\/en\/?s={search_term_string}\"},\"query-input\":{\"@type\":\"PropertyValueSpecification\",\"valueRequired\":true,\"valueName\":\"search_term_string\"}}],\"inLanguage\":\"tr\"}]}<\/script>\n<!-- \/ Yoast SEO plugin. -->","yoast_head_json":{"title":"D\u00fcnyan\u0131n en b\u00fcy\u00fck elektrikli ara\u00e7 \u00fcreticisi BYD, ALJ T\u00fcrkiye ile T\u00fcrkiye pazar\u0131na giri\u015f yapacak - Abdul Latif Jameel","robots":{"index":"noindex","follow":"follow","max-snippet":"max-snippet:-1","max-image-preview":"max-image-preview:large","max-video-preview":"max-video-preview:-1"},"og_locale":"tr_TR","og_type":"article","og_title":"D\u00fcnyan\u0131n en b\u00fcy\u00fck elektrikli ara\u00e7 \u00fcreticisi BYD, ALJ T\u00fcrkiye ile T\u00fcrkiye pazar\u0131na giri\u015f yapacak - Abdul Latif Jameel","og_description":"D\u00fcnyan\u0131n lider elektrikli ara\u00e7 ve batarya \u00fcreticisi BYD (Build Your Dreams) ve ALJ T\u00fcrkiye, BYD\u2019nin elektrikli binek ve ticari modellerinin T\u00fcrkiye distrib\u00fct\u00f6rl\u00fc\u011f\u00fc i\u00e7in niyet mektubu imzalad\u0131. 14 y\u0131ld\u0131r Toyota, 2016\u2019dan bu yana Lexus\u2019un T\u00fcrkiye distrib\u00fct\u00f6rl\u00fck faaliyetlerini y\u00fcr\u00fcten ve tam 25 y\u0131ld\u0131r T\u00fcrkiye otomotiv sekt\u00f6r\u00fcne yat\u0131r\u0131m yapan ALJ T\u00fcrkiye, bu anla\u015fmayla birlikte BYD markas\u0131n\u0131n yenilik\u00e7i ve [&hellip;]","og_url":"https:\/\/cms.alj3.clients.lemonhq.io\/tr\/news\/dunyanin-en-buyuk-elektrikli-arac-ureticisi-byd-alj-turkiye-ile-turkiye-pazarina-giris-yapacak\/","og_site_name":"Abdul Latif Jameel","article_modified_time":"2026-04-24T14:01:06+00:00","og_image":[{"width":2560,"height":1442,"url":"https:\/\/media.alj3.clients.lemonhq.io\/wp-content\/uploads\/2024\/10\/Product-Line-up-1-scaled-1.jpg","type":"image\/jpeg"}],"twitter_card":"summary_large_image","twitter_misc":{"Tahmini okuma s\u00fcresi":"2 dakika"},"schema":{"@context":"https:\/\/schema.org","@graph":[{"@type":"WebPage","@id":"https:\/\/cms.alj3.clients.lemonhq.io\/tr\/news\/dunyanin-en-buyuk-elektrikli-arac-ureticisi-byd-alj-turkiye-ile-turkiye-pazarina-giris-yapacak\/","url":"https:\/\/cms.alj3.clients.lemonhq.io\/tr\/news\/dunyanin-en-buyuk-elektrikli-arac-ureticisi-byd-alj-turkiye-ile-turkiye-pazarina-giris-yapacak\/","name":"D\u00fcnyan\u0131n en b\u00fcy\u00fck elektrikli ara\u00e7 \u00fcreticisi BYD, ALJ T\u00fcrkiye ile T\u00fcrkiye pazar\u0131na giri\u015f yapacak - Abdul Latif Jameel","isPartOf":{"@id":"https:\/\/10.0.2.222\/en\/#website"},"primaryImageOfPage":{"@id":"https:\/\/cms.alj3.clients.lemonhq.io\/tr\/news\/dunyanin-en-buyuk-elektrikli-arac-ureticisi-byd-alj-turkiye-ile-turkiye-pazarina-giris-yapacak\/#primaryimage"},"image":{"@id":"https:\/\/cms.alj3.clients.lemonhq.io\/tr\/news\/dunyanin-en-buyuk-elektrikli-arac-ureticisi-byd-alj-turkiye-ile-turkiye-pazarina-giris-yapacak\/#primaryimage"},"thumbnailUrl":"https:\/\/media.alj3.clients.lemonhq.io\/wp-content\/uploads\/2024\/10\/Product-Line-up-1-scaled-1.jpg","datePublished":"1970-01-01T00:00:00+00:00","dateModified":"2026-04-24T14:01:06+00:00","breadcrumb":{"@id":"https:\/\/cms.alj3.clients.lemonhq.io\/tr\/news\/dunyanin-en-buyuk-elektrikli-arac-ureticisi-byd-alj-turkiye-ile-turkiye-pazarina-giris-yapacak\/#breadcrumb"},"inLanguage":"tr","potentialAction":[{"@type":"ReadAction","target":["https:\/\/cms.alj3.clients.lemonhq.io\/tr\/news\/dunyanin-en-buyuk-elektrikli-arac-ureticisi-byd-alj-turkiye-ile-turkiye-pazarina-giris-yapacak\/"]}]},{"@type":"ImageObject","inLanguage":"tr","@id":"https:\/\/cms.alj3.clients.lemonhq.io\/tr\/news\/dunyanin-en-buyuk-elektrikli-arac-ureticisi-byd-alj-turkiye-ile-turkiye-pazarina-giris-yapacak\/#primaryimage","url":"https:\/\/media.alj3.clients.lemonhq.io\/wp-content\/uploads\/2024\/10\/Product-Line-up-1-scaled-1.jpg","contentUrl":"https:\/\/media.alj3.clients.lemonhq.io\/wp-content\/uploads\/2024\/10\/Product-Line-up-1-scaled-1.jpg","width":2560,"height":1442},{"@type":"BreadcrumbList","@id":"https:\/\/cms.alj3.clients.lemonhq.io\/tr\/news\/dunyanin-en-buyuk-elektrikli-arac-ureticisi-byd-alj-turkiye-ile-turkiye-pazarina-giris-yapacak\/#breadcrumb","itemListElement":[{"@type":"ListItem","position":1,"name":"Home","item":"https:\/\/10.0.2.222\/en\/"},{"@type":"ListItem","position":2,"name":"D\u00fcnyan\u0131n en b\u00fcy\u00fck elektrikli ara\u00e7 \u00fcreticisi BYD, ALJ T\u00fcrkiye ile T\u00fcrkiye pazar\u0131na giri\u015f yapacak"}]},{"@type":"WebSite","@id":"https:\/\/10.0.2.222\/en\/#website","url":"https:\/\/10.0.2.222\/en\/","name":"Abdul Latif Jameel","description":"","potentialAction":[{"@type":"SearchAction","target":{"@type":"EntryPoint","urlTemplate":"https:\/\/10.0.2.222\/en\/?s={search_term_string}"},"query-input":{"@type":"PropertyValueSpecification","valueRequired":true,"valueName":"search_term_string"}}],"inLanguage":"tr"}]}},"post-meta-fields":{"_published_date":["field_6057129b493f5"],"published_date":["20230301"],"_location":["field_601267396ce72"],"location":["\u0130stanbul, T\u00fcrkiye"],"_featured":["field_601a3b473c5c5"],"featured":[""],"_footnotes":["field_66fd39afb9383"],"footnotes":[""],"_business_sector":["field_66f6b5bcac8cb"],"business_sector":["Ula\u015f\u0131m"],"_content_series":["field_66fe3c439f8f6"],"content_series":[""],"_old_post_id":["field_66fe3fd59f8f7"],"old_post_id":["106373"],"_short_title":["field_60925d67125ef"],"short_title":["BYD in Turkish market entry with ALJ Turkey"],"_summary":["field_6019304103a20"],"summary":["D\u00fcnyan\u0131n en b\u00fcy\u00fck elektrikli ara\u00e7 \u00fcreticisi BYD, ALJ T\u00fcrkiye ile T\u00fcrkiye pazar\u0131na giri\u015f yapacak"],"_mobile_featured_image":["field_66f6b4bee65f3"],"mobile_featured_image":["https:\/\/media.alj3.clients.lemonhq.io\/wp-content\/uploads\/2024\/10\/Product-Line-up-1-scaled-1.jpg"],"_push_notification":["field_66f6b47de65f1"],"push_notification":[""],"_publish_mobile":["field_66f6b491e65f2"],"publish_mobile":[""],"_status":["field_652694983fe12"],"status":["private"],"_thumbnail_id":["4430"],"_wp_page_template":["default"],"_wpml_word_count":["{\"total\":313,\"to_translate\":{\"ar\":313,\"zh-hans\":313,\"en\":313,\"fr\":313,\"ja\":313,\"es\":313}}"],"_wpml_location_migration_done":["1"]},"_links":{"self":[{"href":"https:\/\/cms.alj3.clients.lemonhq.io\/tr\/wp-json\/wp\/v2\/pressrelease\/4429","targetHints":{"allow":["GET"]}}],"collection":[{"href":"https:\/\/cms.alj3.clients.lemonhq.io\/tr\/wp-json\/wp\/v2\/pressrelease"}],"about":[{"href":"https:\/\/cms.alj3.clients.lemonhq.io\/tr\/wp-json\/wp\/v2\/types\/pressrelease"}],"wp:featuredmedia":[{"embeddable":true,"href":"https:\/\/cms.alj3.clients.lemonhq.io\/tr\/wp-json\/wp\/v2\/media\/4430"}],"wp:attachment":[{"href":"https:\/\/cms.alj3.clients.lemonhq.io\/tr\/wp-json\/wp\/v2\/media?parent=4429"}],"curies":[{"name":"wp","href":"https:\/\/api.w.org\/{rel}","templated":true}]}}