{"id":4335,"date":"2022-11-07T08:10:56","date_gmt":"2022-11-07T08:10:56","guid":{"rendered":"https:\/\/cms.alj3.clients.lemonhq.io\/press-release\/abdul-latif-jameel-partners-with-voluntary-carbon-market-to-help-drive-global-net-zero-ambitions-6\/"},"modified":"2024-10-17T07:02:28","modified_gmt":"2024-10-17T07:02:28","slug":"abdul-latif-jameel-partners-with-voluntary-carbon-market-to-help-drive-global-net-zero-ambitions-6","status":"publish","type":"pressrelease","link":"https:\/\/cms.alj3.clients.lemonhq.io\/tr\/news\/abdul-latif-jameel-partners-with-voluntary-carbon-market-to-help-drive-global-net-zero-ambitions-6\/","title":{"rendered":"Abdul Latif Jameel, k\u00fcresel net s\u0131f\u0131r hedeflerine ula\u015fmaya yard\u0131mc\u0131 olmak i\u00e7in G\u00f6n\u00fcll\u00fc Karbon Piyasas\u0131 ile i\u015f birli\u011fi yap\u0131yor"},"content":{"rendered":"\n<ul class=\"wp-block-list\">\n<li>Abdul Latif Jameel participated in the carbon credits auction of the Voluntary Carbon Market initiative, the largest of its kind globally<\/li>\n\n\n\n<li>The auction offered high-quality CORSIA-compliant and Verra-registered carbon credits to support regional businesses in reducing global carbon emissions<\/li>\n\n\n\n<li>The auction marks a major milestone in Abdul Latif Jameel\u2019s mission to tackle climate change regionally and internationally<\/li>\n<\/ul>\n\n<p>Globally diversified operator and investor Abdul Latif Jameel, participated in the carbon credits auction at the regional Voluntary Carbon Market initiative, held on the first day of the 6th Edition of the <a href=\"https:\/\/fii-institute.org\/\" target=\"_blank\" rel=\"noopener\">Future Investment Initiative<\/a> in Riyadh<a href=\"#_ftn1\" name=\"_ftnref1\">[1]<\/a>.\u00a0 At the auction, 15 Saudi and regional entities purchased a combined 1.4 million tons of carbon credits, making this auction the largest of its kind globally.<\/p>\n\n<p>By participating in this auction, the Jameel family drive their long-term mission to contribute to the global green agenda and build on their work with leading renewable energy solutions developer, <a href=\"https:\/\/frv.com\/en\/\" target=\"_blank\" rel=\"noopener\">Fotowatio Renewable Ventures<\/a> (FRV), and Abdul Latif Jameel Energy\u2019s dedicated water solutions unit, <a href=\"https:\/\/almarwater.com\/\" target=\"_blank\" rel=\"noopener\">Almar Water Solutions<\/a>, in driving sustainable development regionally and internationally.<\/p>\n\n<p><a href=\"https:\/\/media.alj.com\/en\/our-people\/fady-jameel\/\">Fady Jameel<\/a>, Deputy President and Vice Chairman of Abdul Latif Jameel, said:<\/p>\n\n<blockquote class=\"wp-block-quote is-layout-flow wp-block-quote-is-layout-flow\">\n<p><em>\u201cWe are honored to be a partner of the Voluntary Carbon Market, which will play a major role in helping the region achieve its net-zero carbon ambitions and aligns with Saudi Arabia\u2019s Vision 2030. Our participation in this decarbonization initiative will help unlock the region&#8217;s potential as a key player in securing a cleaner future for all, and we also hope it will encourage more private sector businesses to participate in the future.\u201d<\/em><\/p>\n<\/blockquote>\n<div class=\"wp-block-image size-medium wp-image-103762\">\n<figure class=\"alignleft\"><img decoding=\"async\" src=\"https:\/\/media.alj3.clients.lemonhq.io\/wp-content\/uploads\/2024\/10\/Fady-Jameel-VCM-PIF-signing.jpg\" alt=\"Fady Jameel VCM PIF signing\" class=\"wp-image-103762\"\/><figcaption class=\"wp-element-caption\">Fady Jameel at the Voluntary Carbon Market signing at the 6th edition of the Future Investment Initiative in Riyadh<\/figcaption><\/figure>\n<\/div>\n<p>The auction offered high-quality CORSIA-compliant and Verra-registered carbon credits to support businesses operating in a diverse range of industries in the region as they play their part in the global transition to net zero.<\/p>\n\n<p>The Voluntary Carbon Market initiative is a continuation of the <a href=\"https:\/\/www.pif.gov.sa\/\" target=\"_blank\" rel=\"noopener\">Public Investment Fund<\/a>\u2019s (PIF) efforts to support Saudi Arabia\u2019s green agenda and follows previous announcements by the Fund, including the completion of its USD 3 billion inaugural green bond.<\/p>\n\n<p>\u00a0<\/p>\n","protected":false},"featured_media":4308,"menu_order":0,"template":"","class_list":["post-4335","pressrelease","type-pressrelease","status-publish","has-post-thumbnail","hentry"],"acf":[],"yoast_head":"<!-- This site is optimized with the Yoast SEO plugin v26.5 - https:\/\/yoast.com\/wordpress\/plugins\/seo\/ -->\n<title>Abdul Latif Jameel, k\u00fcresel net s\u0131f\u0131r hedeflerine ula\u015fmaya yard\u0131mc\u0131 olmak i\u00e7in G\u00f6n\u00fcll\u00fc Karbon Piyasas\u0131 ile i\u015f birli\u011fi yap\u0131yor - Abdul Latif Jameel<\/title>\n<meta name=\"robots\" content=\"noindex, follow, max-snippet:-1, max-image-preview:large, max-video-preview:-1\" \/>\n<meta property=\"og:locale\" content=\"tr_TR\" \/>\n<meta property=\"og:type\" content=\"article\" \/>\n<meta property=\"og:title\" content=\"Abdul Latif Jameel, k\u00fcresel net s\u0131f\u0131r hedeflerine ula\u015fmaya yard\u0131mc\u0131 olmak i\u00e7in G\u00f6n\u00fcll\u00fc Karbon Piyasas\u0131 ile i\u015f birli\u011fi yap\u0131yor - Abdul Latif Jameel\" \/>\n<meta property=\"og:description\" content=\"Globally diversified operator and investor Abdul Latif Jameel, participated in the carbon credits auction at the regional Voluntary Carbon Market initiative, held on the first day of the 6th Edition of the Future Investment Initiative in Riyadh[1].\u00a0 At the auction, 15 Saudi and regional entities purchased a combined 1.4 million tons of carbon credits, making [&hellip;]\" \/>\n<meta property=\"og:url\" content=\"https:\/\/cms.alj3.clients.lemonhq.io\/tr\/news\/abdul-latif-jameel-partners-with-voluntary-carbon-market-to-help-drive-global-net-zero-ambitions-6\/\" \/>\n<meta property=\"og:site_name\" content=\"Abdul Latif Jameel\" \/>\n<meta property=\"article:modified_time\" content=\"2024-10-17T07:02:28+00:00\" \/>\n<meta property=\"og:image\" content=\"https:\/\/media.alj3.clients.lemonhq.io\/wp-content\/uploads\/2024\/10\/Abdul-Latif-Jameel-VCM-PIF-signing.jpg\" \/>\n\t<meta property=\"og:image:width\" content=\"1773\" \/>\n\t<meta property=\"og:image:height\" content=\"1182\" \/>\n\t<meta property=\"og:image:type\" content=\"image\/jpeg\" \/>\n<meta name=\"twitter:card\" content=\"summary_large_image\" \/>\n<meta name=\"twitter:label1\" content=\"Tahmini okuma s\u00fcresi\" \/>\n\t<meta name=\"twitter:data1\" content=\"2 dakika\" \/>\n<script type=\"application\/ld+json\" class=\"yoast-schema-graph\">{\"@context\":\"https:\/\/schema.org\",\"@graph\":[{\"@type\":\"WebPage\",\"@id\":\"https:\/\/cms.alj3.clients.lemonhq.io\/tr\/news\/abdul-latif-jameel-partners-with-voluntary-carbon-market-to-help-drive-global-net-zero-ambitions-6\/\",\"url\":\"https:\/\/cms.alj3.clients.lemonhq.io\/tr\/news\/abdul-latif-jameel-partners-with-voluntary-carbon-market-to-help-drive-global-net-zero-ambitions-6\/\",\"name\":\"Abdul Latif Jameel, k\u00fcresel net s\u0131f\u0131r hedeflerine ula\u015fmaya yard\u0131mc\u0131 olmak i\u00e7in G\u00f6n\u00fcll\u00fc Karbon Piyasas\u0131 ile i\u015f birli\u011fi yap\u0131yor - Abdul Latif Jameel\",\"isPartOf\":{\"@id\":\"https:\/\/10.0.2.222\/en\/#website\"},\"primaryImageOfPage\":{\"@id\":\"https:\/\/cms.alj3.clients.lemonhq.io\/tr\/news\/abdul-latif-jameel-partners-with-voluntary-carbon-market-to-help-drive-global-net-zero-ambitions-6\/#primaryimage\"},\"image\":{\"@id\":\"https:\/\/cms.alj3.clients.lemonhq.io\/tr\/news\/abdul-latif-jameel-partners-with-voluntary-carbon-market-to-help-drive-global-net-zero-ambitions-6\/#primaryimage\"},\"thumbnailUrl\":\"https:\/\/media.alj3.clients.lemonhq.io\/wp-content\/uploads\/2024\/10\/Abdul-Latif-Jameel-VCM-PIF-signing.jpg\",\"datePublished\":\"2022-11-07T08:10:56+00:00\",\"dateModified\":\"2024-10-17T07:02:28+00:00\",\"breadcrumb\":{\"@id\":\"https:\/\/cms.alj3.clients.lemonhq.io\/tr\/news\/abdul-latif-jameel-partners-with-voluntary-carbon-market-to-help-drive-global-net-zero-ambitions-6\/#breadcrumb\"},\"inLanguage\":\"tr\",\"potentialAction\":[{\"@type\":\"ReadAction\",\"target\":[\"https:\/\/cms.alj3.clients.lemonhq.io\/tr\/news\/abdul-latif-jameel-partners-with-voluntary-carbon-market-to-help-drive-global-net-zero-ambitions-6\/\"]}]},{\"@type\":\"ImageObject\",\"inLanguage\":\"tr\",\"@id\":\"https:\/\/cms.alj3.clients.lemonhq.io\/tr\/news\/abdul-latif-jameel-partners-with-voluntary-carbon-market-to-help-drive-global-net-zero-ambitions-6\/#primaryimage\",\"url\":\"https:\/\/media.alj3.clients.lemonhq.io\/wp-content\/uploads\/2024\/10\/Abdul-Latif-Jameel-VCM-PIF-signing.jpg\",\"contentUrl\":\"https:\/\/media.alj3.clients.lemonhq.io\/wp-content\/uploads\/2024\/10\/Abdul-Latif-Jameel-VCM-PIF-signing.jpg\",\"width\":1773,\"height\":1182},{\"@type\":\"BreadcrumbList\",\"@id\":\"https:\/\/cms.alj3.clients.lemonhq.io\/tr\/news\/abdul-latif-jameel-partners-with-voluntary-carbon-market-to-help-drive-global-net-zero-ambitions-6\/#breadcrumb\",\"itemListElement\":[{\"@type\":\"ListItem\",\"position\":1,\"name\":\"Home\",\"item\":\"https:\/\/10.0.2.222\/en\/\"},{\"@type\":\"ListItem\",\"position\":2,\"name\":\"Abdul Latif Jameel, k\u00fcresel net s\u0131f\u0131r hedeflerine ula\u015fmaya yard\u0131mc\u0131 olmak i\u00e7in G\u00f6n\u00fcll\u00fc Karbon Piyasas\u0131 ile i\u015f birli\u011fi yap\u0131yor\"}]},{\"@type\":\"WebSite\",\"@id\":\"https:\/\/10.0.2.222\/en\/#website\",\"url\":\"https:\/\/10.0.2.222\/en\/\",\"name\":\"Abdul Latif Jameel\",\"description\":\"\",\"potentialAction\":[{\"@type\":\"SearchAction\",\"target\":{\"@type\":\"EntryPoint\",\"urlTemplate\":\"https:\/\/10.0.2.222\/en\/?s={search_term_string}\"},\"query-input\":{\"@type\":\"PropertyValueSpecification\",\"valueRequired\":true,\"valueName\":\"search_term_string\"}}],\"inLanguage\":\"tr\"}]}<\/script>\n<!-- \/ Yoast SEO plugin. -->","yoast_head_json":{"title":"Abdul Latif Jameel, k\u00fcresel net s\u0131f\u0131r hedeflerine ula\u015fmaya yard\u0131mc\u0131 olmak i\u00e7in G\u00f6n\u00fcll\u00fc Karbon Piyasas\u0131 ile i\u015f birli\u011fi yap\u0131yor - Abdul Latif Jameel","robots":{"index":"noindex","follow":"follow","max-snippet":"max-snippet:-1","max-image-preview":"max-image-preview:large","max-video-preview":"max-video-preview:-1"},"og_locale":"tr_TR","og_type":"article","og_title":"Abdul Latif Jameel, k\u00fcresel net s\u0131f\u0131r hedeflerine ula\u015fmaya yard\u0131mc\u0131 olmak i\u00e7in G\u00f6n\u00fcll\u00fc Karbon Piyasas\u0131 ile i\u015f birli\u011fi yap\u0131yor - Abdul Latif Jameel","og_description":"Globally diversified operator and investor Abdul Latif Jameel, participated in the carbon credits auction at the regional Voluntary Carbon Market initiative, held on the first day of the 6th Edition of the Future Investment Initiative in Riyadh[1].\u00a0 At the auction, 15 Saudi and regional entities purchased a combined 1.4 million tons of carbon credits, making [&hellip;]","og_url":"https:\/\/cms.alj3.clients.lemonhq.io\/tr\/news\/abdul-latif-jameel-partners-with-voluntary-carbon-market-to-help-drive-global-net-zero-ambitions-6\/","og_site_name":"Abdul Latif Jameel","article_modified_time":"2024-10-17T07:02:28+00:00","og_image":[{"width":1773,"height":1182,"url":"https:\/\/media.alj3.clients.lemonhq.io\/wp-content\/uploads\/2024\/10\/Abdul-Latif-Jameel-VCM-PIF-signing.jpg","type":"image\/jpeg"}],"twitter_card":"summary_large_image","twitter_misc":{"Tahmini okuma s\u00fcresi":"2 dakika"},"schema":{"@context":"https:\/\/schema.org","@graph":[{"@type":"WebPage","@id":"https:\/\/cms.alj3.clients.lemonhq.io\/tr\/news\/abdul-latif-jameel-partners-with-voluntary-carbon-market-to-help-drive-global-net-zero-ambitions-6\/","url":"https:\/\/cms.alj3.clients.lemonhq.io\/tr\/news\/abdul-latif-jameel-partners-with-voluntary-carbon-market-to-help-drive-global-net-zero-ambitions-6\/","name":"Abdul Latif Jameel, k\u00fcresel net s\u0131f\u0131r hedeflerine ula\u015fmaya yard\u0131mc\u0131 olmak i\u00e7in G\u00f6n\u00fcll\u00fc Karbon Piyasas\u0131 ile i\u015f birli\u011fi yap\u0131yor - Abdul Latif Jameel","isPartOf":{"@id":"https:\/\/10.0.2.222\/en\/#website"},"primaryImageOfPage":{"@id":"https:\/\/cms.alj3.clients.lemonhq.io\/tr\/news\/abdul-latif-jameel-partners-with-voluntary-carbon-market-to-help-drive-global-net-zero-ambitions-6\/#primaryimage"},"image":{"@id":"https:\/\/cms.alj3.clients.lemonhq.io\/tr\/news\/abdul-latif-jameel-partners-with-voluntary-carbon-market-to-help-drive-global-net-zero-ambitions-6\/#primaryimage"},"thumbnailUrl":"https:\/\/media.alj3.clients.lemonhq.io\/wp-content\/uploads\/2024\/10\/Abdul-Latif-Jameel-VCM-PIF-signing.jpg","datePublished":"2022-11-07T08:10:56+00:00","dateModified":"2024-10-17T07:02:28+00:00","breadcrumb":{"@id":"https:\/\/cms.alj3.clients.lemonhq.io\/tr\/news\/abdul-latif-jameel-partners-with-voluntary-carbon-market-to-help-drive-global-net-zero-ambitions-6\/#breadcrumb"},"inLanguage":"tr","potentialAction":[{"@type":"ReadAction","target":["https:\/\/cms.alj3.clients.lemonhq.io\/tr\/news\/abdul-latif-jameel-partners-with-voluntary-carbon-market-to-help-drive-global-net-zero-ambitions-6\/"]}]},{"@type":"ImageObject","inLanguage":"tr","@id":"https:\/\/cms.alj3.clients.lemonhq.io\/tr\/news\/abdul-latif-jameel-partners-with-voluntary-carbon-market-to-help-drive-global-net-zero-ambitions-6\/#primaryimage","url":"https:\/\/media.alj3.clients.lemonhq.io\/wp-content\/uploads\/2024\/10\/Abdul-Latif-Jameel-VCM-PIF-signing.jpg","contentUrl":"https:\/\/media.alj3.clients.lemonhq.io\/wp-content\/uploads\/2024\/10\/Abdul-Latif-Jameel-VCM-PIF-signing.jpg","width":1773,"height":1182},{"@type":"BreadcrumbList","@id":"https:\/\/cms.alj3.clients.lemonhq.io\/tr\/news\/abdul-latif-jameel-partners-with-voluntary-carbon-market-to-help-drive-global-net-zero-ambitions-6\/#breadcrumb","itemListElement":[{"@type":"ListItem","position":1,"name":"Home","item":"https:\/\/10.0.2.222\/en\/"},{"@type":"ListItem","position":2,"name":"Abdul Latif Jameel, k\u00fcresel net s\u0131f\u0131r hedeflerine ula\u015fmaya yard\u0131mc\u0131 olmak i\u00e7in G\u00f6n\u00fcll\u00fc Karbon Piyasas\u0131 ile i\u015f birli\u011fi yap\u0131yor"}]},{"@type":"WebSite","@id":"https:\/\/10.0.2.222\/en\/#website","url":"https:\/\/10.0.2.222\/en\/","name":"Abdul Latif Jameel","description":"","potentialAction":[{"@type":"SearchAction","target":{"@type":"EntryPoint","urlTemplate":"https:\/\/10.0.2.222\/en\/?s={search_term_string}"},"query-input":{"@type":"PropertyValueSpecification","valueRequired":true,"valueName":"search_term_string"}}],"inLanguage":"tr"}]}},"post-meta-fields":{"_published_date":["field_6057129b493f5"],"published_date":["20221107"],"_location":["field_601267396ce72"],"location":["Riyad, Suudi Arabistan"],"_featured":["field_601a3b473c5c5"],"featured":["1"],"_footnotes":["field_66fd39afb9383"],"footnotes":["<p><a href=\"#_ftnref1\" name=\"_ftn1\">[1]<\/a> Abdul Latif Jameel, karbon kredileri a\u00e7\u0131k art\u0131rmas\u0131na Jameel Investment Holding Company Limited arac\u0131l\u0131\u011f\u0131yla kat\u0131ld\u0131<\/p>"],"_business_sector":["field_66f6b5bcac8cb"],"business_sector":["\u015eirket"],"_content_series":["field_66fe3c439f8f6"],"content_series":[""],"_old_post_id":["field_66fe3fd59f8f7"],"old_post_id":["104331"],"_short_title":["field_60925d67125ef"],"short_title":["G\u00f6n\u00fcll\u00fc Karbon Pazar\u0131 ile Ortakl\u0131k"],"_summary":["field_6019304103a20"],"summary":["Abdul Latif Jameel, k\u00fcresel net s\u0131f\u0131r hedeflerine ula\u015fmaya yard\u0131mc\u0131 olmak i\u00e7in G\u00f6n\u00fcll\u00fc Karbon Piyasas\u0131 ile i\u015f birli\u011fi yap\u0131yor"],"_mobile_featured_image":["field_66f6b4bee65f3"],"mobile_featured_image":["https:\/\/media.alj3.clients.lemonhq.io\/wp-content\/uploads\/2024\/10\/Abdul-Latif-Jameel-VCM-PIF-signing.jpg"],"_push_notification":["field_66f6b47de65f1"],"push_notification":[""],"_publish_mobile":["field_66f6b491e65f2"],"publish_mobile":[""],"_status":["field_652694983fe12"],"status":["publish"],"_thumbnail_id":["4308"],"_wp_page_template":["default"],"_last_translation_edit_mode":["translation-editor"],"amazonS3_cache":["a:2:{s:88:\"\/\/cms.alj3.clients.lemonhq.io\/wp-content\/uploads\/2024\/10\/Fady-Jameel-VCM-PIF-signing.jpg\";a:2:{s:2:\"id\";s:4:\"4817\";s:11:\"source_type\";s:13:\"media-library\";}s:90:\"\/\/media.alj3.clients.lemonhq.io\/wp-content\/uploads\/2024\/10\/Fady-Jameel-VCM-PIF-signing.jpg\";a:2:{s:2:\"id\";s:4:\"4817\";s:11:\"source_type\";s:13:\"media-library\";}}"],"select_category":["saudi-arabia"]},"_links":{"self":[{"href":"https:\/\/cms.alj3.clients.lemonhq.io\/tr\/wp-json\/wp\/v2\/pressrelease\/4335","targetHints":{"allow":["GET"]}}],"collection":[{"href":"https:\/\/cms.alj3.clients.lemonhq.io\/tr\/wp-json\/wp\/v2\/pressrelease"}],"about":[{"href":"https:\/\/cms.alj3.clients.lemonhq.io\/tr\/wp-json\/wp\/v2\/types\/pressrelease"}],"wp:featuredmedia":[{"embeddable":true,"href":"https:\/\/cms.alj3.clients.lemonhq.io\/tr\/wp-json\/wp\/v2\/media\/4308"}],"wp:attachment":[{"href":"https:\/\/cms.alj3.clients.lemonhq.io\/tr\/wp-json\/wp\/v2\/media?parent=4335"}],"curies":[{"name":"wp","href":"https:\/\/api.w.org\/{rel}","templated":true}]}}