{"id":3791,"date":"2021-06-06T07:56:20","date_gmt":"2021-06-06T07:56:20","guid":{"rendered":"https:\/\/cms.alj3.clients.lemonhq.io\/press-release\/2030a-dogru-jameel-ailesi-birlesmis-milletler-surdurulebilir-kalkinma-hedeflerinin-ilerletilmesinde-kurumsal-ve-yardim-amacli-rolune-olan-bagliligini-guclendiriyor\/"},"modified":"2024-10-25T12:21:59","modified_gmt":"2024-10-25T12:21:59","slug":"2030a-dogru-jameel-ailesi-birlesmis-milletler-surdurulebilir-kalkinma-hedeflerinin-ilerletilmesinde-kurumsal-ve-yardim-amacli-rolune-olan-bagliligini-guclendiriyor","status":"publish","type":"pressrelease","link":"https:\/\/cms.alj3.clients.lemonhq.io\/tr\/news\/2030a-dogru-jameel-ailesi-birlesmis-milletler-surdurulebilir-kalkinma-hedeflerinin-ilerletilmesinde-kurumsal-ve-yardim-amacli-rolune-olan-bagliligini-guclendiriyor\/","title":{"rendered":"2030&#8217;a Do\u011fru: Jameel Ailesi Birle\u015fmi\u015f Milletler S\u00fcrd\u00fcr\u00fclebilir Kalk\u0131nma Hedeflerinin \u0130lerletilmesinde Kurumsal ve Yard\u0131m Ama\u00e7l\u0131 Rol\u00fcne Olan Ba\u011fl\u0131l\u0131\u011f\u0131n\u0131 G\u00fc\u00e7lendiriyor"},"content":{"rendered":"\n<ul class=\"wp-block-list\">\n<li>Jameel family reinforces their commitment to a better future, celebrating 75 years of commercial success and three quarters of a century of family philanthropy, with the ambition to realize the potential of people, business and communities<\/li>\n\n\n\n<li>New animated video outlines more than 20 activities contributing to the 17 United Nations Sustainable Development Goals including eliminating poverty, improving education and healthcare, tackling climate change and fostering innovation<\/li>\n<\/ul>\n\n<p>Marking <a href=\"https:\/\/jameel75.com\">75 years<\/a> of commercial operations \u2013 and three quarters of a century of associated philanthropy \u2013 the <a href=\"https:\/\/www.communityjameel.org\/en\/who-we-are\/jameel-family\/\">Jameel family<\/a> reinforced its commitment to drive positive change and thereby realize the potential of people, business and communities \u2013 the guiding principles pioneered by the business\u2019 Founder, the late Abdul Latif Jameel, since its beginnings in the mid-1940s.\u00a0 In doing so, the Jameel family has underlined its ongoing contribution towards the <a href=\"https:\/\/sdgs.un.org\/goals\">United Nations Sustainable Development Goals<\/a> (SDG).<\/p>\n\n<p>A new <a href=\"https:\/\/jameel75.com\/en\/sdg\/\">animated video<\/a> illustrates numerous achievements of the globally-diversified family business, <a href=\"https:\/\/alj.com\">Abdul Latif Jameel<\/a>; their global investment arm <a href=\"https:\/\/jimco.com\">JIMCO<\/a><a href=\"#_ftn1\" name=\"_ftnref1\">[1]<\/a>, and the family\u2019s philanthropic and community activities, including Bab Rizq Jameel, Art Jameel, Community Jameel Saudi, and <a href=\"https:\/\/www.communityjameel.org\/en\">Community Jameel<\/a>.<a href=\"#_ftn2\" name=\"_ftnref2\">[2]<\/a> .<\/p>\n<figure class=\"wp-block-embed is-type-video is-provider-youtube wp-block-embed-youtube wp-embed-aspect-16-9 wp-has-aspect-ratio\"><div class=\"wp-block-embed__wrapper\">https:\/\/www.youtube.com\/embed\/tB0cUgRSUAM<\/div><\/figure>\n<p>In 2015, United Nations Member States adopted the <a href=\"https:\/\/sdgs.un.org\/2030agenda\">2030 Agenda for Sustainable Development<\/a>, creating a shared blueprint for global peace and prosperity. \u00a0Acknowledging that governments alone cannot accomplish these ambitious goals, the Jameel family has built diverse and wide-ranging alliances based on respect, shared values, and a mutual vision of creating tangible impact towards achieving SDGs.\u00a0<\/p>\n\n<p><a href=\"https:\/\/www.alj.com\/en\/our-people\/mohammed-abdul-latif-jameel\/\">Mohammed Jameel KBE<\/a>, Chairman and Chief Executive Officer, Abdul Latif Jameel; Founder and Chairman, Bab Rizq Jameel, and Founder and Chairman of Community Jameel Saudi and Community Jameel, said:<\/p>\n\n<blockquote class=\"wp-block-quote is-layout-flow wp-block-quote-is-layout-flow\">\n<p><em>\u201cI am proud of the way in which we do business, and of our commitment to continuous improvement. \u00a0Through this commitment we aim to make the world a better place for all by investing in the infrastructure of life. \u00a0With this in mind, I believe we can contribute to the 17 Sustainable Development Goals, but for some, we can have a more immediate and direct impact, and it\u2019s here that we place our emphasis.\u201d<\/em><\/p>\n\n\n\n<p><em>\u201cWe continue to invest in a range of exciting areas, from the future of mobility, <a href=\"https:\/\/www.alj.com\/en\/energy-and-environmental-services\/energy-overview\/\">renewable energy<\/a>, energy storage, water projects and health-tech. Likewise we continue with our philanthropic efforts to make a significant difference in addressing some of mankind\u2019s greatest global challenges.\u201d<\/em><\/p>\n<\/blockquote>\n\n<p><a href=\"https:\/\/www.alj.com\/en\/our-people\/fady-jameel\/\">Fady Jameel<\/a>, Deputy President and Vice Chairman, Abdul Latif Jameel, Founder and Chairman of Art Jameel, and Vice Chairman of Bab Rizq Jameel, Community Jameel Saudi and Community Jameel and further noted that:<\/p>\n\n<blockquote class=\"wp-block-quote is-layout-flow wp-block-quote-is-layout-flow\">\n<p><em>\u201cIt is clear that to create the future we want and need, private capital, both directly and in Public-Private Partnerships, has the ability to create positive real-life impact. \u00a0Whether this impact is created by achieving commercial goals or through philanthropic work, these pursuits can be followed in a manner in which the world can truly prosper.\u201d<\/em><\/p>\n<\/blockquote>\n\n<p>On this, <a href=\"https:\/\/www.alj.com\/en\/our-people\/hassan-jameel\/\">Hassan Jameel<\/a>, Deputy President and Vice Chairman, Abdul Latif Jameel, and Vice Chairman of Bab Rizq Jameel, Community Jameel Saudi and Community Jameel, continued:<\/p>\n\n<blockquote class=\"wp-block-quote is-layout-flow wp-block-quote-is-layout-flow\">\n<p><em>\u201cCollaborative partnerships are the key to achieving the ambitions of the Sustainable Development Goals. \u00a0Our aim is to partner with philanthropic organizations and invest in companies that share this commitment to driving transformational impact and reach these global goals.\u201d <\/em><\/p>\n<\/blockquote>\n\n<p>Alongside <a href=\"https:\/\/www.communityjameel.org\/en\/how-we-work\/livelihoods\/bab-rizq-jameel\">Bab Rizq Jameel<\/a>, <a href=\"https:\/\/artjameel.org\/\">Art Jameel<\/a>, <a href=\"https:\/\/communityjameelsaudi.org\/en.html\">Community Jameel Saudi<\/a>, and <a href=\"https:\/\/www.communityjameel.org\/en\">Community Jameel<\/a> and other philanthropic partnerships, the family continues its activities to address some of humanity\u2019s most pressing challenges, which are aligned towards achieving the UN Sustainable Development Goals. \u00a0This effort includes working with leaders, community organizations, art foundations and youth to improve quality of life around the world.<\/p>\n\n<p>Through the family\u2019s corporate activities, Abdul Latif Jameel, collaborates with businesses at the very forefront of sustainability, tackling the issues of our planet\u2019s resources and exploring new ways to mitigate climate change. \u00a0Establishing <a href=\"https:\/\/almarwater.com\/\">Almar Water Solutions<\/a> in 2016, Abdul Latif Jameel firmly instituted its\u2019 commitment to providing clean water, with treatment, recycling, sustainable desalination, and researching new science to tackle water scarcity. \u00a0Contributing to the global transition to sustainable energy, Abdul Latif Jameel acquired <a href=\"https:\/\/frv.com\">FRV<\/a> in 2015, expanding its presence and capabilities to make it their flagship renewables business, to provide governments and corporates with renewable energy sources. \u00a0In 2020, <a href=\"https:\/\/aljhealth.com\/home\/\">Abdul Latif Jameel Health<\/a> was established to accelerate access to healthcare for those who need it most.\u00a0<\/p>\n\n<p>Further contributing to SDGs the family actively \u2013 and thoughtfully \u2013 invests in innovative, early-stage and breakthrough ventures and technology, aiming to positively shape the future of core industries driving the global economy through their global investment arm, <a href=\"https:\/\/jimco.com\">JIMCO<\/a>. \u00a0These include medical and healthcare sectors (<a href=\"https:\/\/evelobio.com\/\">Evelo Biosciences<\/a>, <a href=\"https:\/\/cellarity.com\/\">Cellarity<\/a>, <a href=\"https:\/\/www.eqrx.com\/\">EQRx<\/a>); emergent technologies across FinTech and InsurTech, (<a href=\"https:\/\/tabby.ai\/\">tabby<\/a>, <a href=\"https:\/\/www.flexxpay.com\/\">FlexxPay<\/a>), electric vehicles and future sustainable mobility solutions (<a href=\"https:\/\/rivian.com\/\">RIVIAN<\/a>, <a href=\"https:\/\/www.jobyaviation.com\/\">Joby Aviation<\/a>) to name only a few.<\/p>\n","protected":false},"featured_media":3780,"menu_order":0,"template":"","class_list":["post-3791","pressrelease","type-pressrelease","status-publish","has-post-thumbnail","hentry"],"acf":[],"yoast_head":"<!-- This site is optimized with the Yoast SEO plugin v26.5 - https:\/\/yoast.com\/wordpress\/plugins\/seo\/ -->\n<title>2030&#039;a Do\u011fru: Jameel Ailesi Birle\u015fmi\u015f Milletler S\u00fcrd\u00fcr\u00fclebilir Kalk\u0131nma Hedeflerinin \u0130lerletilmesinde Kurumsal ve Yard\u0131m Ama\u00e7l\u0131 Rol\u00fcne Olan Ba\u011fl\u0131l\u0131\u011f\u0131n\u0131 G\u00fc\u00e7lendiriyor - Abdul Latif Jameel<\/title>\n<meta name=\"robots\" content=\"noindex, follow, max-snippet:-1, max-image-preview:large, max-video-preview:-1\" \/>\n<meta property=\"og:locale\" content=\"tr_TR\" \/>\n<meta property=\"og:type\" content=\"article\" \/>\n<meta property=\"og:title\" content=\"2030&#039;a Do\u011fru: Jameel Ailesi Birle\u015fmi\u015f Milletler S\u00fcrd\u00fcr\u00fclebilir Kalk\u0131nma Hedeflerinin \u0130lerletilmesinde Kurumsal ve Yard\u0131m Ama\u00e7l\u0131 Rol\u00fcne Olan Ba\u011fl\u0131l\u0131\u011f\u0131n\u0131 G\u00fc\u00e7lendiriyor - Abdul Latif Jameel\" \/>\n<meta property=\"og:description\" content=\"Marking 75 years of commercial operations \u2013 and three quarters of a century of associated philanthropy \u2013 the Jameel family reinforced its commitment to drive positive change and thereby realize the potential of people, business and communities \u2013 the guiding principles pioneered by the business\u2019 Founder, the late Abdul Latif Jameel, since its beginnings in [&hellip;]\" \/>\n<meta property=\"og:url\" content=\"https:\/\/cms.alj3.clients.lemonhq.io\/tr\/news\/2030a-dogru-jameel-ailesi-birlesmis-milletler-surdurulebilir-kalkinma-hedeflerinin-ilerletilmesinde-kurumsal-ve-yardim-amacli-rolune-olan-bagliligini-guclendiriyor\/\" \/>\n<meta property=\"og:site_name\" content=\"Abdul Latif Jameel\" \/>\n<meta property=\"article:modified_time\" content=\"2024-10-25T12:21:59+00:00\" \/>\n<meta property=\"og:image\" content=\"https:\/\/media.alj3.clients.lemonhq.io\/wp-content\/uploads\/2024\/10\/UN-GlobalGoals-59Productions-0-1024x625-1.jpg\" \/>\n\t<meta property=\"og:image:width\" content=\"1024\" \/>\n\t<meta property=\"og:image:height\" content=\"625\" \/>\n\t<meta property=\"og:image:type\" content=\"image\/jpeg\" \/>\n<meta name=\"twitter:card\" content=\"summary_large_image\" \/>\n<meta name=\"twitter:label1\" content=\"Tahmini okuma s\u00fcresi\" \/>\n\t<meta name=\"twitter:data1\" content=\"4 dakika\" \/>\n<script type=\"application\/ld+json\" class=\"yoast-schema-graph\">{\"@context\":\"https:\/\/schema.org\",\"@graph\":[{\"@type\":\"WebPage\",\"@id\":\"https:\/\/cms.alj3.clients.lemonhq.io\/tr\/news\/2030a-dogru-jameel-ailesi-birlesmis-milletler-surdurulebilir-kalkinma-hedeflerinin-ilerletilmesinde-kurumsal-ve-yardim-amacli-rolune-olan-bagliligini-guclendiriyor\/\",\"url\":\"https:\/\/cms.alj3.clients.lemonhq.io\/tr\/news\/2030a-dogru-jameel-ailesi-birlesmis-milletler-surdurulebilir-kalkinma-hedeflerinin-ilerletilmesinde-kurumsal-ve-yardim-amacli-rolune-olan-bagliligini-guclendiriyor\/\",\"name\":\"2030'a Do\u011fru: Jameel Ailesi Birle\u015fmi\u015f Milletler S\u00fcrd\u00fcr\u00fclebilir Kalk\u0131nma Hedeflerinin \u0130lerletilmesinde Kurumsal ve Yard\u0131m Ama\u00e7l\u0131 Rol\u00fcne Olan Ba\u011fl\u0131l\u0131\u011f\u0131n\u0131 G\u00fc\u00e7lendiriyor - Abdul Latif Jameel\",\"isPartOf\":{\"@id\":\"https:\/\/10.0.2.222\/en\/#website\"},\"primaryImageOfPage\":{\"@id\":\"https:\/\/cms.alj3.clients.lemonhq.io\/tr\/news\/2030a-dogru-jameel-ailesi-birlesmis-milletler-surdurulebilir-kalkinma-hedeflerinin-ilerletilmesinde-kurumsal-ve-yardim-amacli-rolune-olan-bagliligini-guclendiriyor\/#primaryimage\"},\"image\":{\"@id\":\"https:\/\/cms.alj3.clients.lemonhq.io\/tr\/news\/2030a-dogru-jameel-ailesi-birlesmis-milletler-surdurulebilir-kalkinma-hedeflerinin-ilerletilmesinde-kurumsal-ve-yardim-amacli-rolune-olan-bagliligini-guclendiriyor\/#primaryimage\"},\"thumbnailUrl\":\"https:\/\/media.alj3.clients.lemonhq.io\/wp-content\/uploads\/2024\/10\/UN-GlobalGoals-59Productions-0-1024x625-1.jpg\",\"datePublished\":\"2021-06-06T07:56:20+00:00\",\"dateModified\":\"2024-10-25T12:21:59+00:00\",\"breadcrumb\":{\"@id\":\"https:\/\/cms.alj3.clients.lemonhq.io\/tr\/news\/2030a-dogru-jameel-ailesi-birlesmis-milletler-surdurulebilir-kalkinma-hedeflerinin-ilerletilmesinde-kurumsal-ve-yardim-amacli-rolune-olan-bagliligini-guclendiriyor\/#breadcrumb\"},\"inLanguage\":\"tr\",\"potentialAction\":[{\"@type\":\"ReadAction\",\"target\":[\"https:\/\/cms.alj3.clients.lemonhq.io\/tr\/news\/2030a-dogru-jameel-ailesi-birlesmis-milletler-surdurulebilir-kalkinma-hedeflerinin-ilerletilmesinde-kurumsal-ve-yardim-amacli-rolune-olan-bagliligini-guclendiriyor\/\"]}]},{\"@type\":\"ImageObject\",\"inLanguage\":\"tr\",\"@id\":\"https:\/\/cms.alj3.clients.lemonhq.io\/tr\/news\/2030a-dogru-jameel-ailesi-birlesmis-milletler-surdurulebilir-kalkinma-hedeflerinin-ilerletilmesinde-kurumsal-ve-yardim-amacli-rolune-olan-bagliligini-guclendiriyor\/#primaryimage\",\"url\":\"https:\/\/media.alj3.clients.lemonhq.io\/wp-content\/uploads\/2024\/10\/UN-GlobalGoals-59Productions-0-1024x625-1.jpg\",\"contentUrl\":\"https:\/\/media.alj3.clients.lemonhq.io\/wp-content\/uploads\/2024\/10\/UN-GlobalGoals-59Productions-0-1024x625-1.jpg\",\"width\":1024,\"height\":625},{\"@type\":\"BreadcrumbList\",\"@id\":\"https:\/\/cms.alj3.clients.lemonhq.io\/tr\/news\/2030a-dogru-jameel-ailesi-birlesmis-milletler-surdurulebilir-kalkinma-hedeflerinin-ilerletilmesinde-kurumsal-ve-yardim-amacli-rolune-olan-bagliligini-guclendiriyor\/#breadcrumb\",\"itemListElement\":[{\"@type\":\"ListItem\",\"position\":1,\"name\":\"Home\",\"item\":\"https:\/\/10.0.2.222\/en\/\"},{\"@type\":\"ListItem\",\"position\":2,\"name\":\"2030&#8217;a Do\u011fru: Jameel Ailesi Birle\u015fmi\u015f Milletler S\u00fcrd\u00fcr\u00fclebilir Kalk\u0131nma Hedeflerinin \u0130lerletilmesinde Kurumsal ve Yard\u0131m Ama\u00e7l\u0131 Rol\u00fcne Olan Ba\u011fl\u0131l\u0131\u011f\u0131n\u0131 G\u00fc\u00e7lendiriyor\"}]},{\"@type\":\"WebSite\",\"@id\":\"https:\/\/10.0.2.222\/en\/#website\",\"url\":\"https:\/\/10.0.2.222\/en\/\",\"name\":\"Abdul Latif Jameel\",\"description\":\"\",\"potentialAction\":[{\"@type\":\"SearchAction\",\"target\":{\"@type\":\"EntryPoint\",\"urlTemplate\":\"https:\/\/10.0.2.222\/en\/?s={search_term_string}\"},\"query-input\":{\"@type\":\"PropertyValueSpecification\",\"valueRequired\":true,\"valueName\":\"search_term_string\"}}],\"inLanguage\":\"tr\"}]}<\/script>\n<!-- \/ Yoast SEO plugin. -->","yoast_head_json":{"title":"2030'a Do\u011fru: Jameel Ailesi Birle\u015fmi\u015f Milletler S\u00fcrd\u00fcr\u00fclebilir Kalk\u0131nma Hedeflerinin \u0130lerletilmesinde Kurumsal ve Yard\u0131m Ama\u00e7l\u0131 Rol\u00fcne Olan Ba\u011fl\u0131l\u0131\u011f\u0131n\u0131 G\u00fc\u00e7lendiriyor - Abdul Latif Jameel","robots":{"index":"noindex","follow":"follow","max-snippet":"max-snippet:-1","max-image-preview":"max-image-preview:large","max-video-preview":"max-video-preview:-1"},"og_locale":"tr_TR","og_type":"article","og_title":"2030'a Do\u011fru: Jameel Ailesi Birle\u015fmi\u015f Milletler S\u00fcrd\u00fcr\u00fclebilir Kalk\u0131nma Hedeflerinin \u0130lerletilmesinde Kurumsal ve Yard\u0131m Ama\u00e7l\u0131 Rol\u00fcne Olan Ba\u011fl\u0131l\u0131\u011f\u0131n\u0131 G\u00fc\u00e7lendiriyor - Abdul Latif Jameel","og_description":"Marking 75 years of commercial operations \u2013 and three quarters of a century of associated philanthropy \u2013 the Jameel family reinforced its commitment to drive positive change and thereby realize the potential of people, business and communities \u2013 the guiding principles pioneered by the business\u2019 Founder, the late Abdul Latif Jameel, since its beginnings in [&hellip;]","og_url":"https:\/\/cms.alj3.clients.lemonhq.io\/tr\/news\/2030a-dogru-jameel-ailesi-birlesmis-milletler-surdurulebilir-kalkinma-hedeflerinin-ilerletilmesinde-kurumsal-ve-yardim-amacli-rolune-olan-bagliligini-guclendiriyor\/","og_site_name":"Abdul Latif Jameel","article_modified_time":"2024-10-25T12:21:59+00:00","og_image":[{"width":1024,"height":625,"url":"https:\/\/media.alj3.clients.lemonhq.io\/wp-content\/uploads\/2024\/10\/UN-GlobalGoals-59Productions-0-1024x625-1.jpg","type":"image\/jpeg"}],"twitter_card":"summary_large_image","twitter_misc":{"Tahmini okuma s\u00fcresi":"4 dakika"},"schema":{"@context":"https:\/\/schema.org","@graph":[{"@type":"WebPage","@id":"https:\/\/cms.alj3.clients.lemonhq.io\/tr\/news\/2030a-dogru-jameel-ailesi-birlesmis-milletler-surdurulebilir-kalkinma-hedeflerinin-ilerletilmesinde-kurumsal-ve-yardim-amacli-rolune-olan-bagliligini-guclendiriyor\/","url":"https:\/\/cms.alj3.clients.lemonhq.io\/tr\/news\/2030a-dogru-jameel-ailesi-birlesmis-milletler-surdurulebilir-kalkinma-hedeflerinin-ilerletilmesinde-kurumsal-ve-yardim-amacli-rolune-olan-bagliligini-guclendiriyor\/","name":"2030'a Do\u011fru: Jameel Ailesi Birle\u015fmi\u015f Milletler S\u00fcrd\u00fcr\u00fclebilir Kalk\u0131nma Hedeflerinin \u0130lerletilmesinde Kurumsal ve Yard\u0131m Ama\u00e7l\u0131 Rol\u00fcne Olan Ba\u011fl\u0131l\u0131\u011f\u0131n\u0131 G\u00fc\u00e7lendiriyor - Abdul Latif Jameel","isPartOf":{"@id":"https:\/\/10.0.2.222\/en\/#website"},"primaryImageOfPage":{"@id":"https:\/\/cms.alj3.clients.lemonhq.io\/tr\/news\/2030a-dogru-jameel-ailesi-birlesmis-milletler-surdurulebilir-kalkinma-hedeflerinin-ilerletilmesinde-kurumsal-ve-yardim-amacli-rolune-olan-bagliligini-guclendiriyor\/#primaryimage"},"image":{"@id":"https:\/\/cms.alj3.clients.lemonhq.io\/tr\/news\/2030a-dogru-jameel-ailesi-birlesmis-milletler-surdurulebilir-kalkinma-hedeflerinin-ilerletilmesinde-kurumsal-ve-yardim-amacli-rolune-olan-bagliligini-guclendiriyor\/#primaryimage"},"thumbnailUrl":"https:\/\/media.alj3.clients.lemonhq.io\/wp-content\/uploads\/2024\/10\/UN-GlobalGoals-59Productions-0-1024x625-1.jpg","datePublished":"2021-06-06T07:56:20+00:00","dateModified":"2024-10-25T12:21:59+00:00","breadcrumb":{"@id":"https:\/\/cms.alj3.clients.lemonhq.io\/tr\/news\/2030a-dogru-jameel-ailesi-birlesmis-milletler-surdurulebilir-kalkinma-hedeflerinin-ilerletilmesinde-kurumsal-ve-yardim-amacli-rolune-olan-bagliligini-guclendiriyor\/#breadcrumb"},"inLanguage":"tr","potentialAction":[{"@type":"ReadAction","target":["https:\/\/cms.alj3.clients.lemonhq.io\/tr\/news\/2030a-dogru-jameel-ailesi-birlesmis-milletler-surdurulebilir-kalkinma-hedeflerinin-ilerletilmesinde-kurumsal-ve-yardim-amacli-rolune-olan-bagliligini-guclendiriyor\/"]}]},{"@type":"ImageObject","inLanguage":"tr","@id":"https:\/\/cms.alj3.clients.lemonhq.io\/tr\/news\/2030a-dogru-jameel-ailesi-birlesmis-milletler-surdurulebilir-kalkinma-hedeflerinin-ilerletilmesinde-kurumsal-ve-yardim-amacli-rolune-olan-bagliligini-guclendiriyor\/#primaryimage","url":"https:\/\/media.alj3.clients.lemonhq.io\/wp-content\/uploads\/2024\/10\/UN-GlobalGoals-59Productions-0-1024x625-1.jpg","contentUrl":"https:\/\/media.alj3.clients.lemonhq.io\/wp-content\/uploads\/2024\/10\/UN-GlobalGoals-59Productions-0-1024x625-1.jpg","width":1024,"height":625},{"@type":"BreadcrumbList","@id":"https:\/\/cms.alj3.clients.lemonhq.io\/tr\/news\/2030a-dogru-jameel-ailesi-birlesmis-milletler-surdurulebilir-kalkinma-hedeflerinin-ilerletilmesinde-kurumsal-ve-yardim-amacli-rolune-olan-bagliligini-guclendiriyor\/#breadcrumb","itemListElement":[{"@type":"ListItem","position":1,"name":"Home","item":"https:\/\/10.0.2.222\/en\/"},{"@type":"ListItem","position":2,"name":"2030&#8217;a Do\u011fru: Jameel Ailesi Birle\u015fmi\u015f Milletler S\u00fcrd\u00fcr\u00fclebilir Kalk\u0131nma Hedeflerinin \u0130lerletilmesinde Kurumsal ve Yard\u0131m Ama\u00e7l\u0131 Rol\u00fcne Olan Ba\u011fl\u0131l\u0131\u011f\u0131n\u0131 G\u00fc\u00e7lendiriyor"}]},{"@type":"WebSite","@id":"https:\/\/10.0.2.222\/en\/#website","url":"https:\/\/10.0.2.222\/en\/","name":"Abdul Latif Jameel","description":"","potentialAction":[{"@type":"SearchAction","target":{"@type":"EntryPoint","urlTemplate":"https:\/\/10.0.2.222\/en\/?s={search_term_string}"},"query-input":{"@type":"PropertyValueSpecification","valueRequired":true,"valueName":"search_term_string"}}],"inLanguage":"tr"}]}},"post-meta-fields":{"_published_date":["field_6057129b493f5"],"published_date":["20210606"],"_location":["field_601267396ce72"],"location":["Dubai, UAE"],"_featured":["field_601a3b473c5c5"],"featured":[""],"_footnotes":["field_66fd39afb9383"],"footnotes":["<p><a href=\"#_ftnref1\" name=\"_ftn1\">[1]<\/a> Abdul Latif Jameel Yat\u0131r\u0131m Y\u00f6netimi \u015eirketi (JIMCO)<\/p><p><a href=\"#_ftnref2\" name=\"_ftn2\">[2]<\/a> Jameel ailesinin hay\u0131rseverlik ve topluluk te\u015fvikleri aras\u0131nda Bab Rizq Jameel, Art Jameel, Community Jameel Saudi ve Community Jameel bulunur.<\/p>"],"_business_sector":["field_66f6b5bcac8cb"],"business_sector":["\u015eirket"],"_content_series":["field_66fe3c439f8f6"],"content_series":["a:1:{i:0;s:4:\"1986\";}"],"_old_post_id":["field_66fe3fd59f8f7"],"old_post_id":["89200"],"_short_title":["field_60925d67125ef"],"short_title":["Birle\u015fmi\u015f Milletler S\u00fcrd\u00fcr\u00fclebilir Kalk\u0131nma Hedefleri"],"_summary":["field_6019304103a20"],"summary":["Yeni animasyonlu video; yoksullu\u011fu ortadan kald\u0131rmak, e\u011fitim ve sa\u011fl\u0131k hizmetlerini geli\u015ftirmek, iklim de\u011fi\u015fikli\u011fiyle m\u00fccadele etmek ve yenili\u011fi te\u015fvik etmek de dahil olmak \u00fczere 17 Birle\u015fmi\u015f Milletler S\u00fcrd\u00fcr\u00fclebilir Kalk\u0131nma Hedefine katk\u0131da bulunan 20'den fazla faaliyeti \u00f6zetliyor"],"_mobile_featured_image":["field_66f6b4bee65f3"],"mobile_featured_image":["https:\/\/media.alj3.clients.lemonhq.io\/wp-content\/uploads\/2024\/10\/UN-GlobalGoals-59Productions-0-1024x625-1.jpg"],"_push_notification":["field_66f6b47de65f1"],"push_notification":[""],"_publish_mobile":["field_66f6b491e65f2"],"publish_mobile":["1"],"_status":["field_652694983fe12"],"status":["publish"],"_thumbnail_id":["3780"],"_wp_page_template":["default"],"_last_translation_edit_mode":["translation-editor"],"select_category":["international"]},"_links":{"self":[{"href":"https:\/\/cms.alj3.clients.lemonhq.io\/tr\/wp-json\/wp\/v2\/pressrelease\/3791","targetHints":{"allow":["GET"]}}],"collection":[{"href":"https:\/\/cms.alj3.clients.lemonhq.io\/tr\/wp-json\/wp\/v2\/pressrelease"}],"about":[{"href":"https:\/\/cms.alj3.clients.lemonhq.io\/tr\/wp-json\/wp\/v2\/types\/pressrelease"}],"wp:featuredmedia":[{"embeddable":true,"href":"https:\/\/cms.alj3.clients.lemonhq.io\/tr\/wp-json\/wp\/v2\/media\/3780"}],"wp:attachment":[{"href":"https:\/\/cms.alj3.clients.lemonhq.io\/tr\/wp-json\/wp\/v2\/media?parent=3791"}],"curies":[{"name":"wp","href":"https:\/\/api.w.org\/{rel}","templated":true}]}}