{"id":3682,"date":"2020-11-08T03:39:08","date_gmt":"2020-11-08T03:39:08","guid":{"rendered":"https:\/\/cms.alj3.clients.lemonhq.io\/press-release\/the-jameel-family-embarks-on-a-new-chapter-of-supporting-the-community-5\/"},"modified":"2026-04-21T10:57:23","modified_gmt":"2026-04-21T10:57:23","slug":"the-jameel-family-embarks-on-a-new-chapter-of-supporting-the-community-5","status":"publish","type":"pressrelease","link":"https:\/\/cms.alj3.clients.lemonhq.io\/tr\/news\/the-jameel-family-embarks-on-a-new-chapter-of-supporting-the-community-5\/","title":{"rendered":"Jameel ailesi toplumu destekleme konusunda yeni bir sayfa a\u00e7\u0131yor"},"content":{"rendered":"\n<p>This year, 2020, marks the 75<sup>th<\/sup> anniversary of the Jameel family\u2019s tradition of supporting the community.\u00a0 The last twelve months have seen some momentous achievements and success stories for <a href=\"https:\/\/www.communityjameel.org\/\">Community Jameel<\/a> \u2013 the co-founders at <a href=\"https:\/\/www.povertyactionlab.org\/\">J-PAL<\/a> winning the Nobel Prize in Economics, the 25<sup>th<\/sup> anniversary of the <a href=\"https:\/\/www.communityjameel.org\/en\/how-we-work\/education\/jameel-toyota-scholarship-at-mit\">Jameel-Toyota Scholarship<\/a>, the discovery of the antibiotic Halicin by the <a href=\"https:\/\/www.jclinic.mit.edu\/\">Jameel Clinic<\/a> at MIT, and the ground-breaking work of the <a href=\"http:\/\/www.imperial.ac.uk\/jameel-institute\/\">Jameel Institute<\/a> at Imperial College London in modelling the spread of COVID-19, which helped inform and assist policymaking around the world.<\/p>\n\n<p>At this significant milestone, Community Jameel is embarking on a new chapter which will see several strategic changes due to be fully implemented by the end of November:<\/p>\n\n<ol class=\"wp-block-list\">\n<li><strong>Bab Rizq Jameel and Art Jameel will become standalone units<br\/><br\/><\/strong>Having been part of Community Jameel since 2003, Bab Rizq Jameel and <a href=\"https:\/\/artjameel.org\/\">Art Jameel<\/a> will now become standalone units with separate management. Both organizations have grown significantly to become major forces for positive change across the region.<br\/><\/li>\n\n\n\n<li><strong>A new focus for Community Jameel Saudi Arabia<br\/><br\/><\/strong>Through Community Jameel Saudi Arabia, which operates as a separate entity, with separate management and funding, the family is scaling up activities in Saudi Arabia, expanding on decades of support for the community, including for the unemployed, the elderly, the infirm, orphans, and prisoners, and supporting society\u2019s efforts to achieve the Vision 2030 agenda.<br\/><\/li>\n\n\n\n<li><strong>Community Jameel: innovating for a better future<br\/><br\/><\/strong>Community Jameel will now focus on leveraging science, technology and learning to achieve breakthroughs in the fields of education, health and climate, and to deliver innovative solutions to those who need them most.<\/li>\n<\/ol>\n\n<p>These new strategic changes will enable the Jameel family to harness the late Abdul Latif Jameel\u2019s legacy and continue to deliver his vision for supporting the community in the years to come.<\/p>\n\n<p>Commenting on this new chapter, <a href=\"https:\/\/www.alj.com\/en\/our-people\/mohammed-abdul-latif-jameel\/\"><strong>Mohammed Abdul Latif Jameel <\/strong><strong>KBE<\/strong><\/a>, the Founder and Chairman of Bab Rizq Jameel and Community Jameel, said:<\/p>\n\n<blockquote class=\"wp-block-quote is-layout-flow wp-block-quote-is-layout-flow\">\n<p><em>\u00a0<\/em><em>\u201cThe significance of our initiatives\u2019 impact this year is a fitting way to mark 75 years for our family\u2019s tradition of supporting the community, which began in 1945 with my late father. Building on his legacy, we embark on a new and exciting chapter in our history that will ensure Bab Rizq Jameel, Art Jameel and Community Jameel are positioned to make an even greater impact, in all of our key areas of work, at a time when the world faces an unprecedented number of social and economic challenges.\u201d<\/em><\/p>\n<\/blockquote>\n","protected":false},"featured_media":3623,"menu_order":0,"template":"","class_list":["post-3682","pressrelease","type-pressrelease","status-publish","has-post-thumbnail","hentry"],"acf":[],"yoast_head":"<!-- This site is optimized with the Yoast SEO plugin v26.5 - https:\/\/yoast.com\/wordpress\/plugins\/seo\/ -->\n<title>Jameel ailesi toplumu destekleme konusunda yeni bir sayfa a\u00e7\u0131yor - Abdul Latif Jameel<\/title>\n<meta name=\"robots\" content=\"noindex, follow, max-snippet:-1, max-image-preview:large, max-video-preview:-1\" \/>\n<meta property=\"og:locale\" content=\"tr_TR\" \/>\n<meta property=\"og:type\" content=\"article\" \/>\n<meta property=\"og:title\" content=\"Jameel ailesi toplumu destekleme konusunda yeni bir sayfa a\u00e7\u0131yor - Abdul Latif Jameel\" \/>\n<meta property=\"og:description\" content=\"This year, 2020, marks the 75th anniversary of the Jameel family\u2019s tradition of supporting the community.\u00a0 The last twelve months have seen some momentous achievements and success stories for Community Jameel \u2013 the co-founders at J-PAL winning the Nobel Prize in Economics, the 25th anniversary of the Jameel-Toyota Scholarship, the discovery of the antibiotic Halicin [&hellip;]\" \/>\n<meta property=\"og:url\" content=\"https:\/\/cms.alj3.clients.lemonhq.io\/tr\/news\/the-jameel-family-embarks-on-a-new-chapter-of-supporting-the-community-5\/\" \/>\n<meta property=\"og:site_name\" content=\"Abdul Latif Jameel\" \/>\n<meta property=\"article:modified_time\" content=\"2026-04-21T10:57:23+00:00\" \/>\n<meta property=\"og:image\" content=\"https:\/\/media.alj3.clients.lemonhq.io\/wp-content\/uploads\/2024\/10\/Mohammed-Jameel-KBE-resized.jpg\" \/>\n\t<meta property=\"og:image:width\" content=\"548\" \/>\n\t<meta property=\"og:image:height\" content=\"357\" \/>\n\t<meta property=\"og:image:type\" content=\"image\/jpeg\" \/>\n<meta name=\"twitter:card\" content=\"summary_large_image\" \/>\n<meta name=\"twitter:label1\" content=\"Tahmini okuma s\u00fcresi\" \/>\n\t<meta name=\"twitter:data1\" content=\"2 dakika\" \/>\n<script type=\"application\/ld+json\" class=\"yoast-schema-graph\">{\"@context\":\"https:\/\/schema.org\",\"@graph\":[{\"@type\":\"WebPage\",\"@id\":\"https:\/\/cms.alj3.clients.lemonhq.io\/tr\/news\/the-jameel-family-embarks-on-a-new-chapter-of-supporting-the-community-5\/\",\"url\":\"https:\/\/cms.alj3.clients.lemonhq.io\/tr\/news\/the-jameel-family-embarks-on-a-new-chapter-of-supporting-the-community-5\/\",\"name\":\"Jameel ailesi toplumu destekleme konusunda yeni bir sayfa a\u00e7\u0131yor - Abdul Latif Jameel\",\"isPartOf\":{\"@id\":\"https:\/\/10.0.2.222\/en\/#website\"},\"primaryImageOfPage\":{\"@id\":\"https:\/\/cms.alj3.clients.lemonhq.io\/tr\/news\/the-jameel-family-embarks-on-a-new-chapter-of-supporting-the-community-5\/#primaryimage\"},\"image\":{\"@id\":\"https:\/\/cms.alj3.clients.lemonhq.io\/tr\/news\/the-jameel-family-embarks-on-a-new-chapter-of-supporting-the-community-5\/#primaryimage\"},\"thumbnailUrl\":\"https:\/\/media.alj3.clients.lemonhq.io\/wp-content\/uploads\/2024\/10\/Mohammed-Jameel-KBE-resized.jpg\",\"datePublished\":\"2020-11-08T03:39:08+00:00\",\"dateModified\":\"2026-04-21T10:57:23+00:00\",\"breadcrumb\":{\"@id\":\"https:\/\/cms.alj3.clients.lemonhq.io\/tr\/news\/the-jameel-family-embarks-on-a-new-chapter-of-supporting-the-community-5\/#breadcrumb\"},\"inLanguage\":\"tr\",\"potentialAction\":[{\"@type\":\"ReadAction\",\"target\":[\"https:\/\/cms.alj3.clients.lemonhq.io\/tr\/news\/the-jameel-family-embarks-on-a-new-chapter-of-supporting-the-community-5\/\"]}]},{\"@type\":\"ImageObject\",\"inLanguage\":\"tr\",\"@id\":\"https:\/\/cms.alj3.clients.lemonhq.io\/tr\/news\/the-jameel-family-embarks-on-a-new-chapter-of-supporting-the-community-5\/#primaryimage\",\"url\":\"https:\/\/media.alj3.clients.lemonhq.io\/wp-content\/uploads\/2024\/10\/Mohammed-Jameel-KBE-resized.jpg\",\"contentUrl\":\"https:\/\/media.alj3.clients.lemonhq.io\/wp-content\/uploads\/2024\/10\/Mohammed-Jameel-KBE-resized.jpg\",\"width\":548,\"height\":357},{\"@type\":\"BreadcrumbList\",\"@id\":\"https:\/\/cms.alj3.clients.lemonhq.io\/tr\/news\/the-jameel-family-embarks-on-a-new-chapter-of-supporting-the-community-5\/#breadcrumb\",\"itemListElement\":[{\"@type\":\"ListItem\",\"position\":1,\"name\":\"Home\",\"item\":\"https:\/\/10.0.2.222\/en\/\"},{\"@type\":\"ListItem\",\"position\":2,\"name\":\"Jameel ailesi toplumu destekleme konusunda yeni bir sayfa a\u00e7\u0131yor\"}]},{\"@type\":\"WebSite\",\"@id\":\"https:\/\/10.0.2.222\/en\/#website\",\"url\":\"https:\/\/10.0.2.222\/en\/\",\"name\":\"Abdul Latif Jameel\",\"description\":\"\",\"potentialAction\":[{\"@type\":\"SearchAction\",\"target\":{\"@type\":\"EntryPoint\",\"urlTemplate\":\"https:\/\/10.0.2.222\/en\/?s={search_term_string}\"},\"query-input\":{\"@type\":\"PropertyValueSpecification\",\"valueRequired\":true,\"valueName\":\"search_term_string\"}}],\"inLanguage\":\"tr\"}]}<\/script>\n<!-- \/ Yoast SEO plugin. -->","yoast_head_json":{"title":"Jameel ailesi toplumu destekleme konusunda yeni bir sayfa a\u00e7\u0131yor - Abdul Latif Jameel","robots":{"index":"noindex","follow":"follow","max-snippet":"max-snippet:-1","max-image-preview":"max-image-preview:large","max-video-preview":"max-video-preview:-1"},"og_locale":"tr_TR","og_type":"article","og_title":"Jameel ailesi toplumu destekleme konusunda yeni bir sayfa a\u00e7\u0131yor - Abdul Latif Jameel","og_description":"This year, 2020, marks the 75th anniversary of the Jameel family\u2019s tradition of supporting the community.\u00a0 The last twelve months have seen some momentous achievements and success stories for Community Jameel \u2013 the co-founders at J-PAL winning the Nobel Prize in Economics, the 25th anniversary of the Jameel-Toyota Scholarship, the discovery of the antibiotic Halicin [&hellip;]","og_url":"https:\/\/cms.alj3.clients.lemonhq.io\/tr\/news\/the-jameel-family-embarks-on-a-new-chapter-of-supporting-the-community-5\/","og_site_name":"Abdul Latif Jameel","article_modified_time":"2026-04-21T10:57:23+00:00","og_image":[{"width":548,"height":357,"url":"https:\/\/media.alj3.clients.lemonhq.io\/wp-content\/uploads\/2024\/10\/Mohammed-Jameel-KBE-resized.jpg","type":"image\/jpeg"}],"twitter_card":"summary_large_image","twitter_misc":{"Tahmini okuma s\u00fcresi":"2 dakika"},"schema":{"@context":"https:\/\/schema.org","@graph":[{"@type":"WebPage","@id":"https:\/\/cms.alj3.clients.lemonhq.io\/tr\/news\/the-jameel-family-embarks-on-a-new-chapter-of-supporting-the-community-5\/","url":"https:\/\/cms.alj3.clients.lemonhq.io\/tr\/news\/the-jameel-family-embarks-on-a-new-chapter-of-supporting-the-community-5\/","name":"Jameel ailesi toplumu destekleme konusunda yeni bir sayfa a\u00e7\u0131yor - Abdul Latif Jameel","isPartOf":{"@id":"https:\/\/10.0.2.222\/en\/#website"},"primaryImageOfPage":{"@id":"https:\/\/cms.alj3.clients.lemonhq.io\/tr\/news\/the-jameel-family-embarks-on-a-new-chapter-of-supporting-the-community-5\/#primaryimage"},"image":{"@id":"https:\/\/cms.alj3.clients.lemonhq.io\/tr\/news\/the-jameel-family-embarks-on-a-new-chapter-of-supporting-the-community-5\/#primaryimage"},"thumbnailUrl":"https:\/\/media.alj3.clients.lemonhq.io\/wp-content\/uploads\/2024\/10\/Mohammed-Jameel-KBE-resized.jpg","datePublished":"2020-11-08T03:39:08+00:00","dateModified":"2026-04-21T10:57:23+00:00","breadcrumb":{"@id":"https:\/\/cms.alj3.clients.lemonhq.io\/tr\/news\/the-jameel-family-embarks-on-a-new-chapter-of-supporting-the-community-5\/#breadcrumb"},"inLanguage":"tr","potentialAction":[{"@type":"ReadAction","target":["https:\/\/cms.alj3.clients.lemonhq.io\/tr\/news\/the-jameel-family-embarks-on-a-new-chapter-of-supporting-the-community-5\/"]}]},{"@type":"ImageObject","inLanguage":"tr","@id":"https:\/\/cms.alj3.clients.lemonhq.io\/tr\/news\/the-jameel-family-embarks-on-a-new-chapter-of-supporting-the-community-5\/#primaryimage","url":"https:\/\/media.alj3.clients.lemonhq.io\/wp-content\/uploads\/2024\/10\/Mohammed-Jameel-KBE-resized.jpg","contentUrl":"https:\/\/media.alj3.clients.lemonhq.io\/wp-content\/uploads\/2024\/10\/Mohammed-Jameel-KBE-resized.jpg","width":548,"height":357},{"@type":"BreadcrumbList","@id":"https:\/\/cms.alj3.clients.lemonhq.io\/tr\/news\/the-jameel-family-embarks-on-a-new-chapter-of-supporting-the-community-5\/#breadcrumb","itemListElement":[{"@type":"ListItem","position":1,"name":"Home","item":"https:\/\/10.0.2.222\/en\/"},{"@type":"ListItem","position":2,"name":"Jameel ailesi toplumu destekleme konusunda yeni bir sayfa a\u00e7\u0131yor"}]},{"@type":"WebSite","@id":"https:\/\/10.0.2.222\/en\/#website","url":"https:\/\/10.0.2.222\/en\/","name":"Abdul Latif Jameel","description":"","potentialAction":[{"@type":"SearchAction","target":{"@type":"EntryPoint","urlTemplate":"https:\/\/10.0.2.222\/en\/?s={search_term_string}"},"query-input":{"@type":"PropertyValueSpecification","valueRequired":true,"valueName":"search_term_string"}}],"inLanguage":"tr"}]}},"post-meta-fields":{"_published_date":["field_6057129b493f5"],"published_date":["20201108"],"_location":["field_601267396ce72"],"location":["Cidde, Suudi Arabistan"],"_featured":["field_601a3b473c5c5"],"featured":["0"],"_footnotes":["field_66fd39afb9383"],"footnotes":[""],"_business_sector":["field_66f6b5bcac8cb"],"business_sector":["Community Jameel"],"_content_series":["field_66fe3c439f8f6"],"content_series":[""],"_old_post_id":["field_66fe3fd59f8f7"],"old_post_id":["85885"],"_short_title":["field_60925d67125ef"],"short_title":["Toplumu desteklemede yeni bir sayfa a\u00e7\u0131l\u0131yor"],"_summary":["field_6019304103a20"],"summary":["Community Jameel, bu \u00f6nemli d\u00f6n\u00fcm noktas\u0131nda bir\u00e7ok stratejik de\u011fi\u015fikli\u011fin uygulanaca\u011f\u0131 yeni bir sayfa a\u00e7\u0131yor."],"_mobile_featured_image":["field_66f6b4bee65f3"],"mobile_featured_image":["https:\/\/media.alj3.clients.lemonhq.io\/wp-content\/uploads\/2024\/10\/Mohammed-Jameel-KBE-mobile.jpg"],"_push_notification":["field_66f6b47de65f1"],"push_notification":[""],"_publish_mobile":["field_66f6b491e65f2"],"publish_mobile":["0"],"_status":["field_652694983fe12"],"status":["publish"],"_thumbnail_id":["3623"],"_wp_page_template":["default"],"_last_translation_edit_mode":["native-editor"],"select_category":["international"],"_edit_lock":["1776864141:22"],"_edit_last":["22"],"_select_category":["field_6937c5cade1ee"],"_ame_cpe_post_policy":["{\"accessProtection\":{\"active\":\"replace\"}}"],"_wpml_media_duplicate":["1"],"_wpml_media_featured":["1"],"_yoast_wpseo_content_score":["60"],"_yoast_wpseo_estimated-reading-time-minutes":["2"]},"_links":{"self":[{"href":"https:\/\/cms.alj3.clients.lemonhq.io\/tr\/wp-json\/wp\/v2\/pressrelease\/3682","targetHints":{"allow":["GET"]}}],"collection":[{"href":"https:\/\/cms.alj3.clients.lemonhq.io\/tr\/wp-json\/wp\/v2\/pressrelease"}],"about":[{"href":"https:\/\/cms.alj3.clients.lemonhq.io\/tr\/wp-json\/wp\/v2\/types\/pressrelease"}],"wp:featuredmedia":[{"embeddable":true,"href":"https:\/\/cms.alj3.clients.lemonhq.io\/tr\/wp-json\/wp\/v2\/media\/3623"}],"wp:attachment":[{"href":"https:\/\/cms.alj3.clients.lemonhq.io\/tr\/wp-json\/wp\/v2\/media?parent=3682"}],"curies":[{"name":"wp","href":"https:\/\/api.w.org\/{rel}","templated":true}]}}