{"id":3664,"date":"2021-02-18T12:10:04","date_gmt":"2021-02-18T12:10:04","guid":{"rendered":"https:\/\/cms.alj3.clients.lemonhq.io\/press-release\/abdul-latif-jameel-energy-underlines-commitment-to-a-sustainable-future-in-powerful-new-video-3\/"},"modified":"2024-10-25T12:22:08","modified_gmt":"2024-10-25T12:22:08","slug":"abdul-latif-jameel-energy-underlines-commitment-to-a-sustainable-future-in-powerful-new-video-3","status":"publish","type":"pressrelease","link":"https:\/\/cms.alj3.clients.lemonhq.io\/tr\/news\/abdul-latif-jameel-energy-underlines-commitment-to-a-sustainable-future-in-powerful-new-video-3\/","title":{"rendered":"Abdul Latif Jameel Energy, g\u00fc\u00e7l\u00fc bir mesaj veren bu yeni videoda s\u00fcrd\u00fcr\u00fclebilir bir gelece\u011fe olan ba\u011fl\u0131l\u0131\u011f\u0131n\u0131 vurguluyor"},"content":{"rendered":"\n<p><a href=\"https:\/\/www.alj.com\/en\/energy-and-environmental-services\/energy-overview\/\" target=\"_blank\" rel=\"noopener noreferrer\">Abdul Latif Jameel Energy<\/a> has underlined its ongoing commitment to driving the transition to a sustainable energy future in a powerful new video which brings into focus the pressing need to reimagine the future of energy and the bold ambitions and notable achievements of their flagship global developer of renewable energy solutions, <a href=\"https:\/\/frv.com\/en\/\" target=\"_blank\" rel=\"noopener noreferrer\">FRV<\/a>.<\/p>\n\n<p>With a proven track record of utility scale projects around the world, stretching back over 15 years, and a family business like our Abdul Latif Jameel, Abdul Latif Jameel Energy partnered with FRV in 2014 before acquiring the solar photovoltaic developer one year later.\u00a0<\/p>\n\n<p>In the new video, the urgent demand for energy is highlighted, against the backdrop of an increasing population, increasing urbanization and our insatiable hunger for the proliferating technology of our modern world. \u00a0How do we meet this demand and ensure everyone has access to the electricity that powers everything from food production to healthcare?\u00a0 Ans perhaps, more importantly, how can we meet the demand sustainably?<\/p>\n\n<p>We outline our ambitious investment in the renewables sector, expanding FRV\u2019s global reach and breadth of capabilities by building on their established expertise.<\/p>\n\n<p>Take a journey discovering the global reach of FRV as the video highlights successful projects in Uruguay, Mexico, Jordan, India, Armenia, Japan, Chile, and right back to where it all began in Trujillo, Spain.<\/p>\n<figure class=\"wp-block-embed is-type-video is-provider-youtube wp-block-embed-youtube wp-embed-aspect-16-9 wp-has-aspect-ratio\"><div class=\"wp-block-embed__wrapper\">https:\/\/www.youtube.com\/embed\/Mw5_Te0Fe-A<\/div><\/figure>\n<p>Abdul Latif Jameel is committed to its role in being part of this energy transition, an ambition that is aligned with <a href=\"https:\/\/sdgs.un.org\/\" target=\"_blank\" rel=\"noopener noreferrer\">United Nations Sustainable Development Goals<\/a>, and particularly, <a href=\"https:\/\/sdgs.un.org\/goals\/goal7\" target=\"_blank\" rel=\"noopener noreferrer\">SGD7<\/a> working to ensure access to affordable, reliable, sustainable and modern energy for all.\u00a0<\/p>\n\n<p><a href=\"https:\/\/www.alj.com\/en\/our-people\/fady-jameel\/\">Fady Jameel<\/a>, Deputy President and Vice Chairman, Abdul Latif Jameel says that we need clean energy now to recharge our economies.<\/p>\n\n<p>His recent <a href=\"https:\/\/www.alj.com\/en\/spotlight-by-fady-jameel\/we-need-clean-energy-to-recharge-our-economies\/\" target=\"_blank\" rel=\"noopener noreferrer\">Spotlight feature<\/a> outlines the climate crisis against the dramatic backdrop of a global health pandemic and argues it risks being delegated from a position of \u2018too big to ignore\u2019 to \u2018we\u2019re too busy to tackle this now\u2019.<\/p>\n\n<p>In his article Fady states that:<\/p>\n\n<blockquote class=\"wp-block-quote is-layout-flow wp-block-quote-is-layout-flow\">\n<p><em>\u201cPrompted by the sharp rise in home schooling and remote working during the pandemic, governments could take the opportunity to refocus attentions on affordable, dependable electricity supplies.<\/em><\/p>\n\n\n\n<p><em>Spending now to strengthen power grids will prepare them for the technologies of the future, and for the integration of a greater share of wind and solar energy in years to come.\u00a0 And while we\u2019re thinking in cutting-edge terms, what better time to pave the way for battery, hydrogen cell and carbon capture technologies? \u00a0Pumping timely funds into these fast-moving areas will make them much more cost-competitive, to say nothing of creating near-limitless job streams.\u201d<\/em><\/p>\n<\/blockquote>\n\n<p>As we look beyond today, we continue to invest in a transition to a more sustainable energy future that is not only necessary but inevitable. \u00a0In the next four years, FRV expects investment of in fixed assets set to double the total installed capacity under management by 2024, and we remain committed to accelerate the democratization of <a href=\"https:\/\/www.alj.com\/en\/energy-and-environmental-services\/energy-overview\/\">renewable energy<\/a>, increasing accessibility for all.\u00a0<\/p>\n","protected":false},"featured_media":3657,"menu_order":0,"template":"","class_list":["post-3664","pressrelease","type-pressrelease","status-publish","has-post-thumbnail","hentry"],"acf":[],"yoast_head":"<!-- This site is optimized with the Yoast SEO plugin v26.5 - https:\/\/yoast.com\/wordpress\/plugins\/seo\/ -->\n<title>Abdul Latif Jameel Energy, g\u00fc\u00e7l\u00fc bir mesaj veren bu yeni videoda s\u00fcrd\u00fcr\u00fclebilir bir gelece\u011fe olan ba\u011fl\u0131l\u0131\u011f\u0131n\u0131 vurguluyor - Abdul Latif Jameel<\/title>\n<meta name=\"robots\" content=\"noindex, follow, max-snippet:-1, max-image-preview:large, max-video-preview:-1\" \/>\n<meta property=\"og:locale\" content=\"tr_TR\" \/>\n<meta property=\"og:type\" content=\"article\" \/>\n<meta property=\"og:title\" content=\"Abdul Latif Jameel Energy, g\u00fc\u00e7l\u00fc bir mesaj veren bu yeni videoda s\u00fcrd\u00fcr\u00fclebilir bir gelece\u011fe olan ba\u011fl\u0131l\u0131\u011f\u0131n\u0131 vurguluyor - Abdul Latif Jameel\" \/>\n<meta property=\"og:description\" content=\"Abdul Latif Jameel Energy has underlined its ongoing commitment to driving the transition to a sustainable energy future in a powerful new video which brings into focus the pressing need to reimagine the future of energy and the bold ambitions and notable achievements of their flagship global developer of renewable energy solutions, FRV. With a [&hellip;]\" \/>\n<meta property=\"og:url\" content=\"https:\/\/cms.alj3.clients.lemonhq.io\/tr\/news\/abdul-latif-jameel-energy-underlines-commitment-to-a-sustainable-future-in-powerful-new-video-3\/\" \/>\n<meta property=\"og:site_name\" content=\"Abdul Latif Jameel\" \/>\n<meta property=\"article:modified_time\" content=\"2024-10-25T12:22:08+00:00\" \/>\n<meta property=\"og:image\" content=\"https:\/\/media.alj3.clients.lemonhq.io\/wp-content\/uploads\/2024\/10\/ALJ-Energy-FRV-Madrid-Solar-Farm-scaled.jpg\" \/>\n\t<meta property=\"og:image:width\" content=\"2560\" \/>\n\t<meta property=\"og:image:height\" content=\"1438\" \/>\n\t<meta property=\"og:image:type\" content=\"image\/jpeg\" \/>\n<meta name=\"twitter:card\" content=\"summary_large_image\" \/>\n<meta name=\"twitter:label1\" content=\"Tahmini okuma s\u00fcresi\" \/>\n\t<meta name=\"twitter:data1\" content=\"3 dakika\" \/>\n<script type=\"application\/ld+json\" class=\"yoast-schema-graph\">{\"@context\":\"https:\/\/schema.org\",\"@graph\":[{\"@type\":\"WebPage\",\"@id\":\"https:\/\/cms.alj3.clients.lemonhq.io\/tr\/news\/abdul-latif-jameel-energy-underlines-commitment-to-a-sustainable-future-in-powerful-new-video-3\/\",\"url\":\"https:\/\/cms.alj3.clients.lemonhq.io\/tr\/news\/abdul-latif-jameel-energy-underlines-commitment-to-a-sustainable-future-in-powerful-new-video-3\/\",\"name\":\"Abdul Latif Jameel Energy, g\u00fc\u00e7l\u00fc bir mesaj veren bu yeni videoda s\u00fcrd\u00fcr\u00fclebilir bir gelece\u011fe olan ba\u011fl\u0131l\u0131\u011f\u0131n\u0131 vurguluyor - Abdul Latif Jameel\",\"isPartOf\":{\"@id\":\"https:\/\/10.0.2.222\/en\/#website\"},\"primaryImageOfPage\":{\"@id\":\"https:\/\/cms.alj3.clients.lemonhq.io\/tr\/news\/abdul-latif-jameel-energy-underlines-commitment-to-a-sustainable-future-in-powerful-new-video-3\/#primaryimage\"},\"image\":{\"@id\":\"https:\/\/cms.alj3.clients.lemonhq.io\/tr\/news\/abdul-latif-jameel-energy-underlines-commitment-to-a-sustainable-future-in-powerful-new-video-3\/#primaryimage\"},\"thumbnailUrl\":\"https:\/\/media.alj3.clients.lemonhq.io\/wp-content\/uploads\/2024\/10\/ALJ-Energy-FRV-Madrid-Solar-Farm-scaled.jpg\",\"datePublished\":\"2021-02-18T12:10:04+00:00\",\"dateModified\":\"2024-10-25T12:22:08+00:00\",\"breadcrumb\":{\"@id\":\"https:\/\/cms.alj3.clients.lemonhq.io\/tr\/news\/abdul-latif-jameel-energy-underlines-commitment-to-a-sustainable-future-in-powerful-new-video-3\/#breadcrumb\"},\"inLanguage\":\"tr\",\"potentialAction\":[{\"@type\":\"ReadAction\",\"target\":[\"https:\/\/cms.alj3.clients.lemonhq.io\/tr\/news\/abdul-latif-jameel-energy-underlines-commitment-to-a-sustainable-future-in-powerful-new-video-3\/\"]}]},{\"@type\":\"ImageObject\",\"inLanguage\":\"tr\",\"@id\":\"https:\/\/cms.alj3.clients.lemonhq.io\/tr\/news\/abdul-latif-jameel-energy-underlines-commitment-to-a-sustainable-future-in-powerful-new-video-3\/#primaryimage\",\"url\":\"https:\/\/media.alj3.clients.lemonhq.io\/wp-content\/uploads\/2024\/10\/ALJ-Energy-FRV-Madrid-Solar-Farm-scaled.jpg\",\"contentUrl\":\"https:\/\/media.alj3.clients.lemonhq.io\/wp-content\/uploads\/2024\/10\/ALJ-Energy-FRV-Madrid-Solar-Farm-scaled.jpg\",\"width\":2560,\"height\":1438},{\"@type\":\"BreadcrumbList\",\"@id\":\"https:\/\/cms.alj3.clients.lemonhq.io\/tr\/news\/abdul-latif-jameel-energy-underlines-commitment-to-a-sustainable-future-in-powerful-new-video-3\/#breadcrumb\",\"itemListElement\":[{\"@type\":\"ListItem\",\"position\":1,\"name\":\"Home\",\"item\":\"https:\/\/10.0.2.222\/en\/\"},{\"@type\":\"ListItem\",\"position\":2,\"name\":\"Abdul Latif Jameel Energy, g\u00fc\u00e7l\u00fc bir mesaj veren bu yeni videoda s\u00fcrd\u00fcr\u00fclebilir bir gelece\u011fe olan ba\u011fl\u0131l\u0131\u011f\u0131n\u0131 vurguluyor\"}]},{\"@type\":\"WebSite\",\"@id\":\"https:\/\/10.0.2.222\/en\/#website\",\"url\":\"https:\/\/10.0.2.222\/en\/\",\"name\":\"Abdul Latif Jameel\",\"description\":\"\",\"potentialAction\":[{\"@type\":\"SearchAction\",\"target\":{\"@type\":\"EntryPoint\",\"urlTemplate\":\"https:\/\/10.0.2.222\/en\/?s={search_term_string}\"},\"query-input\":{\"@type\":\"PropertyValueSpecification\",\"valueRequired\":true,\"valueName\":\"search_term_string\"}}],\"inLanguage\":\"tr\"}]}<\/script>\n<!-- \/ Yoast SEO plugin. -->","yoast_head_json":{"title":"Abdul Latif Jameel Energy, g\u00fc\u00e7l\u00fc bir mesaj veren bu yeni videoda s\u00fcrd\u00fcr\u00fclebilir bir gelece\u011fe olan ba\u011fl\u0131l\u0131\u011f\u0131n\u0131 vurguluyor - Abdul Latif Jameel","robots":{"index":"noindex","follow":"follow","max-snippet":"max-snippet:-1","max-image-preview":"max-image-preview:large","max-video-preview":"max-video-preview:-1"},"og_locale":"tr_TR","og_type":"article","og_title":"Abdul Latif Jameel Energy, g\u00fc\u00e7l\u00fc bir mesaj veren bu yeni videoda s\u00fcrd\u00fcr\u00fclebilir bir gelece\u011fe olan ba\u011fl\u0131l\u0131\u011f\u0131n\u0131 vurguluyor - Abdul Latif Jameel","og_description":"Abdul Latif Jameel Energy has underlined its ongoing commitment to driving the transition to a sustainable energy future in a powerful new video which brings into focus the pressing need to reimagine the future of energy and the bold ambitions and notable achievements of their flagship global developer of renewable energy solutions, FRV. With a [&hellip;]","og_url":"https:\/\/cms.alj3.clients.lemonhq.io\/tr\/news\/abdul-latif-jameel-energy-underlines-commitment-to-a-sustainable-future-in-powerful-new-video-3\/","og_site_name":"Abdul Latif Jameel","article_modified_time":"2024-10-25T12:22:08+00:00","og_image":[{"width":2560,"height":1438,"url":"https:\/\/media.alj3.clients.lemonhq.io\/wp-content\/uploads\/2024\/10\/ALJ-Energy-FRV-Madrid-Solar-Farm-scaled.jpg","type":"image\/jpeg"}],"twitter_card":"summary_large_image","twitter_misc":{"Tahmini okuma s\u00fcresi":"3 dakika"},"schema":{"@context":"https:\/\/schema.org","@graph":[{"@type":"WebPage","@id":"https:\/\/cms.alj3.clients.lemonhq.io\/tr\/news\/abdul-latif-jameel-energy-underlines-commitment-to-a-sustainable-future-in-powerful-new-video-3\/","url":"https:\/\/cms.alj3.clients.lemonhq.io\/tr\/news\/abdul-latif-jameel-energy-underlines-commitment-to-a-sustainable-future-in-powerful-new-video-3\/","name":"Abdul Latif Jameel Energy, g\u00fc\u00e7l\u00fc bir mesaj veren bu yeni videoda s\u00fcrd\u00fcr\u00fclebilir bir gelece\u011fe olan ba\u011fl\u0131l\u0131\u011f\u0131n\u0131 vurguluyor - Abdul Latif Jameel","isPartOf":{"@id":"https:\/\/10.0.2.222\/en\/#website"},"primaryImageOfPage":{"@id":"https:\/\/cms.alj3.clients.lemonhq.io\/tr\/news\/abdul-latif-jameel-energy-underlines-commitment-to-a-sustainable-future-in-powerful-new-video-3\/#primaryimage"},"image":{"@id":"https:\/\/cms.alj3.clients.lemonhq.io\/tr\/news\/abdul-latif-jameel-energy-underlines-commitment-to-a-sustainable-future-in-powerful-new-video-3\/#primaryimage"},"thumbnailUrl":"https:\/\/media.alj3.clients.lemonhq.io\/wp-content\/uploads\/2024\/10\/ALJ-Energy-FRV-Madrid-Solar-Farm-scaled.jpg","datePublished":"2021-02-18T12:10:04+00:00","dateModified":"2024-10-25T12:22:08+00:00","breadcrumb":{"@id":"https:\/\/cms.alj3.clients.lemonhq.io\/tr\/news\/abdul-latif-jameel-energy-underlines-commitment-to-a-sustainable-future-in-powerful-new-video-3\/#breadcrumb"},"inLanguage":"tr","potentialAction":[{"@type":"ReadAction","target":["https:\/\/cms.alj3.clients.lemonhq.io\/tr\/news\/abdul-latif-jameel-energy-underlines-commitment-to-a-sustainable-future-in-powerful-new-video-3\/"]}]},{"@type":"ImageObject","inLanguage":"tr","@id":"https:\/\/cms.alj3.clients.lemonhq.io\/tr\/news\/abdul-latif-jameel-energy-underlines-commitment-to-a-sustainable-future-in-powerful-new-video-3\/#primaryimage","url":"https:\/\/media.alj3.clients.lemonhq.io\/wp-content\/uploads\/2024\/10\/ALJ-Energy-FRV-Madrid-Solar-Farm-scaled.jpg","contentUrl":"https:\/\/media.alj3.clients.lemonhq.io\/wp-content\/uploads\/2024\/10\/ALJ-Energy-FRV-Madrid-Solar-Farm-scaled.jpg","width":2560,"height":1438},{"@type":"BreadcrumbList","@id":"https:\/\/cms.alj3.clients.lemonhq.io\/tr\/news\/abdul-latif-jameel-energy-underlines-commitment-to-a-sustainable-future-in-powerful-new-video-3\/#breadcrumb","itemListElement":[{"@type":"ListItem","position":1,"name":"Home","item":"https:\/\/10.0.2.222\/en\/"},{"@type":"ListItem","position":2,"name":"Abdul Latif Jameel Energy, g\u00fc\u00e7l\u00fc bir mesaj veren bu yeni videoda s\u00fcrd\u00fcr\u00fclebilir bir gelece\u011fe olan ba\u011fl\u0131l\u0131\u011f\u0131n\u0131 vurguluyor"}]},{"@type":"WebSite","@id":"https:\/\/10.0.2.222\/en\/#website","url":"https:\/\/10.0.2.222\/en\/","name":"Abdul Latif Jameel","description":"","potentialAction":[{"@type":"SearchAction","target":{"@type":"EntryPoint","urlTemplate":"https:\/\/10.0.2.222\/en\/?s={search_term_string}"},"query-input":{"@type":"PropertyValueSpecification","valueRequired":true,"valueName":"search_term_string"}}],"inLanguage":"tr"}]}},"post-meta-fields":{"_published_date":["field_6057129b493f5"],"published_date":["20210218"],"_location":["field_601267396ce72"],"location":[""],"_featured":["field_601a3b473c5c5"],"featured":[""],"_footnotes":["field_66fd39afb9383"],"footnotes":[""],"_business_sector":["field_66f6b5bcac8cb"],"business_sector":["Enerji"],"_content_series":["field_66fe3c439f8f6"],"content_series":[""],"_old_post_id":["field_66fe3fd59f8f7"],"old_post_id":["85827"],"_short_title":["field_60925d67125ef"],"short_title":["S\u00fcrd\u00fcr\u00fclebilir bir gelece\u011fe ba\u011fl\u0131l\u0131k"],"_summary":["field_6019304103a20"],"summary":["Abdul Latif Jameel Energy, enerjinin gelece\u011fini ve yenilenebilir enerji \u00e7\u00f6z\u00fcmleri geli\u015ftiricisi olan amiral gemisi i\u015fletmesi FRV\u2019nin cesur tutkular\u0131n\u0131 ve \u00f6nemli ba\u015far\u0131lar\u0131n\u0131 yeniden tasarlamak i\u00e7in duyulan acil ihtiyac\u0131 vurgulayan g\u00fc\u00e7l\u00fc bir mesaj veren bu yeni videoda, gelecekte s\u00fcrd\u00fcr\u00fclebilir enerjiye ge\u00e7i\u015fi te\u015fvik etmeye y\u00f6nelik ba\u011fl\u0131l\u0131klar\u0131n\u0131n devam edece\u011fini vurguluyor."],"_mobile_featured_image":["field_66f6b4bee65f3"],"mobile_featured_image":["https:\/\/media.alj3.clients.lemonhq.io\/wp-content\/uploads\/2024\/10\/ALJ-Energy-FRV-Madrid-Solar-Farm-scaled-1.jpg"],"_push_notification":["field_66f6b47de65f1"],"push_notification":[""],"_publish_mobile":["field_66f6b491e65f2"],"publish_mobile":["1"],"_status":["field_652694983fe12"],"status":["publish"],"_thumbnail_id":["3657"],"_wp_page_template":["default"],"_last_translation_edit_mode":["translation-editor"],"select_category":["international"],"_edit_lock":["1776775196:22"]},"_links":{"self":[{"href":"https:\/\/cms.alj3.clients.lemonhq.io\/tr\/wp-json\/wp\/v2\/pressrelease\/3664","targetHints":{"allow":["GET"]}}],"collection":[{"href":"https:\/\/cms.alj3.clients.lemonhq.io\/tr\/wp-json\/wp\/v2\/pressrelease"}],"about":[{"href":"https:\/\/cms.alj3.clients.lemonhq.io\/tr\/wp-json\/wp\/v2\/types\/pressrelease"}],"wp:featuredmedia":[{"embeddable":true,"href":"https:\/\/cms.alj3.clients.lemonhq.io\/tr\/wp-json\/wp\/v2\/media\/3657"}],"wp:attachment":[{"href":"https:\/\/cms.alj3.clients.lemonhq.io\/tr\/wp-json\/wp\/v2\/media?parent=3664"}],"curies":[{"name":"wp","href":"https:\/\/api.w.org\/{rel}","templated":true}]}}