{"id":2388,"date":"2018-10-31T06:06:06","date_gmt":"2018-10-31T06:06:06","guid":{"rendered":"https:\/\/cms.alj3.clients.lemonhq.io\/press-release\/building-youth-community-jameel-arts-centre-dubai-gathers-next-generation-creative-leaders-pioneering-youth-assembly-5\/"},"modified":"2024-10-17T06:51:40","modified_gmt":"2024-10-17T06:51:40","slug":"building-youth-community-jameel-arts-centre-dubai-gathers-next-generation-creative-leaders-pioneering-youth-assembly","status":"publish","type":"pressrelease","link":"https:\/\/cms.alj3.clients.lemonhq.io\/tr\/news\/building-youth-community-jameel-arts-centre-dubai-gathers-next-generation-creative-leaders-pioneering-youth-assembly\/","title":{"rendered":"Gen\u00e7 bir toplum olu\u015fturma: Jameel Sanat Merkezi, Dubai \u00f6nc\u00fc Gen\u00e7lik Kongresiyle gelecek neslin yarat\u0131c\u0131 liderlerini bir araya getiriyor"},"content":{"rendered":"\n<ul class=\"wp-block-list\">\n<li>Dokuz gen\u00e7 ressam, yazar, mimar, yarat\u0131c\u0131 tasar\u0131mc\u0131, animat\u00f6r, sosyal giri\u015fimci ve kodlay\u0131c\u0131dan olu\u015fan bir grup Jameel Sanat Merkezi Gen\u00e7lik Kongresi\u2019nin a\u00e7\u0131l\u0131\u015f\u0131nda bir araya geliyor<\/li>\n\n\n\n<li>Grup, Jameel Sanat Merkezi\u2019nde Kas\u0131m 2018\u2019den Nisan 2019\u2019a kadar s\u00fcrecek olan bu a\u00e7\u0131l\u0131\u015f oturumunda kendi programlar\u0131n\u0131 geli\u015ftirme sorumlulu\u011fu ta\u015f\u0131yor<\/li>\n\n\n\n<li>Yenilik\u00e7i denkler aras\u0131 program gen\u00e7, 18-25 ya\u015f aras\u0131 bireylere uygun Jameel Sanat Merkezi\u2019ni gen\u00e7 profesyoneller ve yarat\u0131c\u0131 ki\u015filer i\u00e7in bir yuvaya d\u00f6n\u00fc\u015ft\u00fcrecek sanat \u00e7al\u0131\u015fmalar\u0131, tasar\u0131mlar, ara\u015ft\u0131rmalar, giri\u015fimler ve halka a\u00e7\u0131k etkinlikler olu\u015fturulmas\u0131n\u0131 sa\u011flayacak<\/li>\n<\/ul>\n\n\n\n<p><a href=\"https:\/\/artjameel.org\/\"><strong>Art Jameel<\/strong><\/a><strong><u>,<\/u><\/strong> Orta Do\u011fu&#8217;da sanat\u0131, e\u011fitimi ve ge\u00e7mi\u015ften kalan miras\u0131 destekleyen ba\u011f\u0131ms\u0131z organizasyon, bug\u00fcn ya\u015flar\u0131 18 ila 25 aras\u0131nda de\u011fi\u015fen yarat\u0131c\u0131 liderleri te\u015fvik etmek \u00fczere tasarlanm\u0131\u015f bir program olan Gen\u00e7lik Kongresi&#8217;nin ayr\u0131nt\u0131lar\u0131n\u0131 duyuruyor. Merkez i\u00e7in \u201cel\u00e7i\u201d g\u00f6revi \u00fcstlenmenin yan\u0131 s\u0131ra, grup \u00f6zellikle kendi jenerasyonlar\u0131 i\u00e7in programlar tasarlama f\u0131rsat\u0131na sahip olacak. \u0130nisiyatif bu ya\u015f grubu i\u00e7in yeni <a href=\"https:\/\/jameelartscentre.org\/\"><strong>Jameel Sanat Merkezi\u2019nde<\/strong><\/a> tahsis edilen programlaman\u0131n temel ta\u015f\u0131n\u0131 olu\u015fturuyor (11 Kas\u0131m 2018\u2019de a\u00e7\u0131l\u0131yor).<\/p>\n\n\n\n<p>Kas\u0131m 2018\u2019den Nisan 2019\u2019a kadar s\u00fcrecek olan pilot Jameel Sanat Merkezi Gen\u00e7lik Kongresi, Art Jameel\u2019in kapsaml\u0131 yerel sekt\u00f6r liderleri a\u011f\u0131ndan gelen adaylar aras\u0131ndan b\u00fcy\u00fck rekabet s\u00fcreciyle se\u00e7ilen dokuz \u00fcyenin ilgi alanlar\u0131na \u00f6zel inisiyatifler geli\u015ftirecek. Jameel Sanat Merkezi Gen\u00e7lik Kongresi, t\u00fcm BAE vatanda\u015flar\u0131n\u0131n ve uzun vadeli yerle\u015fimcilerin (yedi farkl\u0131 milletten) deneyimlerine ve ilgi alanlar\u0131na yay\u0131l\u0131r ve BAE\u2019den \u00f6teye uzan\u0131r. Se\u00e7ilen \u00fcyeler: Shaikha Al Ketbi (G\u00f6rsel Sanat\u00e7\u0131), Salwa Al Khudairi (Mimar), Abdulghanni Al Nahawi (Tasar\u0131mc\u0131\/Heykelt\u0131ra\u015f), Hassan Adebayo Bello (Sosyal Giri\u015fimci), Sara Bin Safwan (K\u00fcrat\u00f6r Yard\u0131mc\u0131s\u0131\/Sosyal Giri\u015fimci), Jenan Ismail (Grafik Tasar\u0131mc\u0131), Arpana Murugappan (Multimedya Tasar\u0131mc\u0131s\u0131\/Kodlay\u0131c\u0131), Dina Tawil (Dijital Tasar\u0131mc\u0131\/\u0130ll\u00fcstrat\u00f6r), ve Ray Yafi (Grafik Tasar\u0131mc\u0131).<\/p>\n\n\n\n<p>Gen\u00e7lik Kongresi \u00fcyeleri Jameel Sanat Merkezi\u2019nde gen\u00e7likle ilgili bir dizi halka a\u00e7\u0131k etkinlik olu\u015fturacak ve organize edecek, gen\u00e7lerin kat\u0131l\u0131m\u0131n\u0131 te\u015fvik edecek ve \u00fclkelerini organizasyonlar\u0131, kurulu\u015flar\u0131 ve i\u015fletmeleriyle ili\u015fkiler kuracak. \u0130\u015fbirlik\u00e7i, denkler aras\u0131 fikir al\u0131\u015fveri\u015fi ve mentorlu\u011fa, deste\u011fe ve kaynaklara eri\u015fim gitgide geli\u015fen sanat projelerinin, ara\u015ft\u0131rmalar\u0131n, tasar\u0131m konseptlerinin, giri\u015fimlerin ve halka a\u00e7\u0131k etkinliklerin olu\u015fturulmas\u0131n\u0131 sa\u011flayacak; bu deneyim Kongre \u00fcyeleri i\u00e7in benzersiz ger\u00e7ek d\u00fcnya \u00f6\u011frenme deneyimleri sunmak \u00fczere tasarland\u0131.<\/p>\n\n\n\n<p><strong>&nbsp;<\/strong>Gen\u00e7lik Kongresi\u2019nin a\u00e7\u0131k format\u0131 \u00f6nceden belirlenmi\u015f yol haritas\u0131ndan ka\u00e7\u0131n\u0131yor ve \u00fcyeleri kendi adlar\u0131na d\u00fc\u015f\u00fcn\u00fcp kendi benzerlerinin ihtiya\u00e7lar\u0131na kar\u015f\u0131l\u0131k veren programlar geli\u015ftirmeye te\u015fvik ediyor. Potansiyel \u00e7\u0131kt\u0131lar bir dizi at\u00f6lye veya temal\u0131 konu\u015fma, sergi, halka a\u00e7\u0131k giri\u015fim, ara\u015ft\u0131rma projesi veya yay\u0131n, gelecek gen\u00e7li\u011fe y\u00f6nelik programlar i\u00e7in \u00e7er\u00e7eve, gen\u00e7 sanat\u00e7\u0131lar\u0131n e\u011fitimi ve de\u011fi\u015fimi, ara\u015ft\u0131rma malzemeleri, sanat\u00e7\u0131 komisyonu, e\u011fitim programlar\u0131 veya benzeri yenilik\u00e7i projeler olabilir.<\/p>\n\n\n\n<p>Art Jameel\u2019in e\u011fitime ba\u011fl\u0131l\u0131\u011f\u0131n\u0131 yans\u0131tan program gen\u00e7 k\u00fclt\u00fcr liderlerine sanat kurulu\u015funun \u00e7al\u0131\u015fmalar\u0131na dair birinci elden i\u00e7g\u00f6r\u00fcler ve sanat ve k\u00fclt\u00fcr alan\u0131nda yerel, b\u00f6lgesel ve uluslararas\u0131 f\u0131rsatlar\u0131 ke\u015ffetme olana\u011f\u0131 sunar. Art Jameel\u2019in geni\u015f yelpazedeki sanat\u00e7\u0131, k\u00fcrat\u00f6r konseyi ve sekt\u00f6r profesyonelleri ila anlaml\u0131 g\u00f6r\u00fc\u015fmelere ilave olarak, kat\u0131l\u0131mc\u0131lar bireysel kariyerlerini sanat\u00e7\u0131larla ve uzman uygulay\u0131c\u0131larla yuvarlak masa toplant\u0131lar\u0131 ve birebir oturumlar sayesinde daha da geli\u015ftirme \u015fans\u0131na sahip olacaklar.<\/p>\n\n\n\n<p>11 Kas\u0131m 2018\u2019de Dubai\u2019de a\u00e7\u0131lan yenilik\u00e7i k\u00fclt\u00fcrel destinasyon olan Jameel Sanat Merkezi K\u00f6rfez\u2019de kendi t\u00fcr\u00fcndeki ilk sivil modern sanat kurulu\u015fudur.<\/p>\n\n\n\n<p><strong>Jameel Sanat Merkezi <\/strong>hakk\u0131nda daha fazla bilgiye <a href=\"http:\/\/www.jameelartscentre.org\/\"><strong>buradan ula\u015fabilirsiniz.<\/strong><\/a><\/p>\n\n\n\n<p><strong>Jameel Sanat Merkezi Gen\u00e7lik Kongresi <\/strong>hakk\u0131nda daha fazla bilgiye <a href=\"https:\/\/jameelartscentre.org\/programmes\/youth-assembly\/\"><strong>buradan ula\u015fabilirsiniz.<\/strong><\/a><\/p>\n","protected":false},"featured_media":2326,"menu_order":0,"template":"","class_list":["post-2388","pressrelease","type-pressrelease","status-publish","has-post-thumbnail","hentry"],"acf":[],"yoast_head":"<!-- This site is optimized with the Yoast SEO plugin v26.5 - https:\/\/yoast.com\/wordpress\/plugins\/seo\/ -->\n<title>Gen\u00e7 bir toplum olu\u015fturma: Jameel Sanat Merkezi, Dubai \u00f6nc\u00fc Gen\u00e7lik Kongresiyle gelecek neslin yarat\u0131c\u0131 liderlerini bir araya getiriyor - Abdul Latif Jameel<\/title>\n<meta name=\"robots\" content=\"noindex, follow, max-snippet:-1, max-image-preview:large, max-video-preview:-1\" \/>\n<meta property=\"og:locale\" content=\"tr_TR\" \/>\n<meta property=\"og:type\" content=\"article\" \/>\n<meta property=\"og:title\" content=\"Gen\u00e7 bir toplum olu\u015fturma: Jameel Sanat Merkezi, Dubai \u00f6nc\u00fc Gen\u00e7lik Kongresiyle gelecek neslin yarat\u0131c\u0131 liderlerini bir araya getiriyor - Abdul Latif Jameel\" \/>\n<meta property=\"og:description\" content=\"Art Jameel, Orta Do\u011fu&#8217;da sanat\u0131, e\u011fitimi ve ge\u00e7mi\u015ften kalan miras\u0131 destekleyen ba\u011f\u0131ms\u0131z organizasyon, bug\u00fcn ya\u015flar\u0131 18 ila 25 aras\u0131nda de\u011fi\u015fen yarat\u0131c\u0131 liderleri te\u015fvik etmek \u00fczere tasarlanm\u0131\u015f bir program olan Gen\u00e7lik Kongresi&#8217;nin ayr\u0131nt\u0131lar\u0131n\u0131 duyuruyor. Merkez i\u00e7in \u201cel\u00e7i\u201d g\u00f6revi \u00fcstlenmenin yan\u0131 s\u0131ra, grup \u00f6zellikle kendi jenerasyonlar\u0131 i\u00e7in programlar tasarlama f\u0131rsat\u0131na sahip olacak. \u0130nisiyatif bu ya\u015f grubu i\u00e7in [&hellip;]\" \/>\n<meta property=\"og:url\" content=\"https:\/\/cms.alj3.clients.lemonhq.io\/tr\/news\/building-youth-community-jameel-arts-centre-dubai-gathers-next-generation-creative-leaders-pioneering-youth-assembly\/\" \/>\n<meta property=\"og:site_name\" content=\"Abdul Latif Jameel\" \/>\n<meta property=\"article:modified_time\" content=\"2024-10-17T06:51:40+00:00\" \/>\n<meta property=\"og:image\" content=\"https:\/\/media.alj3.clients.lemonhq.io\/wp-content\/uploads\/2024\/10\/Youth-Assembly-Left-to-right-Abdulghanni-Al-Nahawi-Salwa-Al-Khudairi-Arpana-Murugappan-Sara-Bin-Safwan-Jenan-Ismail-Shai-scaled.jpg\" \/>\n\t<meta property=\"og:image:width\" content=\"2560\" \/>\n\t<meta property=\"og:image:height\" content=\"1707\" \/>\n\t<meta property=\"og:image:type\" content=\"image\/jpeg\" \/>\n<meta name=\"twitter:card\" content=\"summary_large_image\" \/>\n<meta name=\"twitter:label1\" content=\"Tahmini okuma s\u00fcresi\" \/>\n\t<meta name=\"twitter:data1\" content=\"4 dakika\" \/>\n<script type=\"application\/ld+json\" class=\"yoast-schema-graph\">{\"@context\":\"https:\/\/schema.org\",\"@graph\":[{\"@type\":\"WebPage\",\"@id\":\"https:\/\/cms.alj3.clients.lemonhq.io\/tr\/news\/building-youth-community-jameel-arts-centre-dubai-gathers-next-generation-creative-leaders-pioneering-youth-assembly\/\",\"url\":\"https:\/\/cms.alj3.clients.lemonhq.io\/tr\/news\/building-youth-community-jameel-arts-centre-dubai-gathers-next-generation-creative-leaders-pioneering-youth-assembly\/\",\"name\":\"Gen\u00e7 bir toplum olu\u015fturma: Jameel Sanat Merkezi, Dubai \u00f6nc\u00fc Gen\u00e7lik Kongresiyle gelecek neslin yarat\u0131c\u0131 liderlerini bir araya getiriyor - Abdul Latif Jameel\",\"isPartOf\":{\"@id\":\"https:\/\/10.0.2.222\/en\/#website\"},\"primaryImageOfPage\":{\"@id\":\"https:\/\/cms.alj3.clients.lemonhq.io\/tr\/news\/building-youth-community-jameel-arts-centre-dubai-gathers-next-generation-creative-leaders-pioneering-youth-assembly\/#primaryimage\"},\"image\":{\"@id\":\"https:\/\/cms.alj3.clients.lemonhq.io\/tr\/news\/building-youth-community-jameel-arts-centre-dubai-gathers-next-generation-creative-leaders-pioneering-youth-assembly\/#primaryimage\"},\"thumbnailUrl\":\"https:\/\/media.alj3.clients.lemonhq.io\/wp-content\/uploads\/2024\/10\/Youth-Assembly-Left-to-right-Abdulghanni-Al-Nahawi-Salwa-Al-Khudairi-Arpana-Murugappan-Sara-Bin-Safwan-Jenan-Ismail-Shai-scaled.jpg\",\"datePublished\":\"2018-10-31T06:06:06+00:00\",\"dateModified\":\"2024-10-17T06:51:40+00:00\",\"breadcrumb\":{\"@id\":\"https:\/\/cms.alj3.clients.lemonhq.io\/tr\/news\/building-youth-community-jameel-arts-centre-dubai-gathers-next-generation-creative-leaders-pioneering-youth-assembly\/#breadcrumb\"},\"inLanguage\":\"tr\",\"potentialAction\":[{\"@type\":\"ReadAction\",\"target\":[\"https:\/\/cms.alj3.clients.lemonhq.io\/tr\/news\/building-youth-community-jameel-arts-centre-dubai-gathers-next-generation-creative-leaders-pioneering-youth-assembly\/\"]}]},{\"@type\":\"ImageObject\",\"inLanguage\":\"tr\",\"@id\":\"https:\/\/cms.alj3.clients.lemonhq.io\/tr\/news\/building-youth-community-jameel-arts-centre-dubai-gathers-next-generation-creative-leaders-pioneering-youth-assembly\/#primaryimage\",\"url\":\"https:\/\/media.alj3.clients.lemonhq.io\/wp-content\/uploads\/2024\/10\/Youth-Assembly-Left-to-right-Abdulghanni-Al-Nahawi-Salwa-Al-Khudairi-Arpana-Murugappan-Sara-Bin-Safwan-Jenan-Ismail-Shai-scaled.jpg\",\"contentUrl\":\"https:\/\/media.alj3.clients.lemonhq.io\/wp-content\/uploads\/2024\/10\/Youth-Assembly-Left-to-right-Abdulghanni-Al-Nahawi-Salwa-Al-Khudairi-Arpana-Murugappan-Sara-Bin-Safwan-Jenan-Ismail-Shai-scaled.jpg\",\"width\":2560,\"height\":1707},{\"@type\":\"BreadcrumbList\",\"@id\":\"https:\/\/cms.alj3.clients.lemonhq.io\/tr\/news\/building-youth-community-jameel-arts-centre-dubai-gathers-next-generation-creative-leaders-pioneering-youth-assembly\/#breadcrumb\",\"itemListElement\":[{\"@type\":\"ListItem\",\"position\":1,\"name\":\"Home\",\"item\":\"https:\/\/10.0.2.222\/en\/\"},{\"@type\":\"ListItem\",\"position\":2,\"name\":\"Gen\u00e7 bir toplum olu\u015fturma: Jameel Sanat Merkezi, Dubai \u00f6nc\u00fc Gen\u00e7lik Kongresiyle gelecek neslin yarat\u0131c\u0131 liderlerini bir araya getiriyor\"}]},{\"@type\":\"WebSite\",\"@id\":\"https:\/\/10.0.2.222\/en\/#website\",\"url\":\"https:\/\/10.0.2.222\/en\/\",\"name\":\"Abdul Latif Jameel\",\"description\":\"\",\"potentialAction\":[{\"@type\":\"SearchAction\",\"target\":{\"@type\":\"EntryPoint\",\"urlTemplate\":\"https:\/\/10.0.2.222\/en\/?s={search_term_string}\"},\"query-input\":{\"@type\":\"PropertyValueSpecification\",\"valueRequired\":true,\"valueName\":\"search_term_string\"}}],\"inLanguage\":\"tr\"}]}<\/script>\n<!-- \/ Yoast SEO plugin. -->","yoast_head_json":{"title":"Gen\u00e7 bir toplum olu\u015fturma: Jameel Sanat Merkezi, Dubai \u00f6nc\u00fc Gen\u00e7lik Kongresiyle gelecek neslin yarat\u0131c\u0131 liderlerini bir araya getiriyor - Abdul Latif Jameel","robots":{"index":"noindex","follow":"follow","max-snippet":"max-snippet:-1","max-image-preview":"max-image-preview:large","max-video-preview":"max-video-preview:-1"},"og_locale":"tr_TR","og_type":"article","og_title":"Gen\u00e7 bir toplum olu\u015fturma: Jameel Sanat Merkezi, Dubai \u00f6nc\u00fc Gen\u00e7lik Kongresiyle gelecek neslin yarat\u0131c\u0131 liderlerini bir araya getiriyor - Abdul Latif Jameel","og_description":"Art Jameel, Orta Do\u011fu&#8217;da sanat\u0131, e\u011fitimi ve ge\u00e7mi\u015ften kalan miras\u0131 destekleyen ba\u011f\u0131ms\u0131z organizasyon, bug\u00fcn ya\u015flar\u0131 18 ila 25 aras\u0131nda de\u011fi\u015fen yarat\u0131c\u0131 liderleri te\u015fvik etmek \u00fczere tasarlanm\u0131\u015f bir program olan Gen\u00e7lik Kongresi&#8217;nin ayr\u0131nt\u0131lar\u0131n\u0131 duyuruyor. Merkez i\u00e7in \u201cel\u00e7i\u201d g\u00f6revi \u00fcstlenmenin yan\u0131 s\u0131ra, grup \u00f6zellikle kendi jenerasyonlar\u0131 i\u00e7in programlar tasarlama f\u0131rsat\u0131na sahip olacak. \u0130nisiyatif bu ya\u015f grubu i\u00e7in [&hellip;]","og_url":"https:\/\/cms.alj3.clients.lemonhq.io\/tr\/news\/building-youth-community-jameel-arts-centre-dubai-gathers-next-generation-creative-leaders-pioneering-youth-assembly\/","og_site_name":"Abdul Latif Jameel","article_modified_time":"2024-10-17T06:51:40+00:00","og_image":[{"width":2560,"height":1707,"url":"https:\/\/media.alj3.clients.lemonhq.io\/wp-content\/uploads\/2024\/10\/Youth-Assembly-Left-to-right-Abdulghanni-Al-Nahawi-Salwa-Al-Khudairi-Arpana-Murugappan-Sara-Bin-Safwan-Jenan-Ismail-Shai-scaled.jpg","type":"image\/jpeg"}],"twitter_card":"summary_large_image","twitter_misc":{"Tahmini okuma s\u00fcresi":"4 dakika"},"schema":{"@context":"https:\/\/schema.org","@graph":[{"@type":"WebPage","@id":"https:\/\/cms.alj3.clients.lemonhq.io\/tr\/news\/building-youth-community-jameel-arts-centre-dubai-gathers-next-generation-creative-leaders-pioneering-youth-assembly\/","url":"https:\/\/cms.alj3.clients.lemonhq.io\/tr\/news\/building-youth-community-jameel-arts-centre-dubai-gathers-next-generation-creative-leaders-pioneering-youth-assembly\/","name":"Gen\u00e7 bir toplum olu\u015fturma: Jameel Sanat Merkezi, Dubai \u00f6nc\u00fc Gen\u00e7lik Kongresiyle gelecek neslin yarat\u0131c\u0131 liderlerini bir araya getiriyor - Abdul Latif Jameel","isPartOf":{"@id":"https:\/\/10.0.2.222\/en\/#website"},"primaryImageOfPage":{"@id":"https:\/\/cms.alj3.clients.lemonhq.io\/tr\/news\/building-youth-community-jameel-arts-centre-dubai-gathers-next-generation-creative-leaders-pioneering-youth-assembly\/#primaryimage"},"image":{"@id":"https:\/\/cms.alj3.clients.lemonhq.io\/tr\/news\/building-youth-community-jameel-arts-centre-dubai-gathers-next-generation-creative-leaders-pioneering-youth-assembly\/#primaryimage"},"thumbnailUrl":"https:\/\/media.alj3.clients.lemonhq.io\/wp-content\/uploads\/2024\/10\/Youth-Assembly-Left-to-right-Abdulghanni-Al-Nahawi-Salwa-Al-Khudairi-Arpana-Murugappan-Sara-Bin-Safwan-Jenan-Ismail-Shai-scaled.jpg","datePublished":"2018-10-31T06:06:06+00:00","dateModified":"2024-10-17T06:51:40+00:00","breadcrumb":{"@id":"https:\/\/cms.alj3.clients.lemonhq.io\/tr\/news\/building-youth-community-jameel-arts-centre-dubai-gathers-next-generation-creative-leaders-pioneering-youth-assembly\/#breadcrumb"},"inLanguage":"tr","potentialAction":[{"@type":"ReadAction","target":["https:\/\/cms.alj3.clients.lemonhq.io\/tr\/news\/building-youth-community-jameel-arts-centre-dubai-gathers-next-generation-creative-leaders-pioneering-youth-assembly\/"]}]},{"@type":"ImageObject","inLanguage":"tr","@id":"https:\/\/cms.alj3.clients.lemonhq.io\/tr\/news\/building-youth-community-jameel-arts-centre-dubai-gathers-next-generation-creative-leaders-pioneering-youth-assembly\/#primaryimage","url":"https:\/\/media.alj3.clients.lemonhq.io\/wp-content\/uploads\/2024\/10\/Youth-Assembly-Left-to-right-Abdulghanni-Al-Nahawi-Salwa-Al-Khudairi-Arpana-Murugappan-Sara-Bin-Safwan-Jenan-Ismail-Shai-scaled.jpg","contentUrl":"https:\/\/media.alj3.clients.lemonhq.io\/wp-content\/uploads\/2024\/10\/Youth-Assembly-Left-to-right-Abdulghanni-Al-Nahawi-Salwa-Al-Khudairi-Arpana-Murugappan-Sara-Bin-Safwan-Jenan-Ismail-Shai-scaled.jpg","width":2560,"height":1707},{"@type":"BreadcrumbList","@id":"https:\/\/cms.alj3.clients.lemonhq.io\/tr\/news\/building-youth-community-jameel-arts-centre-dubai-gathers-next-generation-creative-leaders-pioneering-youth-assembly\/#breadcrumb","itemListElement":[{"@type":"ListItem","position":1,"name":"Home","item":"https:\/\/10.0.2.222\/en\/"},{"@type":"ListItem","position":2,"name":"Gen\u00e7 bir toplum olu\u015fturma: Jameel Sanat Merkezi, Dubai \u00f6nc\u00fc Gen\u00e7lik Kongresiyle gelecek neslin yarat\u0131c\u0131 liderlerini bir araya getiriyor"}]},{"@type":"WebSite","@id":"https:\/\/10.0.2.222\/en\/#website","url":"https:\/\/10.0.2.222\/en\/","name":"Abdul Latif Jameel","description":"","potentialAction":[{"@type":"SearchAction","target":{"@type":"EntryPoint","urlTemplate":"https:\/\/10.0.2.222\/en\/?s={search_term_string}"},"query-input":{"@type":"PropertyValueSpecification","valueRequired":true,"valueName":"search_term_string"}}],"inLanguage":"tr"}]}},"post-meta-fields":{"_wp_old_slug":["building-youth-community-jameel-arts-centre-dubai-gathers-next-generation-creative-leaders-pioneering-youth-assembly-5"],"_published_date":["field_6057129b493f5"],"published_date":["20181030"],"_location":["field_601267396ce72"],"location":["Dubai, Birle\u015fik Arap Emirlikleri"],"_featured":["field_601a3b473c5c5"],"featured":[""],"_footnotes":["field_66fd39afb9383"],"footnotes":[""],"_business_sector":["field_66f6b5bcac8cb"],"business_sector":["Community Jameel"],"_content_series":["field_66fe3c439f8f6"],"content_series":[""],"_old_post_id":["field_66fe3fd59f8f7"],"old_post_id":["18419"],"_short_title":["field_60925d67125ef"],"short_title":["Jameel Sanat Merkezi: bir gen\u00e7lik toplulu\u011fu olu\u015fturmak"],"_summary":["field_6019304103a20"],"summary":["Grup, Jameel Sanat Merkezi\u2019nde Kas\u0131m 2018\u2019den Nisan 2019\u2019a kadar s\u00fcrecek olan bu a\u00e7\u0131l\u0131\u015f oturumunda kendi programlar\u0131n\u0131 geli\u015ftirme sorumlulu\u011fu ta\u015f\u0131yor."],"_mobile_featured_image":["field_66f6b4bee65f3"],"mobile_featured_image":["https:\/\/cms.alj3.clients.lemonhq.io\/wp-content\/themes\/alj\/assets\/images\/defaultmobilethumb.jpg"],"_push_notification":["field_66f6b47de65f1"],"push_notification":[""],"_publish_mobile":["field_66f6b491e65f2"],"publish_mobile":["1"],"_status":["field_652694983fe12"],"status":["publish"],"_thumbnail_id":["2326"],"_wp_page_template":["default"],"_wpml_word_count":["{\"total\":518,\"to_translate\":{\"ar\":518,\"zh-hans\":518,\"en\":518,\"fr\":518,\"ja\":518,\"es\":518}}"],"_wpml_location_migration_done":["1"]},"_links":{"self":[{"href":"https:\/\/cms.alj3.clients.lemonhq.io\/tr\/wp-json\/wp\/v2\/pressrelease\/2388","targetHints":{"allow":["GET"]}}],"collection":[{"href":"https:\/\/cms.alj3.clients.lemonhq.io\/tr\/wp-json\/wp\/v2\/pressrelease"}],"about":[{"href":"https:\/\/cms.alj3.clients.lemonhq.io\/tr\/wp-json\/wp\/v2\/types\/pressrelease"}],"wp:featuredmedia":[{"embeddable":true,"href":"https:\/\/cms.alj3.clients.lemonhq.io\/tr\/wp-json\/wp\/v2\/media\/2326"}],"wp:attachment":[{"href":"https:\/\/cms.alj3.clients.lemonhq.io\/tr\/wp-json\/wp\/v2\/media?parent=2388"}],"curies":[{"name":"wp","href":"https:\/\/api.w.org\/{rel}","templated":true}]}}