{"id":2378,"date":"2018-10-23T09:25:44","date_gmt":"2018-10-23T09:25:44","guid":{"rendered":"https:\/\/cms.alj3.clients.lemonhq.io\/press-release\/first-public-access-arts-library-united-arab-emirates-open-3\/"},"modified":"2024-10-17T06:51:38","modified_gmt":"2024-10-17T06:51:38","slug":"first-public-access-arts-library-united-arab-emirates-open","status":"publish","type":"pressrelease","link":"https:\/\/cms.alj3.clients.lemonhq.io\/tr\/news\/first-public-access-arts-library-united-arab-emirates-open\/","title":{"rendered":"Birle\u015fik Arap Emirlikleri\u2019nde a\u00e7\u0131lacak ilk halka a\u00e7\u0131k sanat k\u00fct\u00fcphanesi"},"content":{"rendered":"\n<ul class=\"wp-block-list\">\n<li>Jameel K\u00fct\u00fcphanesi, BAE&#8217;nin ilk a\u00e7\u0131k eri\u015fimli modern sanat k\u00fct\u00fcphanesi ve kaynak merkezi, 000&#8217;den fazla kitap, dergi, katalog ve tez i\u00e7eren kapsaml\u0131, \u00e7ift dilli bir koleksiyon i\u00e7eriyor<\/li>\n\n\n\n<li>K\u00fct\u00fcphanenin koleksiyonu ola\u011fan\u00fcst\u00fc \u015fekilde ortak \u00e7al\u0131\u015fmaya y\u00f6nelik, baz\u0131 malzemeler b\u00f6lgedeki akademik ve k\u00fclt\u00fcrel organizasyonlardan kitle kaynakl\u0131<\/li>\n\n\n\n<li>Bilgi \u00fcreten K\u00fct\u00fcphane programlar\u0131, konu\u015fmalar\u0131, ara\u015ft\u0131rma projelerini, sempozyumlar\u0131 ve okuma gruplar\u0131n\u0131 i\u00e7eriyor; Art Jameel Komisyonlar\u0131 bir yazar\u0131 ara\u015ft\u0131rmaya ve yay\u0131nlamaya odakl\u0131 \u00e7al\u0131\u015fmas\u0131 i\u00e7in giri\u015f hakk\u0131 ile \u00f6d\u00fcllendirecek<\/li>\n\n\n\n<li>Jameel K\u00fct\u00fcphanesi, Jameel Sanat Merkezi, Jaddaf Waterfront, Dubai, 11 Kas\u0131m 2018\u2019de a\u00e7\u0131l\u0131yor<\/li>\n<\/ul>\n\n\n\n<p>Orta Do\u011fu\u2019da sanat\u0131, e\u011fitimi ve miras\u0131 destekleyen <a href=\"https:\/\/artjameel.org\/\"><strong>Art Jameel<\/strong><\/a> bug\u00fcn, yeni <a href=\"http:\/\/www.jameelartscentre.org\/\"><strong>Jamel Sanat Merkezi<\/strong><\/a><strong><u>\u2019nin <\/u><\/strong>(11 Kas\u0131m\u2019da a\u00e7\u0131l\u0131yor) kalbinde yer alan, K\u00f6rfez ve \u00e7evresindeki b\u00f6lgelerin k\u00fclt\u00fcrel miraslar\u0131na adanm\u0131\u015f olan a\u00e7\u0131k bir \u00e7a\u011fda\u015f sanat ara\u015ft\u0131rma merkezi olan Jameel K\u00fct\u00fcphanesi\u2019nin detaylar\u0131n\u0131 a\u00e7\u0131klad\u0131. B\u00f6lgesel sanat toplumu i\u00e7in ger\u00e7ek anlamda \u00f6nc\u00fc bir varl\u0131k olan \u00f6zel \u00e7ift dilli k\u00fct\u00fcphane, t\u00fcr\u00fcn\u00fcn halka a\u00e7\u0131lan ilk \u00f6rne\u011fi.<\/p>\n\n\n\n<p>Art Jameel\u2019in i\u015fbirli\u011fine ba\u011fl\u0131l\u0131\u011f\u0131n\u0131 yans\u0131tan K\u00fct\u00fcphanenin koleksiyonu b\u00fcy\u00fck \u00f6l\u00e7\u00fcde Jameel Sanat Merkezi\u2019nin kapsaml\u0131 yerel, b\u00f6lgesel ve uluslararas\u0131 sanat\u00e7\u0131lar\u0131ndan ve akademik, sanat ve k\u00fclt\u00fcr organizasyonlar\u0131ndan olu\u015fturulmu\u015f. 30\u2019dan fazla organizasyondan uzmanlar yerel ve b\u00f6lgesel sanat manzaras\u0131n\u0131n geli\u015fimini anlatan ve halk\u0131 b\u00f6lgesel sanat\u00e7\u0131lar\u0131n uygulamalar\u0131 hakk\u0131nda bilgilendiren malzemeler g\u00f6nderdi. Gitgide b\u00fcy\u00fcten ar\u015fiv hem \u0130ngilizce hem Arap\u00e7a 2.000 kitap, dergi, katalog, tez, edebiyat \u00e7al\u0131\u015fmas\u0131, sergi dok\u00fcmantasyonu, efemera ve okuma listeleriyle a\u00e7\u0131l\u0131yor. Koleksiyon y\u0131llar i\u00e7inde geni\u015fleyerek sanat\u00e7\u0131lar\u0131n dosyalar\u0131n\u0131 ve multimedya i\u00e7eriklerini ve kapsayacak. Jameel Sanat Merkezi\u2019nin devam eden programlar\u0131n\u0131 ve sergilerini tamamlayan k\u00fct\u00fcphane, Art Jameel Koleksiyonu ile sergi ve komisyonlar\u0131na dahil edilen sanat\u00e7\u0131lar hakk\u0131nda malzemeler de i\u00e7eriyor. K\u00fct\u00fcphane K\u00f6fez\u2019de ger\u00e7ekle\u015fen sergi hikayelerine odaklan\u0131yor ve ge\u00e7mi\u015ften g\u00fcn\u00fcm\u00fcze g\u00f6steriler ve etkinlikler ile ilgili kataloglar, kitaplar ve efemera topluyor.<\/p>\n\n\n\n<blockquote class=\"wp-block-quote is-layout-flow wp-block-quote-is-layout-flow\">\n<p><em>\u201c<\/em>Jameel K\u00fct\u00fcphanesi, bu b\u00f6lgenin k\u00fclt\u00fcrel ge\u00e7mi\u015fine odaklanan halka a\u00e7\u0131k ilk merkez; ola\u011fan\u00fcst\u00fc heyecan verici ve \u00f6nemli bir proje! Bu \u2018sessiz bir k\u00fct\u00fcphane\u2019 olmak yerine konu\u015fmalar\u0131n ve etkinliklerin, tart\u0131\u015fmalar\u0131n ve m\u00fcnazaralar\u0131n oldu\u011fu canl\u0131 bir yer. BAE\u2019nin her yerindeki ve daha da geni\u015f bir b\u00f6lgedeki bize kitap ve malzeme \u00f6neren, hatta ba\u011f\u0131\u015flayan k\u00fclt\u00fcrel kurulu\u015flar\u0131n kat\u0131ld\u0131\u011f\u0131 b\u00fcy\u00fck \u00f6l\u00e7\u00fcde i\u015fbirli\u011fine dayal\u0131 bir proje oldu. Art Jameel ayr\u0131ca yazarlar\u0131 ve ara\u015ft\u0131rmac\u0131lar\u0131 g\u00f6revlendiriyor; b\u00f6ylece ge\u00e7mi\u015fin yan\u0131 s\u0131ra \u201cg\u00fcn\u00fcm\u00fcz\u00fcn hikayesini\u201d de anlat\u0131yoruz. Merkez gibi K\u00fct\u00fcphane de herkese a\u00e7\u0131k ve 11 Kas\u0131m\u2019dan itibaren halk\u0131 a\u011f\u0131rlamak i\u00e7in sab\u0131rs\u0131zlan\u0131yoruz,\u201d diyor Art Jameel \u00d6\u011frenme ve Ara\u015ft\u0131rma B\u00f6l\u00fcm\u00fc Ba\u015fkan\u0131 Uns Kattan.<\/p>\n<\/blockquote>\n\n\n\n<p>Jameel K\u00fct\u00fcphanesi Jameel Sanat Merkezi, Dubai\u2019nin ayr\u0131lmaz bir par\u00e7as\u0131. K\u00fct\u00fcphane\u2019nin koleksiyonu sanatta ve k\u00fclt\u00fcrde g\u00f6m\u00fcl\u00fc olan bilgiyi eri\u015filir k\u0131lmaya; \u00e7ok say\u0131da hikayenin yap\u0131m\u0131na olanak sa\u011flamaya ve bu fikirlerin ak\u0131\u015fkanl\u0131\u011f\u0131n\u0131 g\u00f6r\u00fcn\u00fcr k\u0131lmaya odaklan\u0131yor. Kilit i\u00e7erik konular\u0131: sergi hikayeleri, sanat e\u011fitim projeleri, b\u00f6lgeden ve b\u00f6lge hakk\u0131nda modern s\u00f6ylemler, se\u00e7kin sanat\u00e7\u0131lar\u0131n monograflar\u0131 ve haritalanm\u0131\u015f uygulama ve etki ser\u00fcvenleri.<\/p>\n\n\n\n<p><strong>&nbsp;<\/strong>\u00dccretsiz ve herkese a\u00e7\u0131k olan k\u00fct\u00fcphane \u00f6\u011frenciler, sanat\u00e7\u0131lar, ara\u015ft\u0131rmac\u0131lar, yazarlar, profesyoneller ve \u2018merakl\u0131lar\u2019 i\u00e7in bir yuvaya d\u00f6n\u00fc\u015fecek tamamen online olarak aranabilecek Online Halka A\u00e7\u0131k Katalog (OPAC) ile hem yere hem de global kitle i\u00e7in tasarland\u0131. Gelecek i\u00e7in planlar, koleksiyonun eri\u015filebilirli\u011fini geni\u015fletmek i\u00e7in yay\u0131nlar\u0131n \u00e7o\u011falt\u0131lmas\u0131n\u0131n ve terc\u00fcme edilmesinin yan\u0131 s\u0131ra malzemelerin dijitalle\u015ftirilmesini i\u00e7eriyor.<\/p>\n\n\n\n<p>Jameel K\u00fct\u00fcphanesi\u2019nin a\u00e7\u0131l\u0131\u015f\u0131, BAE\u2019de a\u00e7\u0131lacak olan Safa\u2019daki Dubai K\u00fclt\u00fcr Sanat K\u00fct\u00fcphanesi ve Jaddaf Waterfront\u2019ta Jameel Sanat Merkezi yak\u0131n\u0131ndaki b\u00fcy\u00fck Mohammed Bin Rashid K\u00fct\u00fcphanesi gibi, genel olarak k\u00fct\u00fcphanelere olan geni\u015f \u00e7apl\u0131, yenilenmi\u015f ba\u011fl\u0131l\u0131k ile hizalanm\u0131\u015f durumda.<\/p>\n\n\n\n<p><strong>&nbsp;<\/strong><strong>\u0130lgili programlama<\/strong><\/p>\n\n\n\n<p>Yenilik\u00e7i yazarl\u0131\u011f\u0131 ve ara\u015ft\u0131rmalar\u0131n geli\u015fimini desteklemek \u00fczere tasarlanan bir sonraki Art Jameel Komisyonlar\u0131 program\u0131 bir yazara \u00fc\u00e7 ayl\u0131k giri\u015f izni vererek \u00f6d\u00fcl sahibini Merkez\u2019in \u2018el\u00e7isi\u2019 olup Jameel K\u00fct\u00fcphanesi\u2019nin benzersiz koleksiyonu ile \u00e7al\u0131\u015fmaya davet edecek. \u00dc\u00e7 y\u0131ll\u0131k d\u00f6ng\u00fcl\u00fc y\u0131ll\u0131k program olan Art Jameel Komisyonlar\u0131, Jameel Sanat Merkezi\u2019nin programlamas\u0131n\u0131n temelini olu\u015fturuyor. Art Jameel Komisyonlar\u0131na yap\u0131lacak teklifler i\u00e7in a\u00e7\u0131k \u00e7a\u011fr\u0131: Sanat Yaz\u0131lar\u0131 ve Ara\u015ft\u0131rmalar\u0131 1 Aral\u0131k 2018\u2019e kadar kat\u0131labilir.<\/p>\n\n\n\n<p>Jameel K\u00fct\u00fcphanesi aktif ve dinamik bir \u00f6\u011frenme platformu; konu\u015fmalar, okuma gruplar\u0131, sergilenen bibliyografyalar, sempozyumlar, sergiler ve giri\u015fimler i\u00e7in bir yuva. Bahar 2019 sempozyumu Jameel Sanat Merkezi\u2019nin k\u00fcrat\u00f6rl\u00fc\u011f\u00fcn\u00fc <strong>Murtaza Vali<\/strong>\u2019nin yapt\u0131\u011f\u0131, petrol\u00fc ve tarih, toplum, k\u00fclt\u00fcr, ekonomi, \u00e7evre ve gelecek \u00fczerindeki etkilerini de\u011ferlendiren \u2018Ham\u2019 isimli a\u00e7\u0131l\u0131\u015f sergisinden temalar\u0131 geni\u015fletecek.<\/p>\n\n\n\n<p>Kas\u0131m 2018\u2019den Ocak 2019\u2019a kadar, Jameel K\u00fct\u00fcphanesi <strong>Ara\u015ft\u0131rma St\u00fcdyosu\u2019nun <\/strong>ikinci versiyonuna ev sahipli\u011fi yapacak: Birle\u015fik okuma oturumlar\u0131. Yazar, k\u00fcrat\u00f6r ve \u00e7evirmen taraf\u0131ndan geli\u015ftirilen bir bibliyografiye yan\u0131t olarak <strong>Omar Berrada<\/strong>, disiplinler aras\u0131 sanat\u00e7\u0131 <strong>Noush Anand<\/strong> ve \u00e7evirmen ve ele\u015ftirmen <strong>Hafsa Hariga<\/strong> \u0130ngilizce ve Arap\u00e7a bir dizi \u00fccretsiz, halka a\u00e7\u0131k okuma grubunu y\u00f6netecek. Her muhatap tart\u0131\u015fma, yans\u0131tma ve m\u00fcnazara i\u00e7in bir a\u00e7\u0131k platform olu\u015fturacak. Bu yaz Art Jameel\u2019in Alserkal Caddesi\u2019ndeki gezici alan\u0131nda ger\u00e7ekle\u015fen ilk versiyonda 30 farkl\u0131 kat\u0131l\u0131mc\u0131 yer ald\u0131; bunlar aras\u0131nda BAE\u2019de yerle\u015fik ve aslen Hindistan\u2019dan, Irak\u2019tan, L\u00fcbnan\u2019dan, Pakistan\u2019dan, Filistin\u2019den, Sudan\u2019dan, Suriye\u2019den, Tunus\u2019tan, BAE\u2019den, Amerika Birle\u015fik Devletleri\u2019nden ve Yemen\u2019den gelen oyun yazarlar\u0131, gazeteciler, felsefeciler, teknoloji uzmanlar\u0131, m\u00fchendisler, sanat\u00e7\u0131lar ve kitapseverler bulunuyordu. Daha fazla bilgi ve kaydolmak i\u00e7in, l\u00fctfen <a href=\"mailto:library@artjameel.org\">mailto:library@artjameel.org<\/a> adresine e-posta g\u00f6nderin.<\/p>\n\n\n\n<p><strong>Jameel K\u00fct\u00fcphanesi i\u015fbirlik\u00e7ileri<\/strong><\/p>\n\n\n\n<p>Jameel K\u00fct\u00fcphanesi yurt i\u00e7inden ve yurt d\u0131\u015f\u0131ndan \u00e7ok say\u0131da kurulu\u015fun ve bireyin c\u00f6mert deste\u011fini ald\u0131. Fiziksel yay\u0131n ba\u011f\u0131\u015f\u0131nda bulunan kurulu\u015flar\u0131n ad\u0131n\u0131 i\u00e7eren a\u015fa\u011f\u0131daki listeye ilave olarak \u00e7ok daha fazlas\u0131 \u00f6neriler, okuma listeleri, yat\u0131r\u0131mlar ve di\u011fer destek formlar\u0131yla katk\u0131da bulundu.<\/p>\n\n\n\n<p>Jameel K\u00fct\u00fcphanesi a\u015fa\u011f\u0131da belirtilenlere te\u015fekk\u00fcr\u00fc bor\u00e7 biliyor:<\/p>\n\n\n\n<p>Abu Dhabi Art<\/p>\n\n\n\n<p>Abu Dhabi Music and Arts Foundation<\/p>\n\n\n\n<p>Abu Dhabi Tourism and Culture Authority<\/p>\n\n\n\n<p>Alserkal Avenue<\/p>\n\n\n\n<p>Anita Dawood<\/p>\n\n\n\n<p>Art Dubai<\/p>\n\n\n\n<p>Barjeel Art Foundation<\/p>\n\n\n\n<p>Canvas Magazine<\/p>\n\n\n\n<p>Cona Foundation<\/p>\n\n\n\n<p>Delfina Foundation<\/p>\n\n\n\n<p>Dhaka Art Summit<\/p>\n\n\n\n<p>Dubai Culture &amp; Arts Authority<\/p>\n\n\n\n<p>DUCTAC<\/p>\n\n\n\n<p>Emirates Fine Arts Society<\/p>\n\n\n\n<p>Gallery Isabelle van den Eynde<\/p>\n\n\n\n<p>Green Art Gallery<\/p>\n\n\n\n<p>Hammad Nasar<\/p>\n\n\n\n<p>Hans Ulrich-Obrist<\/p>\n\n\n\n<p>Harper&#8217;s Bazaar Arabia<\/p>\n\n\n\n<p>Iniva<\/p>\n\n\n\n<p>Katrina Weber Ashour<\/p>\n\n\n\n<p>Kevin Jones<\/p>\n\n\n\n<p>Khalid Albudoor<\/p>\n\n\n\n<p>Kochi Biennale<\/p>\n\n\n\n<p>Louvre Abu Dhabi<\/p>\n\n\n\n<p>Maraya Arts Centre<\/p>\n\n\n\n<p>Melissa Gronlund<\/p>\n\n\n\n<p>National Pavilion UAE La Biennale di Venezia<\/p>\n\n\n\n<p>NYUAD Gallery<\/p>\n\n\n\n<p>Sara Naim<\/p>\n\n\n\n<p>Sharjah Art Foundation<\/p>\n\n\n\n<p>Sharjah Museum Authority<\/p>\n\n\n\n<p>Sharjah National Theatre<\/p>\n\n\n\n<p>Tashkeel<\/p>\n\n\n\n<p>The Farjam Foundation<\/p>\n\n\n\n<p>The Salama bint Hamdan Al Nahyan Foundation<\/p>\n\n\n\n<p>The State<\/p>\n\n\n\n<p>UAE Unlimited<\/p>\n\n\n\n<p>Walid Siti<\/p>\n\n\n\n<p>Warehouse 421<\/p>\n\n\n\n<p><strong>Jameel Sanat Merkezi <\/strong>hakk\u0131nda daha fazla bilgiye <a href=\"http:\/\/www.jameelartscentre.org\/\"><strong>buradan<\/strong><\/a><strong> ula\u015fabilirsiniz.<\/strong><\/p>\n\n\n\n<p><strong>Jameel K\u00fct\u00fcphanesi <\/strong>hakk\u0131nda daha fazla bilgiye <a href=\"https:\/\/jameelartscentre.org\/learn\/library\/\"><strong>buradan ula\u015fabilirsiniz.<\/strong><\/a><\/p>\n","protected":false},"featured_media":2322,"menu_order":0,"template":"","class_list":["post-2378","pressrelease","type-pressrelease","status-publish","has-post-thumbnail","hentry"],"acf":[],"yoast_head":"<!-- This site is optimized with the Yoast SEO plugin v26.5 - https:\/\/yoast.com\/wordpress\/plugins\/seo\/ -->\n<title>Birle\u015fik Arap Emirlikleri\u2019nde a\u00e7\u0131lacak ilk halka a\u00e7\u0131k sanat k\u00fct\u00fcphanesi - Abdul Latif Jameel<\/title>\n<meta name=\"robots\" content=\"noindex, follow, max-snippet:-1, max-image-preview:large, max-video-preview:-1\" \/>\n<meta property=\"og:locale\" content=\"tr_TR\" \/>\n<meta property=\"og:type\" content=\"article\" \/>\n<meta property=\"og:title\" content=\"Birle\u015fik Arap Emirlikleri\u2019nde a\u00e7\u0131lacak ilk halka a\u00e7\u0131k sanat k\u00fct\u00fcphanesi - Abdul Latif Jameel\" \/>\n<meta property=\"og:description\" content=\"Orta Do\u011fu\u2019da sanat\u0131, e\u011fitimi ve miras\u0131 destekleyen Art Jameel bug\u00fcn, yeni Jamel Sanat Merkezi\u2019nin (11 Kas\u0131m\u2019da a\u00e7\u0131l\u0131yor) kalbinde yer alan, K\u00f6rfez ve \u00e7evresindeki b\u00f6lgelerin k\u00fclt\u00fcrel miraslar\u0131na adanm\u0131\u015f olan a\u00e7\u0131k bir \u00e7a\u011fda\u015f sanat ara\u015ft\u0131rma merkezi olan Jameel K\u00fct\u00fcphanesi\u2019nin detaylar\u0131n\u0131 a\u00e7\u0131klad\u0131. B\u00f6lgesel sanat toplumu i\u00e7in ger\u00e7ek anlamda \u00f6nc\u00fc bir varl\u0131k olan \u00f6zel \u00e7ift dilli k\u00fct\u00fcphane, t\u00fcr\u00fcn\u00fcn halka [&hellip;]\" \/>\n<meta property=\"og:url\" content=\"https:\/\/cms.alj3.clients.lemonhq.io\/tr\/news\/first-public-access-arts-library-united-arab-emirates-open\/\" \/>\n<meta property=\"og:site_name\" content=\"Abdul Latif Jameel\" \/>\n<meta property=\"article:modified_time\" content=\"2024-10-17T06:51:38+00:00\" \/>\n<meta property=\"og:image\" content=\"https:\/\/media.alj3.clients.lemonhq.io\/wp-content\/uploads\/2024\/10\/Jameel-Library-scaled.jpg\" \/>\n\t<meta property=\"og:image:width\" content=\"2560\" \/>\n\t<meta property=\"og:image:height\" content=\"1706\" \/>\n\t<meta property=\"og:image:type\" content=\"image\/jpeg\" \/>\n<meta name=\"twitter:card\" content=\"summary_large_image\" \/>\n<meta name=\"twitter:label1\" content=\"Tahmini okuma s\u00fcresi\" \/>\n\t<meta name=\"twitter:data1\" content=\"7 dakika\" \/>\n<script type=\"application\/ld+json\" class=\"yoast-schema-graph\">{\"@context\":\"https:\/\/schema.org\",\"@graph\":[{\"@type\":\"WebPage\",\"@id\":\"https:\/\/cms.alj3.clients.lemonhq.io\/tr\/news\/first-public-access-arts-library-united-arab-emirates-open\/\",\"url\":\"https:\/\/cms.alj3.clients.lemonhq.io\/tr\/news\/first-public-access-arts-library-united-arab-emirates-open\/\",\"name\":\"Birle\u015fik Arap Emirlikleri\u2019nde a\u00e7\u0131lacak ilk halka a\u00e7\u0131k sanat k\u00fct\u00fcphanesi - Abdul Latif Jameel\",\"isPartOf\":{\"@id\":\"https:\/\/10.0.2.222\/en\/#website\"},\"primaryImageOfPage\":{\"@id\":\"https:\/\/cms.alj3.clients.lemonhq.io\/tr\/news\/first-public-access-arts-library-united-arab-emirates-open\/#primaryimage\"},\"image\":{\"@id\":\"https:\/\/cms.alj3.clients.lemonhq.io\/tr\/news\/first-public-access-arts-library-united-arab-emirates-open\/#primaryimage\"},\"thumbnailUrl\":\"https:\/\/media.alj3.clients.lemonhq.io\/wp-content\/uploads\/2024\/10\/Jameel-Library-scaled.jpg\",\"datePublished\":\"2018-10-23T09:25:44+00:00\",\"dateModified\":\"2024-10-17T06:51:38+00:00\",\"breadcrumb\":{\"@id\":\"https:\/\/cms.alj3.clients.lemonhq.io\/tr\/news\/first-public-access-arts-library-united-arab-emirates-open\/#breadcrumb\"},\"inLanguage\":\"tr\",\"potentialAction\":[{\"@type\":\"ReadAction\",\"target\":[\"https:\/\/cms.alj3.clients.lemonhq.io\/tr\/news\/first-public-access-arts-library-united-arab-emirates-open\/\"]}]},{\"@type\":\"ImageObject\",\"inLanguage\":\"tr\",\"@id\":\"https:\/\/cms.alj3.clients.lemonhq.io\/tr\/news\/first-public-access-arts-library-united-arab-emirates-open\/#primaryimage\",\"url\":\"https:\/\/media.alj3.clients.lemonhq.io\/wp-content\/uploads\/2024\/10\/Jameel-Library-scaled.jpg\",\"contentUrl\":\"https:\/\/media.alj3.clients.lemonhq.io\/wp-content\/uploads\/2024\/10\/Jameel-Library-scaled.jpg\",\"width\":2560,\"height\":1706},{\"@type\":\"BreadcrumbList\",\"@id\":\"https:\/\/cms.alj3.clients.lemonhq.io\/tr\/news\/first-public-access-arts-library-united-arab-emirates-open\/#breadcrumb\",\"itemListElement\":[{\"@type\":\"ListItem\",\"position\":1,\"name\":\"Home\",\"item\":\"https:\/\/10.0.2.222\/en\/\"},{\"@type\":\"ListItem\",\"position\":2,\"name\":\"Birle\u015fik Arap Emirlikleri\u2019nde a\u00e7\u0131lacak ilk halka a\u00e7\u0131k sanat k\u00fct\u00fcphanesi\"}]},{\"@type\":\"WebSite\",\"@id\":\"https:\/\/10.0.2.222\/en\/#website\",\"url\":\"https:\/\/10.0.2.222\/en\/\",\"name\":\"Abdul Latif Jameel\",\"description\":\"\",\"potentialAction\":[{\"@type\":\"SearchAction\",\"target\":{\"@type\":\"EntryPoint\",\"urlTemplate\":\"https:\/\/10.0.2.222\/en\/?s={search_term_string}\"},\"query-input\":{\"@type\":\"PropertyValueSpecification\",\"valueRequired\":true,\"valueName\":\"search_term_string\"}}],\"inLanguage\":\"tr\"}]}<\/script>\n<!-- \/ Yoast SEO plugin. -->","yoast_head_json":{"title":"Birle\u015fik Arap Emirlikleri\u2019nde a\u00e7\u0131lacak ilk halka a\u00e7\u0131k sanat k\u00fct\u00fcphanesi - Abdul Latif Jameel","robots":{"index":"noindex","follow":"follow","max-snippet":"max-snippet:-1","max-image-preview":"max-image-preview:large","max-video-preview":"max-video-preview:-1"},"og_locale":"tr_TR","og_type":"article","og_title":"Birle\u015fik Arap Emirlikleri\u2019nde a\u00e7\u0131lacak ilk halka a\u00e7\u0131k sanat k\u00fct\u00fcphanesi - Abdul Latif Jameel","og_description":"Orta Do\u011fu\u2019da sanat\u0131, e\u011fitimi ve miras\u0131 destekleyen Art Jameel bug\u00fcn, yeni Jamel Sanat Merkezi\u2019nin (11 Kas\u0131m\u2019da a\u00e7\u0131l\u0131yor) kalbinde yer alan, K\u00f6rfez ve \u00e7evresindeki b\u00f6lgelerin k\u00fclt\u00fcrel miraslar\u0131na adanm\u0131\u015f olan a\u00e7\u0131k bir \u00e7a\u011fda\u015f sanat ara\u015ft\u0131rma merkezi olan Jameel K\u00fct\u00fcphanesi\u2019nin detaylar\u0131n\u0131 a\u00e7\u0131klad\u0131. B\u00f6lgesel sanat toplumu i\u00e7in ger\u00e7ek anlamda \u00f6nc\u00fc bir varl\u0131k olan \u00f6zel \u00e7ift dilli k\u00fct\u00fcphane, t\u00fcr\u00fcn\u00fcn halka [&hellip;]","og_url":"https:\/\/cms.alj3.clients.lemonhq.io\/tr\/news\/first-public-access-arts-library-united-arab-emirates-open\/","og_site_name":"Abdul Latif Jameel","article_modified_time":"2024-10-17T06:51:38+00:00","og_image":[{"width":2560,"height":1706,"url":"https:\/\/media.alj3.clients.lemonhq.io\/wp-content\/uploads\/2024\/10\/Jameel-Library-scaled.jpg","type":"image\/jpeg"}],"twitter_card":"summary_large_image","twitter_misc":{"Tahmini okuma s\u00fcresi":"7 dakika"},"schema":{"@context":"https:\/\/schema.org","@graph":[{"@type":"WebPage","@id":"https:\/\/cms.alj3.clients.lemonhq.io\/tr\/news\/first-public-access-arts-library-united-arab-emirates-open\/","url":"https:\/\/cms.alj3.clients.lemonhq.io\/tr\/news\/first-public-access-arts-library-united-arab-emirates-open\/","name":"Birle\u015fik Arap Emirlikleri\u2019nde a\u00e7\u0131lacak ilk halka a\u00e7\u0131k sanat k\u00fct\u00fcphanesi - Abdul Latif Jameel","isPartOf":{"@id":"https:\/\/10.0.2.222\/en\/#website"},"primaryImageOfPage":{"@id":"https:\/\/cms.alj3.clients.lemonhq.io\/tr\/news\/first-public-access-arts-library-united-arab-emirates-open\/#primaryimage"},"image":{"@id":"https:\/\/cms.alj3.clients.lemonhq.io\/tr\/news\/first-public-access-arts-library-united-arab-emirates-open\/#primaryimage"},"thumbnailUrl":"https:\/\/media.alj3.clients.lemonhq.io\/wp-content\/uploads\/2024\/10\/Jameel-Library-scaled.jpg","datePublished":"2018-10-23T09:25:44+00:00","dateModified":"2024-10-17T06:51:38+00:00","breadcrumb":{"@id":"https:\/\/cms.alj3.clients.lemonhq.io\/tr\/news\/first-public-access-arts-library-united-arab-emirates-open\/#breadcrumb"},"inLanguage":"tr","potentialAction":[{"@type":"ReadAction","target":["https:\/\/cms.alj3.clients.lemonhq.io\/tr\/news\/first-public-access-arts-library-united-arab-emirates-open\/"]}]},{"@type":"ImageObject","inLanguage":"tr","@id":"https:\/\/cms.alj3.clients.lemonhq.io\/tr\/news\/first-public-access-arts-library-united-arab-emirates-open\/#primaryimage","url":"https:\/\/media.alj3.clients.lemonhq.io\/wp-content\/uploads\/2024\/10\/Jameel-Library-scaled.jpg","contentUrl":"https:\/\/media.alj3.clients.lemonhq.io\/wp-content\/uploads\/2024\/10\/Jameel-Library-scaled.jpg","width":2560,"height":1706},{"@type":"BreadcrumbList","@id":"https:\/\/cms.alj3.clients.lemonhq.io\/tr\/news\/first-public-access-arts-library-united-arab-emirates-open\/#breadcrumb","itemListElement":[{"@type":"ListItem","position":1,"name":"Home","item":"https:\/\/10.0.2.222\/en\/"},{"@type":"ListItem","position":2,"name":"Birle\u015fik Arap Emirlikleri\u2019nde a\u00e7\u0131lacak ilk halka a\u00e7\u0131k sanat k\u00fct\u00fcphanesi"}]},{"@type":"WebSite","@id":"https:\/\/10.0.2.222\/en\/#website","url":"https:\/\/10.0.2.222\/en\/","name":"Abdul Latif Jameel","description":"","potentialAction":[{"@type":"SearchAction","target":{"@type":"EntryPoint","urlTemplate":"https:\/\/10.0.2.222\/en\/?s={search_term_string}"},"query-input":{"@type":"PropertyValueSpecification","valueRequired":true,"valueName":"search_term_string"}}],"inLanguage":"tr"}]}},"post-meta-fields":{"_wp_old_slug":["first-public-access-arts-library-united-arab-emirates-open-3"],"_published_date":["field_6057129b493f5"],"published_date":["20181023"],"_location":["field_601267396ce72"],"location":["Dubai, Birle\u015fik Arap Emirlikleri"],"_featured":["field_601a3b473c5c5"],"featured":[""],"_footnotes":["field_66fd39afb9383"],"footnotes":[""],"_business_sector":["field_66f6b5bcac8cb"],"business_sector":["Community Jameel"],"_content_series":["field_66fe3c439f8f6"],"content_series":[""],"_old_post_id":["field_66fe3fd59f8f7"],"old_post_id":["18358"],"_short_title":["field_60925d67125ef"],"short_title":["Jameel K\u00fct\u00fcphanesi, BAE'de a\u00e7\u0131lacak"],"_summary":["field_6019304103a20"],"summary":["Jameel K\u00fct\u00fcphanesi, BAE'nin ilk a\u00e7\u0131k eri\u015fimli modern sanat k\u00fct\u00fcphanesi ve kaynak merkezi, 000'den fazla kitap, dergi, katalog ve tez i\u00e7eren kapsaml\u0131, \u00e7ift dilli bir koleksiyon i\u00e7eriyor"],"_mobile_featured_image":["field_66f6b4bee65f3"],"mobile_featured_image":["https:\/\/cms.alj3.clients.lemonhq.io\/wp-content\/themes\/alj\/assets\/images\/defaultmobilethumb.jpg"],"_push_notification":["field_66f6b47de65f1"],"push_notification":[""],"_publish_mobile":["field_66f6b491e65f2"],"publish_mobile":[""],"_status":["field_652694983fe12"],"status":["publish"],"_thumbnail_id":["2322"],"_wp_page_template":["default"],"_wpml_word_count":["{\"total\":945,\"to_translate\":{\"ar\":945,\"zh-hans\":945,\"en\":945,\"fr\":945,\"ja\":945,\"es\":945}}"],"_wpml_location_migration_done":["1"]},"_links":{"self":[{"href":"https:\/\/cms.alj3.clients.lemonhq.io\/tr\/wp-json\/wp\/v2\/pressrelease\/2378","targetHints":{"allow":["GET"]}}],"collection":[{"href":"https:\/\/cms.alj3.clients.lemonhq.io\/tr\/wp-json\/wp\/v2\/pressrelease"}],"about":[{"href":"https:\/\/cms.alj3.clients.lemonhq.io\/tr\/wp-json\/wp\/v2\/types\/pressrelease"}],"wp:featuredmedia":[{"embeddable":true,"href":"https:\/\/cms.alj3.clients.lemonhq.io\/tr\/wp-json\/wp\/v2\/media\/2322"}],"wp:attachment":[{"href":"https:\/\/cms.alj3.clients.lemonhq.io\/tr\/wp-json\/wp\/v2\/media?parent=2378"}],"curies":[{"name":"wp","href":"https:\/\/api.w.org\/{rel}","templated":true}]}}