{"id":4626,"date":"2024-03-11T06:53:31","date_gmt":"2024-03-11T06:53:31","guid":{"rendered":"https:\/\/cms.alj3.clients.lemonhq.io\/press-release\/polish-driver-wins-first-place-at-third-edition-of-rally-jameel-on-international-womens-day-4\/"},"modified":"2026-04-09T08:07:40","modified_gmt":"2026-04-09T08:07:40","slug":"polish-driver-wins-first-place-at-third-edition-of-rally-jameel-on-international-womens-day-4","status":"publish","type":"pressrelease","link":"https:\/\/cms.alj3.clients.lemonhq.io\/fr\/news\/polish-driver-wins-first-place-at-third-edition-of-rally-jameel-on-international-womens-day-4\/","title":{"rendered":"La pilote polonaise remporte la troisi\u00e8me \u00e9dition du Rallye Jameel \u00e0 l\u2019occasion de la Journ\u00e9e internationale des droits des femmes"},"content":{"rendered":"\n<p>Le Rallye&nbsp;Jameel, palpitante course d\u2019orientation internationale r\u00e9serv\u00e9e aux femmes dans la r\u00e9gion, a cl\u00f4tur\u00e9 sa troisi\u00e8me \u00e9dition lors de la Journ\u00e9e internationale des droits des femmes \u00e0 KAEC, Rabigh. Ce sont la pilote polonaise Ewelina&nbsp;Chlebowska et sa copilote allemande Hanna&nbsp;Riehle, de l\u2019\u00e9quipe Sandstorm&nbsp;Express, qui sont arriv\u00e9es en t\u00eate de cette troisi\u00e8me \u00e9dition du rallye, pour la deuxi\u00e8me ann\u00e9e cons\u00e9cutive.<\/p>\n\n\n\n<p>Derri\u00e8re elles, la Saoudienne Maha&nbsp;Al&nbsp;Hamali et sa copilote am\u00e9ricaine Eleanor&nbsp;Coker de l\u2019\u00e9quipe Obiyya ont d\u00e9croch\u00e9 la deuxi\u00e8me place, tandis que le duo compos\u00e9 de la Britannique Catherine&nbsp;Munnings et de la Su\u00e9doise Catalina&nbsp;Floberg de l\u2019\u00e9quipe Altawkilat s\u2019est empar\u00e9 de la troisi\u00e8me place.<\/p>\n\n\n\n<p>Le Rallye Jameel, organis\u00e9 par Jameel Motorsport et financ\u00e9 par la Commission \u00ab&nbsp;Femmes dans le Sport automobile&nbsp;\u00bb de la FIA et la F\u00e9d\u00e9ration saoudienne de l\u2019automobile et de la moto&nbsp;(SAMF), a enregistr\u00e9 une participation mondiale record, r\u00e9unissant 110&nbsp;pilotes et copilotes de 36&nbsp;pays. Le parcours a travers\u00e9 les villes les plus pittoresques d\u2019Arabie saoudite sur une distance de 1&nbsp;600&nbsp;km, au d\u00e9part de Ha\u2019il, puis d\u2019AlUla, d\u2019Umluj, de Yanbu, pour finalement rejoindre KAEC, \u00e0 Rabigh.<\/p>\n\n\n\n<p>En outre, l\u2019\u00e9v\u00e9nement a r\u00e9ussi \u00e0 rallier une participation internationale, avec la pr\u00e9sence de f\u00e9d\u00e9rations et d\u2019entreprises automobiles telles que la F\u00e9d\u00e9ration su\u00e9doise des sports automobiles, Motorsport Ireland, l\u2019\u00e9quipe China Hanwei Motorsport et Toyota Gazoo Racing Jordan. Cela souligne l\u2019engagement du Rallye&nbsp;Jameel \u00e0 promouvoir la place des femmes dans les sports m\u00e9caniques et s\u2019inscrit dans la Vision&nbsp;2030 du Royaume, qui entend d\u00e9velopper le tourisme d\u2019aventure.<\/p>\n\n\n\n<p>Munir&nbsp;Khoja, directeur g\u00e9n\u00e9ral des communications marketing d\u2019Abdul Latif Jameel Motors, a d\u00e9clar\u00e9&nbsp;:\n<\/p>\n\n\n\n<blockquote class=\"wp-block-quote is-layout-flow wp-block-quote-is-layout-flow\">\n<p>\u00ab&nbsp;En cette Journ\u00e9e internationale des droits des femmes, qui marque la fin de la troisi\u00e8me \u00e9dition du Rallye&nbsp;Jameel, je tiens \u00e0 f\u00e9liciter toutes les courageuses participantes de cette ann\u00e9e. Cette \u00e9dition a connu une participation internationale exceptionnelle, preuve de l\u2019attrait mondial de la course et de la volont\u00e9 de cultiver une exp\u00e9rience de sport m\u00e9canique captivante et f\u00e9d\u00e9ratrice pour les femmes. Le Rallye Jameel est un bel exemple de notre volont\u00e9 de soutenir les programmes de diversification de l\u2019Arabie saoudite en faveur de l\u2019\u00e9mancipation des femmes et de la promotion du tourisme d\u2019aventure. F\u00e9licitations \u00e0 Ewelina&nbsp;Chlebowska et Hanna&nbsp;Riehle de l\u2019\u00e9quipe Sandstorm&nbsp;Express qui ont d\u00e9croch\u00e9 la premi\u00e8re place pour la deuxi\u00e8me ann\u00e9e cons\u00e9cutive au Rallye Jameel, faisant preuve d\u2019une adresse et d\u2019une r\u00e9silience hors pair.<\/p>\n<\/blockquote>\n\n\n\n<p>La gagnante polonaise, Ewelina&nbsp;Chlebowska (\u00e9quipe Sandstorm&nbsp;Express), a fait part de ses impressions&nbsp;:<\/p>\n\n\n\n<blockquote class=\"wp-block-quote is-layout-flow wp-block-quote-is-layout-flow\">\n<p>\u00ab&nbsp;Un grand merci \u00e0 tous pour votre soutien et vos encouragements tout au long du Rallye&nbsp;Jameel. Gagner \u00e0 nouveau ici lors de cette troisi\u00e8me \u00e9dition est une immense fiert\u00e9, et cela n\u2019aurait pas \u00e9t\u00e9 possible sans l\u2019incroyable esprit d\u2019\u00e9quipe qui caract\u00e9rise notre duo. Je suis infiniment fi\u00e8re de faire \u00e9quipe avec Hanna. Ensemble, nous avons prouv\u00e9 qu\u2019avec le travail d\u2019\u00e9quipe, tout est possible. Cette victoire est le fruit de notre travail acharn\u00e9 et de notre pers\u00e9v\u00e9rance, et nous sommes profond\u00e9ment honor\u00e9es d\u2019\u00eatre \u00e0 nouveau couronn\u00e9es championnes du Rallye&nbsp;Jameel.&nbsp;\u00bb<\/p>\n<\/blockquote>\n\n\n\n<figure class=\"wp-block-table\"><table class=\"has-fixed-layout\"><tbody><tr><td colspan=\"3\"><strong>Classement final des diff\u00e9rentes cat\u00e9gories de la troisi\u00e8me \u00e9dition du Rallye&nbsp;Jameel 2024<\/strong><\/td><\/tr><tr><td><strong>#1<\/strong><\/td><td><strong>Podium de la cat\u00e9gorie <\/strong><strong>AW4&nbsp;:<\/strong><p><\/p>\n<p><strong>&nbsp;<\/strong><\/p><\/td><td>1.&nbsp;&nbsp;&nbsp;&nbsp;&nbsp;&nbsp; Premi\u00e8re place&nbsp;: Merehin&nbsp;Albaz et sa copilote Faridah&nbsp;Abdullah de l\u2019\u00e9quipe Geely Alwallan Racin.<p><\/p>\n<p>2.&nbsp;&nbsp;&nbsp;&nbsp;&nbsp;&nbsp; Deuxi\u00e8me place&nbsp;: Patricia&nbsp;Denning et sa copilote Gretchen&nbsp;Swinburne de l\u2019\u00e9quipe Motorsport Ireland.<\/p>\n<p>3.&nbsp;&nbsp;&nbsp;&nbsp;&nbsp;&nbsp; Troisi\u00e8me place&nbsp;: Reem&nbsp;Al&nbsp;Aboud et sa copilote Margot&nbsp;Llobera de l\u2019\u00e9quipe Jameel Motorsport.<\/p><\/td><\/tr><tr><td><strong>#2<\/strong><\/td><td><strong>Podium de la cat\u00e9gorie <\/strong><strong>PT4&nbsp;:<\/strong><p><\/p>\n<p><strong>&nbsp;<\/strong><\/p><\/td><td>1.&nbsp;&nbsp;&nbsp;&nbsp;&nbsp;&nbsp; Premi\u00e8re place&nbsp;: Maha&nbsp;Al&nbsp;Hamali et sa copilote Eleanor&nbsp;Coker de l\u2019\u00e9quipe Obiyya.<p><\/p>\n<p>2.&nbsp;&nbsp;&nbsp;&nbsp;&nbsp;&nbsp; Deuxi\u00e8me place&nbsp;: Joanna&nbsp;Hassoun et sa copilote Dolyne&nbsp;Schlink de l\u2019\u00e9quipe Beyrouth.<\/p>\n<p>3.&nbsp;&nbsp;&nbsp;&nbsp;&nbsp;&nbsp; Troisi\u00e8me place&nbsp;: Fawzia&nbsp;Bakhashab et sa copilote Calheine&nbsp;Taye&nbsp;Perry de l\u2019\u00e9quipe Bakhashab Sisters.<\/p><\/td><\/tr><tr><td><strong>#3<\/strong><\/td><td><strong>Podium de la cat\u00e9gorie <\/strong><strong>PT6&nbsp;:<\/strong><p><\/p>\n<p><strong>&nbsp;<\/strong><\/p><\/td><td>1.&nbsp;&nbsp;&nbsp;&nbsp;&nbsp;&nbsp; Premi\u00e8re place&nbsp;: Ewelina&nbsp;Chlebowska et sa copilote Hanna&nbsp;Riehle de l\u2019\u00e9quipe Sandstorm Express<p><\/p>\n<p>2.&nbsp;&nbsp;&nbsp;&nbsp;&nbsp;&nbsp; Deuxi\u00e8me place&nbsp;: Dania&nbsp;Akeel et sa copilote Syndiely&nbsp;Wade de l\u2019\u00e9quipe Jameel Motorsport.<\/p>\n<p>3.&nbsp;&nbsp;&nbsp;&nbsp;&nbsp;&nbsp; Troisi\u00e8me place&nbsp;: Samara&nbsp;Alghamdi et sa copilote Sara&nbsp;Garcia de l\u2019\u00e9quipe Samara.<\/p><\/td><\/tr><tr><td><strong>#4<\/strong><\/td><td><strong>Podium de la cat\u00e9gorie <\/strong><strong>PT8&nbsp;:<\/strong><p><\/p>\n<p><strong>&nbsp;<\/strong><\/p><\/td><td>1.&nbsp;&nbsp;&nbsp;&nbsp;&nbsp;&nbsp; Premi\u00e8re place&nbsp;: Catherine&nbsp;Munnings et sa copilote Catalina&nbsp;Floberg de l\u2019\u00e9quipe Altawkilat.<p><\/p>\n<p>2.&nbsp;&nbsp;&nbsp;&nbsp;&nbsp;&nbsp; Deuxi\u00e8me place&nbsp;: Enas&nbsp;Hamza et sa copilote Noura&nbsp;Al&nbsp;Doriei de l\u2019\u00e9quipe Hama Tuwaiq.<\/p>\n<p>3.&nbsp;&nbsp;&nbsp;&nbsp;&nbsp;&nbsp; Troisi\u00e8me place&nbsp;: Mona&nbsp;Kurdi et sa copilote Mayada&nbsp;Alturki de l\u2019\u00e9quipe Tair Albarr.<\/p><\/td><\/tr><tr><td><strong>#5<\/strong><\/td><td><strong>Podium de la cat\u00e9gorie <\/strong><strong>PTH4&nbsp;:<\/strong><p><\/p>\n<p><strong>&nbsp;<\/strong><\/p><\/td><td>1.&nbsp;&nbsp;&nbsp;&nbsp;&nbsp;&nbsp; Premi\u00e8re place&nbsp;: Fatma&nbsp;Banaz et sa copilote Aur\u00e9lia&nbsp;Roquesalane de l\u2019\u00e9quipe Lexus.<p><\/p>\n<p>2.&nbsp;&nbsp;&nbsp;&nbsp;&nbsp;&nbsp; Deuxi\u00e8me place&nbsp;: Samar&nbsp;Rahbini et sa copilote Antonia&nbsp;De&nbsp;Roissard de l\u2019\u00e9quipe Lexus<\/p>\n<p>3.&nbsp;&nbsp;&nbsp;&nbsp;&nbsp;&nbsp; Troisi\u00e8me place&nbsp;: Mashael&nbsp;Alhowaish et sa copilote Anette&nbsp;Fjeld de l\u2019\u00e9quipe Lexus.<\/p><\/td><\/tr><tr><td><strong>#6<\/strong><\/td><td><strong>Podium de la cat\u00e9gorie <\/strong><strong>PR&nbsp;:<\/strong><p><\/p>\n<p><strong>&nbsp;<\/strong><\/p><\/td><td>1.&nbsp;&nbsp;&nbsp;&nbsp;&nbsp;&nbsp; Premi\u00e8re place&nbsp;: Laura-Marie&nbsp;Geissler et sa copilote Pochola&nbsp;Hernandez de l\u2019\u00e9quipe LMG Racing Club.<p><\/p>\n<p>2.&nbsp;&nbsp;&nbsp;&nbsp;&nbsp;&nbsp; Deuxi\u00e8me place&nbsp;: Samara&nbsp;Alghamdi et sa copilote Sara&nbsp;Garcia de l\u2019\u00e9quipe Samara.<\/p>\n<p>3.&nbsp;&nbsp;&nbsp;&nbsp;&nbsp;&nbsp; Troisi\u00e8me place&nbsp;: Yara&nbsp;Bou&nbsp;Monsef et sa copilote Raquel&nbsp;Cecilia de l\u2019\u00e9quipe Yara Bou Monsef.<\/p><\/td><\/tr><\/tbody><\/table><\/figure>\n","protected":false},"featured_media":4610,"menu_order":0,"template":"","class_list":["post-4626","pressrelease","type-pressrelease","status-publish","has-post-thumbnail","hentry"],"acf":[],"yoast_head":"<!-- This site is optimized with the Yoast SEO plugin v26.5 - https:\/\/yoast.com\/wordpress\/plugins\/seo\/ -->\n<title>La pilote polonaise remporte la troisi\u00e8me \u00e9dition du Rallye Jameel \u00e0 l\u2019occasion de la Journ\u00e9e internationale des droits des femmes - Abdul Latif Jameel<\/title>\n<meta name=\"robots\" content=\"noindex, follow, max-snippet:-1, max-image-preview:large, max-video-preview:-1\" \/>\n<meta property=\"og:locale\" content=\"fr_FR\" \/>\n<meta property=\"og:type\" content=\"article\" \/>\n<meta property=\"og:title\" content=\"La pilote polonaise remporte la troisi\u00e8me \u00e9dition du Rallye Jameel \u00e0 l\u2019occasion de la Journ\u00e9e internationale des droits des femmes - Abdul Latif Jameel\" \/>\n<meta property=\"og:description\" content=\"Le Rallye&nbsp;Jameel, palpitante course d\u2019orientation internationale r\u00e9serv\u00e9e aux femmes dans la r\u00e9gion, a cl\u00f4tur\u00e9 sa troisi\u00e8me \u00e9dition lors de la Journ\u00e9e internationale des droits des femmes \u00e0 KAEC, Rabigh. Ce sont la pilote polonaise Ewelina&nbsp;Chlebowska et sa copilote allemande Hanna&nbsp;Riehle, de l\u2019\u00e9quipe Sandstorm&nbsp;Express, qui sont arriv\u00e9es en t\u00eate de cette troisi\u00e8me \u00e9dition du rallye, pour [&hellip;]\" \/>\n<meta property=\"og:url\" content=\"https:\/\/cms.alj3.clients.lemonhq.io\/fr\/news\/polish-driver-wins-first-place-at-third-edition-of-rally-jameel-on-international-womens-day-4\/\" \/>\n<meta property=\"og:site_name\" content=\"Abdul Latif Jameel\" \/>\n<meta property=\"article:modified_time\" content=\"2026-04-09T08:07:40+00:00\" \/>\n<meta property=\"og:image\" content=\"https:\/\/media.alj3.clients.lemonhq.io\/wp-content\/uploads\/2024\/10\/Rally-Jameel-Third-Edition-Winners-scaled-1.jpg\" \/>\n\t<meta property=\"og:image:width\" content=\"2560\" \/>\n\t<meta property=\"og:image:height\" content=\"1986\" \/>\n\t<meta property=\"og:image:type\" content=\"image\/jpeg\" \/>\n<meta name=\"twitter:card\" content=\"summary_large_image\" \/>\n<meta name=\"twitter:label1\" content=\"Dur\u00e9e de lecture estim\u00e9e\" \/>\n\t<meta name=\"twitter:data1\" content=\"1 minute\" \/>\n<script type=\"application\/ld+json\" class=\"yoast-schema-graph\">{\"@context\":\"https:\/\/schema.org\",\"@graph\":[{\"@type\":\"WebPage\",\"@id\":\"https:\/\/cms.alj3.clients.lemonhq.io\/fr\/news\/polish-driver-wins-first-place-at-third-edition-of-rally-jameel-on-international-womens-day-4\/\",\"url\":\"https:\/\/cms.alj3.clients.lemonhq.io\/fr\/news\/polish-driver-wins-first-place-at-third-edition-of-rally-jameel-on-international-womens-day-4\/\",\"name\":\"La pilote polonaise remporte la troisi\u00e8me \u00e9dition du Rallye Jameel \u00e0 l\u2019occasion de la Journ\u00e9e internationale des droits des femmes - Abdul Latif Jameel\",\"isPartOf\":{\"@id\":\"https:\/\/10.0.2.222\/en\/#website\"},\"primaryImageOfPage\":{\"@id\":\"https:\/\/cms.alj3.clients.lemonhq.io\/fr\/news\/polish-driver-wins-first-place-at-third-edition-of-rally-jameel-on-international-womens-day-4\/#primaryimage\"},\"image\":{\"@id\":\"https:\/\/cms.alj3.clients.lemonhq.io\/fr\/news\/polish-driver-wins-first-place-at-third-edition-of-rally-jameel-on-international-womens-day-4\/#primaryimage\"},\"thumbnailUrl\":\"https:\/\/media.alj3.clients.lemonhq.io\/wp-content\/uploads\/2024\/10\/Rally-Jameel-Third-Edition-Winners-scaled-1.jpg\",\"datePublished\":\"2024-03-11T06:53:31+00:00\",\"dateModified\":\"2026-04-09T08:07:40+00:00\",\"breadcrumb\":{\"@id\":\"https:\/\/cms.alj3.clients.lemonhq.io\/fr\/news\/polish-driver-wins-first-place-at-third-edition-of-rally-jameel-on-international-womens-day-4\/#breadcrumb\"},\"inLanguage\":\"fr-FR\",\"potentialAction\":[{\"@type\":\"ReadAction\",\"target\":[\"https:\/\/cms.alj3.clients.lemonhq.io\/fr\/news\/polish-driver-wins-first-place-at-third-edition-of-rally-jameel-on-international-womens-day-4\/\"]}]},{\"@type\":\"ImageObject\",\"inLanguage\":\"fr-FR\",\"@id\":\"https:\/\/cms.alj3.clients.lemonhq.io\/fr\/news\/polish-driver-wins-first-place-at-third-edition-of-rally-jameel-on-international-womens-day-4\/#primaryimage\",\"url\":\"https:\/\/media.alj3.clients.lemonhq.io\/wp-content\/uploads\/2024\/10\/Rally-Jameel-Third-Edition-Winners-scaled-1.jpg\",\"contentUrl\":\"https:\/\/media.alj3.clients.lemonhq.io\/wp-content\/uploads\/2024\/10\/Rally-Jameel-Third-Edition-Winners-scaled-1.jpg\",\"width\":2560,\"height\":1986},{\"@type\":\"BreadcrumbList\",\"@id\":\"https:\/\/cms.alj3.clients.lemonhq.io\/fr\/news\/polish-driver-wins-first-place-at-third-edition-of-rally-jameel-on-international-womens-day-4\/#breadcrumb\",\"itemListElement\":[{\"@type\":\"ListItem\",\"position\":1,\"name\":\"Home\",\"item\":\"https:\/\/10.0.2.222\/en\/\"},{\"@type\":\"ListItem\",\"position\":2,\"name\":\"La pilote polonaise remporte la troisi\u00e8me \u00e9dition du Rallye Jameel \u00e0 l\u2019occasion de la Journ\u00e9e internationale des droits des femmes\"}]},{\"@type\":\"WebSite\",\"@id\":\"https:\/\/10.0.2.222\/en\/#website\",\"url\":\"https:\/\/10.0.2.222\/en\/\",\"name\":\"Abdul Latif Jameel\",\"description\":\"\",\"potentialAction\":[{\"@type\":\"SearchAction\",\"target\":{\"@type\":\"EntryPoint\",\"urlTemplate\":\"https:\/\/10.0.2.222\/en\/?s={search_term_string}\"},\"query-input\":{\"@type\":\"PropertyValueSpecification\",\"valueRequired\":true,\"valueName\":\"search_term_string\"}}],\"inLanguage\":\"fr-FR\"}]}<\/script>\n<!-- \/ Yoast SEO plugin. -->","yoast_head_json":{"title":"La pilote polonaise remporte la troisi\u00e8me \u00e9dition du Rallye Jameel \u00e0 l\u2019occasion de la Journ\u00e9e internationale des droits des femmes - Abdul Latif Jameel","robots":{"index":"noindex","follow":"follow","max-snippet":"max-snippet:-1","max-image-preview":"max-image-preview:large","max-video-preview":"max-video-preview:-1"},"og_locale":"fr_FR","og_type":"article","og_title":"La pilote polonaise remporte la troisi\u00e8me \u00e9dition du Rallye Jameel \u00e0 l\u2019occasion de la Journ\u00e9e internationale des droits des femmes - Abdul Latif Jameel","og_description":"Le Rallye&nbsp;Jameel, palpitante course d\u2019orientation internationale r\u00e9serv\u00e9e aux femmes dans la r\u00e9gion, a cl\u00f4tur\u00e9 sa troisi\u00e8me \u00e9dition lors de la Journ\u00e9e internationale des droits des femmes \u00e0 KAEC, Rabigh. Ce sont la pilote polonaise Ewelina&nbsp;Chlebowska et sa copilote allemande Hanna&nbsp;Riehle, de l\u2019\u00e9quipe Sandstorm&nbsp;Express, qui sont arriv\u00e9es en t\u00eate de cette troisi\u00e8me \u00e9dition du rallye, pour [&hellip;]","og_url":"https:\/\/cms.alj3.clients.lemonhq.io\/fr\/news\/polish-driver-wins-first-place-at-third-edition-of-rally-jameel-on-international-womens-day-4\/","og_site_name":"Abdul Latif Jameel","article_modified_time":"2026-04-09T08:07:40+00:00","og_image":[{"width":2560,"height":1986,"url":"https:\/\/media.alj3.clients.lemonhq.io\/wp-content\/uploads\/2024\/10\/Rally-Jameel-Third-Edition-Winners-scaled-1.jpg","type":"image\/jpeg"}],"twitter_card":"summary_large_image","twitter_misc":{"Dur\u00e9e de lecture estim\u00e9e":"1 minute"},"schema":{"@context":"https:\/\/schema.org","@graph":[{"@type":"WebPage","@id":"https:\/\/cms.alj3.clients.lemonhq.io\/fr\/news\/polish-driver-wins-first-place-at-third-edition-of-rally-jameel-on-international-womens-day-4\/","url":"https:\/\/cms.alj3.clients.lemonhq.io\/fr\/news\/polish-driver-wins-first-place-at-third-edition-of-rally-jameel-on-international-womens-day-4\/","name":"La pilote polonaise remporte la troisi\u00e8me \u00e9dition du Rallye Jameel \u00e0 l\u2019occasion de la Journ\u00e9e internationale des droits des femmes - Abdul Latif Jameel","isPartOf":{"@id":"https:\/\/10.0.2.222\/en\/#website"},"primaryImageOfPage":{"@id":"https:\/\/cms.alj3.clients.lemonhq.io\/fr\/news\/polish-driver-wins-first-place-at-third-edition-of-rally-jameel-on-international-womens-day-4\/#primaryimage"},"image":{"@id":"https:\/\/cms.alj3.clients.lemonhq.io\/fr\/news\/polish-driver-wins-first-place-at-third-edition-of-rally-jameel-on-international-womens-day-4\/#primaryimage"},"thumbnailUrl":"https:\/\/media.alj3.clients.lemonhq.io\/wp-content\/uploads\/2024\/10\/Rally-Jameel-Third-Edition-Winners-scaled-1.jpg","datePublished":"2024-03-11T06:53:31+00:00","dateModified":"2026-04-09T08:07:40+00:00","breadcrumb":{"@id":"https:\/\/cms.alj3.clients.lemonhq.io\/fr\/news\/polish-driver-wins-first-place-at-third-edition-of-rally-jameel-on-international-womens-day-4\/#breadcrumb"},"inLanguage":"fr-FR","potentialAction":[{"@type":"ReadAction","target":["https:\/\/cms.alj3.clients.lemonhq.io\/fr\/news\/polish-driver-wins-first-place-at-third-edition-of-rally-jameel-on-international-womens-day-4\/"]}]},{"@type":"ImageObject","inLanguage":"fr-FR","@id":"https:\/\/cms.alj3.clients.lemonhq.io\/fr\/news\/polish-driver-wins-first-place-at-third-edition-of-rally-jameel-on-international-womens-day-4\/#primaryimage","url":"https:\/\/media.alj3.clients.lemonhq.io\/wp-content\/uploads\/2024\/10\/Rally-Jameel-Third-Edition-Winners-scaled-1.jpg","contentUrl":"https:\/\/media.alj3.clients.lemonhq.io\/wp-content\/uploads\/2024\/10\/Rally-Jameel-Third-Edition-Winners-scaled-1.jpg","width":2560,"height":1986},{"@type":"BreadcrumbList","@id":"https:\/\/cms.alj3.clients.lemonhq.io\/fr\/news\/polish-driver-wins-first-place-at-third-edition-of-rally-jameel-on-international-womens-day-4\/#breadcrumb","itemListElement":[{"@type":"ListItem","position":1,"name":"Home","item":"https:\/\/10.0.2.222\/en\/"},{"@type":"ListItem","position":2,"name":"La pilote polonaise remporte la troisi\u00e8me \u00e9dition du Rallye Jameel \u00e0 l\u2019occasion de la Journ\u00e9e internationale des droits des femmes"}]},{"@type":"WebSite","@id":"https:\/\/10.0.2.222\/en\/#website","url":"https:\/\/10.0.2.222\/en\/","name":"Abdul Latif Jameel","description":"","potentialAction":[{"@type":"SearchAction","target":{"@type":"EntryPoint","urlTemplate":"https:\/\/10.0.2.222\/en\/?s={search_term_string}"},"query-input":{"@type":"PropertyValueSpecification","valueRequired":true,"valueName":"search_term_string"}}],"inLanguage":"fr-FR"}]}},"post-meta-fields":{"_published_date":["field_6057129b493f5"],"published_date":["20240311"],"_location":["field_601267396ce72"],"location":["Rabigh, King Abdullah Economic City (KAEC), Arabie saoudite"],"_featured":["field_601a3b473c5c5"],"featured":["1"],"_footnotes":["field_66fd39afb9383"],"footnotes":[""],"_business_sector":["field_66f6b5bcac8cb"],"business_sector":["Mobilit\u00e9"],"_content_series":["field_66fe3c439f8f6"],"content_series":[""],"_old_post_id":["field_66fe3fd59f8f7"],"old_post_id":["115440"],"_short_title":["field_60925d67125ef"],"short_title":["La pilote polonaise remporte la troisi\u00e8me \u00e9dition du Rallye Jameel"],"_summary":["field_6019304103a20"],"summary":["Le Rallye\u00a0Jameel, palpitante course d\u2019orientation internationale r\u00e9serv\u00e9e aux femmes dans la r\u00e9gion, a cl\u00f4tur\u00e9 sa troisi\u00e8me \u00e9dition lors de la Journ\u00e9e internationale des droits des femmes \u00e0 KAEC, Rabigh."],"_mobile_featured_image":["field_66f6b4bee65f3"],"mobile_featured_image":["https:\/\/media.alj3.clients.lemonhq.io\/wp-content\/uploads\/2024\/10\/Rally-Jameel-Third-Edition-Winners-scaled-1.jpg"],"_push_notification":["field_66f6b47de65f1"],"push_notification":[""],"_publish_mobile":["field_66f6b491e65f2"],"publish_mobile":["1"],"_status":["field_652694983fe12"],"status":["publish"],"_thumbnail_id":["4610"],"_wp_page_template":["default"],"_last_translation_edit_mode":["native-editor"],"_edit_lock":["1775721929:4"],"select_category":["saudi-arabia"],"_edit_last":["4"],"_select_category":["field_6937c5cade1ee"],"_ame_cpe_post_policy":["{\"accessProtection\":{\"active\":\"replace\"}}"],"_wpml_media_duplicate":["1"],"_wpml_media_featured":["1"],"_yoast_wpseo_content_score":["90"],"_yoast_wpseo_estimated-reading-time-minutes":["1"]},"_links":{"self":[{"href":"https:\/\/cms.alj3.clients.lemonhq.io\/fr\/wp-json\/wp\/v2\/pressrelease\/4626","targetHints":{"allow":["GET"]}}],"collection":[{"href":"https:\/\/cms.alj3.clients.lemonhq.io\/fr\/wp-json\/wp\/v2\/pressrelease"}],"about":[{"href":"https:\/\/cms.alj3.clients.lemonhq.io\/fr\/wp-json\/wp\/v2\/types\/pressrelease"}],"wp:featuredmedia":[{"embeddable":true,"href":"https:\/\/cms.alj3.clients.lemonhq.io\/fr\/wp-json\/wp\/v2\/media\/4610"}],"wp:attachment":[{"href":"https:\/\/cms.alj3.clients.lemonhq.io\/fr\/wp-json\/wp\/v2\/media?parent=4626"}],"curies":[{"name":"wp","href":"https:\/\/api.w.org\/{rel}","templated":true}]}}