{"id":4329,"date":"2022-11-07T08:10:56","date_gmt":"2022-11-07T08:10:56","guid":{"rendered":"https:\/\/cms.alj3.clients.lemonhq.io\/press-release\/abdul-latif-jameel-partners-with-voluntary-carbon-market-to-help-drive-global-net-zero-ambitions-3\/"},"modified":"2024-10-17T07:02:21","modified_gmt":"2024-10-17T07:02:21","slug":"abdul-latif-jameel-partners-with-voluntary-carbon-market-to-help-drive-global-net-zero-ambitions-3","status":"publish","type":"pressrelease","link":"https:\/\/cms.alj3.clients.lemonhq.io\/fr\/news\/abdul-latif-jameel-partners-with-voluntary-carbon-market-to-help-drive-global-net-zero-ambitions-3\/","title":{"rendered":"Abdul Latif Jameel s\u2019associe \u00e0 Voluntary Carbon Market pour contribuer \u00e0 la r\u00e9alisation d\u2019objectifs mondiaux de r\u00e9duction des \u00e9missions de CO\u2082."},"content":{"rendered":"\n<ul class=\"wp-block-list\">\n<li>Abdul Latif Jameel a particip\u00e9 \u00e0 la vente aux ench\u00e8res de cr\u00e9dits carbone de l\u2019initiative Voluntary Carbon Market, la plus importante de ce type au niveau mondial.<\/li>\n\n\n\n<li>La vente aux ench\u00e8res a offert des cr\u00e9dits carbone de haute qualit\u00e9 conformes \u00e0 la norme CORSIA et enregistr\u00e9s par Verra, afin d\u2019aider les entreprises r\u00e9gionales \u00e0 r\u00e9duire les \u00e9missions mondiales de carbone.<\/li>\n\n\n\n<li>Cette vente aux ench\u00e8res marque une \u00e9tape majeure dans la mission d\u2019Abdul Latif Jameel de lutter contre le changement climatique au niveau r\u00e9gional et international.<\/li>\n<\/ul>\n\n\n\n<p>Abdul Latif Jameel a particip\u00e9 \u00e0 la vente aux ench\u00e8res de cr\u00e9dits carbone dans le cadre de l\u2019initiative r\u00e9gionale Voluntary Carbon Market, qui s\u2019est tenue le premier jour de la 6\u1d49&nbsp;\u00e9dition de la <a href=\"https:\/\/fii-institute.org\/\">Future Investment Initiative<\/a> \u00e0 Riyad.<a href=\"#_ftn1\" name=\"_ftnref1\">[1]<\/a> Lors de la vente aux ench\u00e8res, 15&nbsp;entit\u00e9s saoudiennes et r\u00e9gionales ont achet\u00e9 1,4&nbsp;million de tonnes combin\u00e9es de cr\u00e9dits carbone, faisant de cette vente aux ench\u00e8res la plus importante de ce type au niveau mondial.<\/p>\n\n\n\n<p>En participant \u00e0 cette vente aux ench\u00e8res, la famille Jameel poursuit sa mission \u00e0 long terme, qui consiste \u00e0 contribuer \u00e0 l\u2019agenda vert mondial, et s\u2019appuie sur son travail avec le principal d\u00e9veloppeur de solutions d\u2019\u00e9nergie renouvelable, <a href=\"https:\/\/frv.com\/en\/\">Fotowatio Renewable Ventures<\/a> (FRV), et l\u2019unit\u00e9 d\u00e9di\u00e9e aux solutions hydrauliques d\u2019Abdul Latif Jameel Energy, <a href=\"https:\/\/almarwater.com\/\">Almar Water Solutions<\/a>, pour promouvoir le d\u00e9veloppement durable au niveau r\u00e9gional et international.<\/p>\n\n\n\n<p><a href=\"https:\/\/media.alj.com\/en\/our-people\/fady-jameel\/\">Fady Jameel<\/a>, vice-pr\u00e9sident d\u2019Abdul Latif Jameel, a d\u00e9clar\u00e9&nbsp;:<\/p>\n\n\n\n<blockquote class=\"wp-block-quote is-layout-flow wp-block-quote-is-layout-flow\">\n<p><em>\u00ab&nbsp;Nous sommes honor\u00e9s d\u2019\u00eatre un partenaire du Voluntary Carbon Market, qui jouera un r\u00f4le majeur pour aider la r\u00e9gion \u00e0 atteindre ses ambitions de z\u00e9ro \u00e9mission de carbone et s\u2019aligne sur la Vision 2030&nbsp;de l\u2019Arabie saoudite. Notre participation \u00e0 cette initiative de d\u00e9carbonisation aidera \u00e0 lib\u00e9rer le potentiel de la r\u00e9gion en tant qu\u2019acteur cl\u00e9 pour assurer un avenir plus propre pour tous. Nous esp\u00e9rons \u00e9galement qu\u2019elle encouragera davantage d\u2019entreprises du secteur priv\u00e9 \u00e0 participer \u00e0 l\u2019avenir.&nbsp;\u00bb <\/em><\/p>\n<\/blockquote>\n\n\n<div class=\"wp-block-image\">\n<figure class=\"alignleft\"><img decoding=\"async\" src=\"https:\/\/media.alj3.clients.lemonhq.io\/wp-content\/uploads\/2024\/10\/Fady-Jameel-VCM-PIF-signing.jpg\" alt=\"Fady Jameel VCM PIF signing\" class=\"wp-image-103765\"\/><\/figure>\n<\/div>\n\n\n<p>La vente aux ench\u00e8res a permis d\u2019offrir des cr\u00e9dits carbone de haute qualit\u00e9 conformes \u00e0 la norme CORSIA et enregistr\u00e9s aupr\u00e8s de Verra pour soutenir les entreprises op\u00e9rant dans un large \u00e9ventail d\u2019industries de la r\u00e9gion, qui jouent leur r\u00f4le dans la transition mondiale vers le z\u00e9ro carbone.<\/p>\n\n\n\n<p>L\u2019initiative Voluntary Carbon Market s\u2019inscrit dans la continuit\u00e9 des efforts du <a href=\"https:\/\/www.pif.gov.sa\/\">Fonds d\u2019investissement public <\/a>(FIP) visant \u00e0 soutenir l\u2019agenda vert de l\u2019Arabie saoudite et fait suite aux annonces pr\u00e9c\u00e9dentes du Fonds, notamment la r\u00e9alisation de son obligation verte inaugurale de 3&nbsp;milliards de dollars.<\/p>\n\n\n\n<p>&nbsp;<\/p>\n","protected":false},"featured_media":4308,"menu_order":0,"template":"","class_list":["post-4329","pressrelease","type-pressrelease","status-publish","has-post-thumbnail","hentry"],"acf":[],"yoast_head":"<!-- This site is optimized with the Yoast SEO plugin v26.5 - https:\/\/yoast.com\/wordpress\/plugins\/seo\/ -->\n<title>Abdul Latif Jameel s\u2019associe \u00e0 Voluntary Carbon Market pour contribuer \u00e0 la r\u00e9alisation d\u2019objectifs mondiaux de r\u00e9duction des \u00e9missions de CO\u2082. - Abdul Latif Jameel<\/title>\n<meta name=\"robots\" content=\"noindex, follow, max-snippet:-1, max-image-preview:large, max-video-preview:-1\" \/>\n<meta property=\"og:locale\" content=\"fr_FR\" \/>\n<meta property=\"og:type\" content=\"article\" \/>\n<meta property=\"og:title\" content=\"Abdul Latif Jameel s\u2019associe \u00e0 Voluntary Carbon Market pour contribuer \u00e0 la r\u00e9alisation d\u2019objectifs mondiaux de r\u00e9duction des \u00e9missions de CO\u2082. - Abdul Latif Jameel\" \/>\n<meta property=\"og:description\" content=\"Abdul Latif Jameel a particip\u00e9 \u00e0 la vente aux ench\u00e8res de cr\u00e9dits carbone dans le cadre de l\u2019initiative r\u00e9gionale Voluntary Carbon Market, qui s\u2019est tenue le premier jour de la 6\u1d49&nbsp;\u00e9dition de la Future Investment Initiative \u00e0 Riyad.[1] Lors de la vente aux ench\u00e8res, 15&nbsp;entit\u00e9s saoudiennes et r\u00e9gionales ont achet\u00e9 1,4&nbsp;million de tonnes combin\u00e9es de [&hellip;]\" \/>\n<meta property=\"og:url\" content=\"https:\/\/cms.alj3.clients.lemonhq.io\/fr\/news\/abdul-latif-jameel-partners-with-voluntary-carbon-market-to-help-drive-global-net-zero-ambitions-3\/\" \/>\n<meta property=\"og:site_name\" content=\"Abdul Latif Jameel\" \/>\n<meta property=\"article:modified_time\" content=\"2024-10-17T07:02:21+00:00\" \/>\n<meta property=\"og:image\" content=\"https:\/\/media.alj3.clients.lemonhq.io\/wp-content\/uploads\/2024\/10\/Abdul-Latif-Jameel-VCM-PIF-signing.jpg\" \/>\n\t<meta property=\"og:image:width\" content=\"1773\" \/>\n\t<meta property=\"og:image:height\" content=\"1182\" \/>\n\t<meta property=\"og:image:type\" content=\"image\/jpeg\" \/>\n<meta name=\"twitter:card\" content=\"summary_large_image\" \/>\n<meta name=\"twitter:label1\" content=\"Dur\u00e9e de lecture estim\u00e9e\" \/>\n\t<meta name=\"twitter:data1\" content=\"2 minutes\" \/>\n<script type=\"application\/ld+json\" class=\"yoast-schema-graph\">{\"@context\":\"https:\/\/schema.org\",\"@graph\":[{\"@type\":\"WebPage\",\"@id\":\"https:\/\/cms.alj3.clients.lemonhq.io\/fr\/news\/abdul-latif-jameel-partners-with-voluntary-carbon-market-to-help-drive-global-net-zero-ambitions-3\/\",\"url\":\"https:\/\/cms.alj3.clients.lemonhq.io\/fr\/news\/abdul-latif-jameel-partners-with-voluntary-carbon-market-to-help-drive-global-net-zero-ambitions-3\/\",\"name\":\"Abdul Latif Jameel s\u2019associe \u00e0 Voluntary Carbon Market pour contribuer \u00e0 la r\u00e9alisation d\u2019objectifs mondiaux de r\u00e9duction des \u00e9missions de CO\u2082. - Abdul Latif Jameel\",\"isPartOf\":{\"@id\":\"https:\/\/10.0.2.222\/en\/#website\"},\"primaryImageOfPage\":{\"@id\":\"https:\/\/cms.alj3.clients.lemonhq.io\/fr\/news\/abdul-latif-jameel-partners-with-voluntary-carbon-market-to-help-drive-global-net-zero-ambitions-3\/#primaryimage\"},\"image\":{\"@id\":\"https:\/\/cms.alj3.clients.lemonhq.io\/fr\/news\/abdul-latif-jameel-partners-with-voluntary-carbon-market-to-help-drive-global-net-zero-ambitions-3\/#primaryimage\"},\"thumbnailUrl\":\"https:\/\/media.alj3.clients.lemonhq.io\/wp-content\/uploads\/2024\/10\/Abdul-Latif-Jameel-VCM-PIF-signing.jpg\",\"datePublished\":\"2022-11-07T08:10:56+00:00\",\"dateModified\":\"2024-10-17T07:02:21+00:00\",\"breadcrumb\":{\"@id\":\"https:\/\/cms.alj3.clients.lemonhq.io\/fr\/news\/abdul-latif-jameel-partners-with-voluntary-carbon-market-to-help-drive-global-net-zero-ambitions-3\/#breadcrumb\"},\"inLanguage\":\"fr-FR\",\"potentialAction\":[{\"@type\":\"ReadAction\",\"target\":[\"https:\/\/cms.alj3.clients.lemonhq.io\/fr\/news\/abdul-latif-jameel-partners-with-voluntary-carbon-market-to-help-drive-global-net-zero-ambitions-3\/\"]}]},{\"@type\":\"ImageObject\",\"inLanguage\":\"fr-FR\",\"@id\":\"https:\/\/cms.alj3.clients.lemonhq.io\/fr\/news\/abdul-latif-jameel-partners-with-voluntary-carbon-market-to-help-drive-global-net-zero-ambitions-3\/#primaryimage\",\"url\":\"https:\/\/media.alj3.clients.lemonhq.io\/wp-content\/uploads\/2024\/10\/Abdul-Latif-Jameel-VCM-PIF-signing.jpg\",\"contentUrl\":\"https:\/\/media.alj3.clients.lemonhq.io\/wp-content\/uploads\/2024\/10\/Abdul-Latif-Jameel-VCM-PIF-signing.jpg\",\"width\":1773,\"height\":1182},{\"@type\":\"BreadcrumbList\",\"@id\":\"https:\/\/cms.alj3.clients.lemonhq.io\/fr\/news\/abdul-latif-jameel-partners-with-voluntary-carbon-market-to-help-drive-global-net-zero-ambitions-3\/#breadcrumb\",\"itemListElement\":[{\"@type\":\"ListItem\",\"position\":1,\"name\":\"Home\",\"item\":\"https:\/\/10.0.2.222\/en\/\"},{\"@type\":\"ListItem\",\"position\":2,\"name\":\"Abdul Latif Jameel s\u2019associe \u00e0 Voluntary Carbon Market pour contribuer \u00e0 la r\u00e9alisation d\u2019objectifs mondiaux de r\u00e9duction des \u00e9missions de CO\u2082.\"}]},{\"@type\":\"WebSite\",\"@id\":\"https:\/\/10.0.2.222\/en\/#website\",\"url\":\"https:\/\/10.0.2.222\/en\/\",\"name\":\"Abdul Latif Jameel\",\"description\":\"\",\"potentialAction\":[{\"@type\":\"SearchAction\",\"target\":{\"@type\":\"EntryPoint\",\"urlTemplate\":\"https:\/\/10.0.2.222\/en\/?s={search_term_string}\"},\"query-input\":{\"@type\":\"PropertyValueSpecification\",\"valueRequired\":true,\"valueName\":\"search_term_string\"}}],\"inLanguage\":\"fr-FR\"}]}<\/script>\n<!-- \/ Yoast SEO plugin. -->","yoast_head_json":{"title":"Abdul Latif Jameel s\u2019associe \u00e0 Voluntary Carbon Market pour contribuer \u00e0 la r\u00e9alisation d\u2019objectifs mondiaux de r\u00e9duction des \u00e9missions de CO\u2082. - Abdul Latif Jameel","robots":{"index":"noindex","follow":"follow","max-snippet":"max-snippet:-1","max-image-preview":"max-image-preview:large","max-video-preview":"max-video-preview:-1"},"og_locale":"fr_FR","og_type":"article","og_title":"Abdul Latif Jameel s\u2019associe \u00e0 Voluntary Carbon Market pour contribuer \u00e0 la r\u00e9alisation d\u2019objectifs mondiaux de r\u00e9duction des \u00e9missions de CO\u2082. - Abdul Latif Jameel","og_description":"Abdul Latif Jameel a particip\u00e9 \u00e0 la vente aux ench\u00e8res de cr\u00e9dits carbone dans le cadre de l\u2019initiative r\u00e9gionale Voluntary Carbon Market, qui s\u2019est tenue le premier jour de la 6\u1d49&nbsp;\u00e9dition de la Future Investment Initiative \u00e0 Riyad.[1] Lors de la vente aux ench\u00e8res, 15&nbsp;entit\u00e9s saoudiennes et r\u00e9gionales ont achet\u00e9 1,4&nbsp;million de tonnes combin\u00e9es de [&hellip;]","og_url":"https:\/\/cms.alj3.clients.lemonhq.io\/fr\/news\/abdul-latif-jameel-partners-with-voluntary-carbon-market-to-help-drive-global-net-zero-ambitions-3\/","og_site_name":"Abdul Latif Jameel","article_modified_time":"2024-10-17T07:02:21+00:00","og_image":[{"width":1773,"height":1182,"url":"https:\/\/media.alj3.clients.lemonhq.io\/wp-content\/uploads\/2024\/10\/Abdul-Latif-Jameel-VCM-PIF-signing.jpg","type":"image\/jpeg"}],"twitter_card":"summary_large_image","twitter_misc":{"Dur\u00e9e de lecture estim\u00e9e":"2 minutes"},"schema":{"@context":"https:\/\/schema.org","@graph":[{"@type":"WebPage","@id":"https:\/\/cms.alj3.clients.lemonhq.io\/fr\/news\/abdul-latif-jameel-partners-with-voluntary-carbon-market-to-help-drive-global-net-zero-ambitions-3\/","url":"https:\/\/cms.alj3.clients.lemonhq.io\/fr\/news\/abdul-latif-jameel-partners-with-voluntary-carbon-market-to-help-drive-global-net-zero-ambitions-3\/","name":"Abdul Latif Jameel s\u2019associe \u00e0 Voluntary Carbon Market pour contribuer \u00e0 la r\u00e9alisation d\u2019objectifs mondiaux de r\u00e9duction des \u00e9missions de CO\u2082. - Abdul Latif Jameel","isPartOf":{"@id":"https:\/\/10.0.2.222\/en\/#website"},"primaryImageOfPage":{"@id":"https:\/\/cms.alj3.clients.lemonhq.io\/fr\/news\/abdul-latif-jameel-partners-with-voluntary-carbon-market-to-help-drive-global-net-zero-ambitions-3\/#primaryimage"},"image":{"@id":"https:\/\/cms.alj3.clients.lemonhq.io\/fr\/news\/abdul-latif-jameel-partners-with-voluntary-carbon-market-to-help-drive-global-net-zero-ambitions-3\/#primaryimage"},"thumbnailUrl":"https:\/\/media.alj3.clients.lemonhq.io\/wp-content\/uploads\/2024\/10\/Abdul-Latif-Jameel-VCM-PIF-signing.jpg","datePublished":"2022-11-07T08:10:56+00:00","dateModified":"2024-10-17T07:02:21+00:00","breadcrumb":{"@id":"https:\/\/cms.alj3.clients.lemonhq.io\/fr\/news\/abdul-latif-jameel-partners-with-voluntary-carbon-market-to-help-drive-global-net-zero-ambitions-3\/#breadcrumb"},"inLanguage":"fr-FR","potentialAction":[{"@type":"ReadAction","target":["https:\/\/cms.alj3.clients.lemonhq.io\/fr\/news\/abdul-latif-jameel-partners-with-voluntary-carbon-market-to-help-drive-global-net-zero-ambitions-3\/"]}]},{"@type":"ImageObject","inLanguage":"fr-FR","@id":"https:\/\/cms.alj3.clients.lemonhq.io\/fr\/news\/abdul-latif-jameel-partners-with-voluntary-carbon-market-to-help-drive-global-net-zero-ambitions-3\/#primaryimage","url":"https:\/\/media.alj3.clients.lemonhq.io\/wp-content\/uploads\/2024\/10\/Abdul-Latif-Jameel-VCM-PIF-signing.jpg","contentUrl":"https:\/\/media.alj3.clients.lemonhq.io\/wp-content\/uploads\/2024\/10\/Abdul-Latif-Jameel-VCM-PIF-signing.jpg","width":1773,"height":1182},{"@type":"BreadcrumbList","@id":"https:\/\/cms.alj3.clients.lemonhq.io\/fr\/news\/abdul-latif-jameel-partners-with-voluntary-carbon-market-to-help-drive-global-net-zero-ambitions-3\/#breadcrumb","itemListElement":[{"@type":"ListItem","position":1,"name":"Home","item":"https:\/\/10.0.2.222\/en\/"},{"@type":"ListItem","position":2,"name":"Abdul Latif Jameel s\u2019associe \u00e0 Voluntary Carbon Market pour contribuer \u00e0 la r\u00e9alisation d\u2019objectifs mondiaux de r\u00e9duction des \u00e9missions de CO\u2082."}]},{"@type":"WebSite","@id":"https:\/\/10.0.2.222\/en\/#website","url":"https:\/\/10.0.2.222\/en\/","name":"Abdul Latif Jameel","description":"","potentialAction":[{"@type":"SearchAction","target":{"@type":"EntryPoint","urlTemplate":"https:\/\/10.0.2.222\/en\/?s={search_term_string}"},"query-input":{"@type":"PropertyValueSpecification","valueRequired":true,"valueName":"search_term_string"}}],"inLanguage":"fr-FR"}]}},"post-meta-fields":{"_published_date":["field_6057129b493f5"],"published_date":["20221107"],"_location":["field_601267396ce72"],"location":["Riyad, Arabie Saoudite"],"_featured":["field_601a3b473c5c5"],"featured":["1"],"_footnotes":["field_66fd39afb9383"],"footnotes":["<p><a href=\"#_ftnref1\" name=\"_ftn1\">[1]<\/a> Abdul Latif Jameel a particip\u00e9 \u00e0 la vente aux ench\u00e8res de cr\u00e9dits carbone par l\u2019interm\u00e9diaire de sa soci\u00e9t\u00e9 Jameel Investment Holding Company Limited.<\/p>"],"_business_sector":["field_66f6b5bcac8cb"],"business_sector":["Entreprise"],"_content_series":["field_66fe3c439f8f6"],"content_series":[""],"_old_post_id":["field_66fe3fd59f8f7"],"old_post_id":["104328"],"_short_title":["field_60925d67125ef"],"short_title":["Partenariat avec le march\u00e9 volontaire du carbone"],"_summary":["field_6019304103a20"],"summary":["Abdul Latif Jameel s\u2019associe \u00e0 Voluntary Carbon Market pour contribuer \u00e0 la r\u00e9alisation d\u2019objectifs mondiaux de r\u00e9duction des \u00e9missions de CO\u2082."],"_mobile_featured_image":["field_66f6b4bee65f3"],"mobile_featured_image":["https:\/\/media.alj3.clients.lemonhq.io\/wp-content\/uploads\/2024\/10\/Abdul-Latif-Jameel-VCM-PIF-signing.jpg"],"_push_notification":["field_66f6b47de65f1"],"push_notification":[""],"_publish_mobile":["field_66f6b491e65f2"],"publish_mobile":["1"],"_status":["field_652694983fe12"],"status":["publish"],"_thumbnail_id":["4308"],"_wp_page_template":["default"],"_last_translation_edit_mode":["translation-editor"],"amazonS3_cache":["a:2:{s:88:\"\/\/cms.alj3.clients.lemonhq.io\/wp-content\/uploads\/2024\/10\/Fady-Jameel-VCM-PIF-signing.jpg\";a:2:{s:2:\"id\";s:4:\"4817\";s:11:\"source_type\";s:13:\"media-library\";}s:90:\"\/\/media.alj3.clients.lemonhq.io\/wp-content\/uploads\/2024\/10\/Fady-Jameel-VCM-PIF-signing.jpg\";a:2:{s:2:\"id\";s:4:\"4817\";s:11:\"source_type\";s:13:\"media-library\";}}"],"select_category":["saudi-arabia"],"_edit_lock":["1776285099:4"]},"_links":{"self":[{"href":"https:\/\/cms.alj3.clients.lemonhq.io\/fr\/wp-json\/wp\/v2\/pressrelease\/4329","targetHints":{"allow":["GET"]}}],"collection":[{"href":"https:\/\/cms.alj3.clients.lemonhq.io\/fr\/wp-json\/wp\/v2\/pressrelease"}],"about":[{"href":"https:\/\/cms.alj3.clients.lemonhq.io\/fr\/wp-json\/wp\/v2\/types\/pressrelease"}],"wp:featuredmedia":[{"embeddable":true,"href":"https:\/\/cms.alj3.clients.lemonhq.io\/fr\/wp-json\/wp\/v2\/media\/4308"}],"wp:attachment":[{"href":"https:\/\/cms.alj3.clients.lemonhq.io\/fr\/wp-json\/wp\/v2\/media?parent=4329"}],"curies":[{"name":"wp","href":"https:\/\/api.w.org\/{rel}","templated":true}]}}