{"id":30773,"date":"2025-10-07T12:36:00","date_gmt":"2025-10-07T12:36:00","guid":{"rendered":"https:\/\/cms.alj3.clients.lemonhq.io\/news\/abdul-latif-jameel-motors-et-lexus-celebrent-35-ans-dexcellence-en-arabie-saoudite\/"},"modified":"2026-04-09T08:01:05","modified_gmt":"2026-04-09T08:01:05","slug":"abdul-latif-jameel-motors-and-lexus-celebrate-35-years-of-excellence-in-saudi-arabia","status":"publish","type":"pressrelease","link":"https:\/\/cms.alj3.clients.lemonhq.io\/fr\/news\/abdul-latif-jameel-motors-and-lexus-celebrate-35-years-of-excellence-in-saudi-arabia\/","title":{"rendered":"Abdul Latif Jameel Motors et Lexus c\u00e9l\u00e8brent 35 ans d\u2019excellence en Arabie saoudite"},"content":{"rendered":"\n<ul class=\"wp-block-list\">\n<li>\u00ab\u00a0Pour nous, l\u2019Arabie saoudite a toujours \u00e9t\u00e9 plus qu\u2019un simple march\u00e9. C\u2019est notre foyer, o\u00f9 bon nombre de nos v\u00e9hicules sont devenus plus robustes et plus fiables. Koji Sato, Pr\u00e9sident et PDG de Toyota<\/li>\n\n\n\n<li>Grande r\u00e9ouverture du centre Lexus de Djeddah, d\u00e9sormais \u00e0 la pointe de la technologie<\/li>\n<\/ul>\n\n\n\n<p>Abdul Latif Jameel Motors, distributeur agr\u00e9\u00e9 de la marque Lexus en Arabie saoudite, a c\u00e9l\u00e9br\u00e9 aujourd\u2019hui avec fiert\u00e9 le 35<sup>e<\/sup>&nbsp;anniversaire de sa collaboration strat\u00e9gique fructueuse avec Lexus lors d\u2019un \u00e9v\u00e9nement marquant&nbsp;: la r\u00e9ouverture du centre Lexus enti\u00e8rement r\u00e9nov\u00e9 \u00e0 Djeddah.<\/p>\n\n\n<div class=\"wp-block-image\">\n<figure class=\"aligncenter\"><img decoding=\"async\" src=\"https:\/\/media.alj3.clients.lemonhq.io\/wp-content\/uploads\/2025\/11\/3-scaled-1.jpg\" alt=\"\" class=\"wp-image-123783\"\/><\/figure>\n<\/div>\n\n\n<p><\/p>\n\n\n\n<p>L\u2019\u00e9tablissement ultramoderne de Djeddah est con\u00e7u pour offrir un service personnalis\u00e9 et des technologies de pointe pla\u00e7ant le client au c\u0153ur de l\u2019exp\u00e9rience. Inspir\u00e9 du concept d\u2019hospitalit\u00e9 japonais \u00ab&nbsp;Omotenashi&nbsp;\u00bb, son design offre un environnement luxueux m\u00e9ticuleusement con\u00e7u pour le confort des clients, les plus hauts niveaux de service et les derni\u00e8res technologies de diagnostic et d\u2019entretien.<\/p>\n\n\n\n<p>Le centre dispose \u00e9galement d\u2019espaces de d\u00e9tente d\u00e9di\u00e9s afin que chaque visite donne lieu \u00e0 une exp\u00e9rience fluide, luxueuse et inoubliable. Gr\u00e2ce \u00e0 ce r\u00e9am\u00e9nagement, le centre r\u00e9nov\u00e9 de Djeddah est d\u00e9sormais l\u2019un des \u00e9tablissements les plus sophistiqu\u00e9s et luxueux au monde de la marque Lexus.<\/p>\n\n\n<div class=\"wp-block-image\">\n<figure class=\"aligncenter\"><img decoding=\"async\" src=\"https:\/\/media.alj3.clients.lemonhq.io\/wp-content\/uploads\/2025\/11\/4-scaled-1.jpg\" alt=\"\" class=\"wp-image-123790\"\/><\/figure>\n<\/div>\n\n\n<p><\/p>\n\n\n\n<p>Sa refonte s\u2019inscrit dans une vision commune et globale visant \u00e0 renforcer la pr\u00e9sence de Lexus dans le Royaume, en parfaite ad\u00e9quation avec les ambitions de la Vision&nbsp;2030 saoudienne. Cette \u00e9tape importante refl\u00e8te \u00e9galement la relation strat\u00e9gique fructueuse entre Abdul Latif Jameel Motors et Lexus, qui s\u2019engage \u00e0 faire progresser l\u2019avenir de la mobilit\u00e9 de luxe dans le Royaume et \u00e0 offrir des exp\u00e9riences haut de gamme uniques.<\/p>\n\n\n\n<p>La c\u00e9r\u00e9monie de r\u00e9ouverture a r\u00e9uni Hassan Jameel, vice-pr\u00e9sident d\u2019Abdul Latif Jameel en Arabie saoudite, et M. Koji Sato, pr\u00e9sident-directeur g\u00e9n\u00e9ral de Toyota Motor Corporation, ainsi que des invit\u00e9s de marque et des hauts repr\u00e9sentants des deux parties. La pr\u00e9sence de M.&nbsp;Sato a rappel\u00e9 l\u2019importance strat\u00e9gique de l\u2019Arabie saoudite en tant que march\u00e9 de premier plan pour la marque Lexus.<\/p>\n\n\n\n<p>Revenant sur cet \u00e9v\u00e9nement prestigieux, M. Koji Sato, pr\u00e9sident-directeur g\u00e9n\u00e9ral de Toyota Motor Corporation, a d\u00e9clar\u00e9&nbsp;:<\/p>\n\n\n\n<blockquote class=\"wp-block-quote is-layout-flow wp-block-quote-is-layout-flow\">\n<p>\u00ab&nbsp;Toyota a la chance de faire partie de cette histoire. Pour nous, l\u2019Arabie saoudite a toujours \u00e9t\u00e9 plus qu\u2019un simple march\u00e9. C\u2019est notre foyer, o\u00f9 bon nombre de nos v\u00e9hicules sont devenus plus robustes et plus fiables.&nbsp;\u00bb<\/p>\n\n\n\n<p>\u00ab&nbsp;Feu Abdul Latif Jameel a \u00e9t\u00e9 l\u2019un des premiers \u00e0 rejoindre la famille Toyota et \u00e0 nous accorder sa confiance. Nous lui en sommes profond\u00e9ment reconnaissants, ainsi que pour le d\u00e9vouement de tous ceux qui l\u2019ont entretenue au fil des ans.&nbsp;\u00bb<\/p>\n\n\n\n<p>\u00ab&nbsp;Cette confiance s\u2019est particuli\u00e8rement manifest\u00e9e lorsque nous avons lanc\u00e9 la marque Lexus en&nbsp;1989, \u00e0 une \u00e9poque o\u00f9 peu de gens croyaient que Toyota \u00e9tait capable de concevoir une voiture de luxe. Pourtant, feu Abdul Latif Jameel a cru en nous, a investi dans notre avenir et nous a soutenus tout au long des d\u00e9fis. L\u2019ann\u00e9e&nbsp;1993 a marqu\u00e9 l\u2019ouverture de la premi\u00e8re usine Lexus \u00e0 grande \u00e9chelle dans la r\u00e9gion, m\u00eame si elle ne proposait qu\u2019un seul mod\u00e8le. Depuis lors, ensemble, nous avons fait de Lexus ce qu\u2019elle est aujourd\u2019hui dans le Royaume.&nbsp;\u00bb<\/p>\n<\/blockquote>\n\n\n\n<p>Commentant la collaboration qui a rendu ce parcours possible, <a href=\"https:\/\/media.alj.com\/en\/our-people\/hassan-jameel\/\">Hassan Jameel<\/a>, vice-pr\u00e9sident d\u2019Abdul Latif Jameel en Arabie saoudite, a d\u00e9clar\u00e9&nbsp;:<\/p>\n\n\n\n<blockquote class=\"wp-block-quote is-layout-flow wp-block-quote-is-layout-flow\">\n<p>\u00ab&nbsp;Depuis 35&nbsp;ans, Abdul Latif Jameel Motors est extr\u00eamement fier de sa collaboration strat\u00e9gique avec Lexus&nbsp;; une relation fond\u00e9e sur un engagement commun en faveur de l\u2019innovation, de la qualit\u00e9 et d\u2019une hospitalit\u00e9 exceptionnelle. Nous remercions Lexus pour sa confiance in\u00e9branlable dans ce march\u00e9 et exprimons notre profonde gratitude \u00e0 nos fid\u00e8les clients, qui ont fait de cette aventure une v\u00e9ritable r\u00e9ussite. Nous restons d\u00e9termin\u00e9s \u00e0 fournir un \u00e9cosyst\u00e8me de mobilit\u00e9 de luxe intelligent, durable et conforme aux aspirations de nos clients et \u00e0 la Vision&nbsp;2030 saoudienne.&nbsp;\u00bb<\/p>\n<\/blockquote>\n\n\n\n<figure class=\"wp-block-image\"><img decoding=\"async\" src=\"https:\/\/media.alj3.clients.lemonhq.io\/wp-content\/uploads\/2025\/11\/1-scaled-1.jpg\" alt=\"\" class=\"wp-image-123769\"\/><\/figure>\n\n\n\n<p><\/p>\n\n\n\n<p>L\u2019exceptionnelle collaboration entre Abdul Latif Jameel Motors et Lexus a d\u00e9but\u00e9 en 1989, lorsque la marque a \u00e9t\u00e9 introduite pour la premi\u00e8re fois dans le Royaume, r\u00e9volutionnant le concept de luxe et d\u2019innovation dans le monde automobile. Depuis lors, Lexus est devenu un symbole d\u2019excellence et de qualit\u00e9 sup\u00e9rieure, et s\u2019impose aujourd\u2019hui comme le choix pr\u00e9f\u00e9r\u00e9 des clients \u00e0 la recherche d\u2019une exp\u00e9rience de conduite haut de gamme in\u00e9gal\u00e9e.<\/p>\n","protected":false},"featured_media":30716,"menu_order":0,"template":"","class_list":["post-30773","pressrelease","type-pressrelease","status-publish","has-post-thumbnail","hentry"],"acf":[],"yoast_head":"<!-- This site is optimized with the Yoast SEO plugin v26.5 - https:\/\/yoast.com\/wordpress\/plugins\/seo\/ -->\n<title>Abdul Latif Jameel Motors et Lexus c\u00e9l\u00e8brent 35 ans d\u2019excellence en Arabie saoudite - Abdul Latif Jameel<\/title>\n<meta name=\"robots\" content=\"noindex, follow, max-snippet:-1, max-image-preview:large, max-video-preview:-1\" \/>\n<meta property=\"og:locale\" content=\"fr_FR\" \/>\n<meta property=\"og:type\" content=\"article\" \/>\n<meta property=\"og:title\" content=\"Abdul Latif Jameel Motors et Lexus c\u00e9l\u00e8brent 35 ans d\u2019excellence en Arabie saoudite - Abdul Latif Jameel\" \/>\n<meta property=\"og:description\" content=\"Abdul Latif Jameel Motors, distributeur agr\u00e9\u00e9 de la marque Lexus en Arabie saoudite, a c\u00e9l\u00e9br\u00e9 aujourd\u2019hui avec fiert\u00e9 le 35e&nbsp;anniversaire de sa collaboration strat\u00e9gique fructueuse avec Lexus lors d\u2019un \u00e9v\u00e9nement marquant&nbsp;: la r\u00e9ouverture du centre Lexus enti\u00e8rement r\u00e9nov\u00e9 \u00e0 Djeddah. L\u2019\u00e9tablissement ultramoderne de Djeddah est con\u00e7u pour offrir un service personnalis\u00e9 et des technologies de [&hellip;]\" \/>\n<meta property=\"og:url\" content=\"https:\/\/cms.alj3.clients.lemonhq.io\/fr\/news\/abdul-latif-jameel-motors-and-lexus-celebrate-35-years-of-excellence-in-saudi-arabia\/\" \/>\n<meta property=\"og:site_name\" content=\"Abdul Latif Jameel\" \/>\n<meta property=\"article:modified_time\" content=\"2026-04-09T08:01:05+00:00\" \/>\n<meta property=\"og:image\" content=\"https:\/\/media.alj3.clients.lemonhq.io\/wp-content\/uploads\/2025\/11\/2-scaled-1.jpg\" \/>\n\t<meta property=\"og:image:width\" content=\"2560\" \/>\n\t<meta property=\"og:image:height\" content=\"1181\" \/>\n\t<meta property=\"og:image:type\" content=\"image\/jpeg\" \/>\n<meta name=\"twitter:card\" content=\"summary_large_image\" \/>\n<meta name=\"twitter:label1\" content=\"Dur\u00e9e de lecture estim\u00e9e\" \/>\n\t<meta name=\"twitter:data1\" content=\"1 minute\" \/>\n<script type=\"application\/ld+json\" class=\"yoast-schema-graph\">{\"@context\":\"https:\/\/schema.org\",\"@graph\":[{\"@type\":\"WebPage\",\"@id\":\"https:\/\/cms.alj3.clients.lemonhq.io\/fr\/news\/abdul-latif-jameel-motors-and-lexus-celebrate-35-years-of-excellence-in-saudi-arabia\/\",\"url\":\"https:\/\/cms.alj3.clients.lemonhq.io\/fr\/news\/abdul-latif-jameel-motors-and-lexus-celebrate-35-years-of-excellence-in-saudi-arabia\/\",\"name\":\"Abdul Latif Jameel Motors et Lexus c\u00e9l\u00e8brent 35 ans d\u2019excellence en Arabie saoudite - Abdul Latif Jameel\",\"isPartOf\":{\"@id\":\"https:\/\/10.0.2.222\/en\/#website\"},\"primaryImageOfPage\":{\"@id\":\"https:\/\/cms.alj3.clients.lemonhq.io\/fr\/news\/abdul-latif-jameel-motors-and-lexus-celebrate-35-years-of-excellence-in-saudi-arabia\/#primaryimage\"},\"image\":{\"@id\":\"https:\/\/cms.alj3.clients.lemonhq.io\/fr\/news\/abdul-latif-jameel-motors-and-lexus-celebrate-35-years-of-excellence-in-saudi-arabia\/#primaryimage\"},\"thumbnailUrl\":\"https:\/\/media.alj3.clients.lemonhq.io\/wp-content\/uploads\/2025\/11\/2-scaled-1.jpg\",\"datePublished\":\"2025-10-07T12:36:00+00:00\",\"dateModified\":\"2026-04-09T08:01:05+00:00\",\"breadcrumb\":{\"@id\":\"https:\/\/cms.alj3.clients.lemonhq.io\/fr\/news\/abdul-latif-jameel-motors-and-lexus-celebrate-35-years-of-excellence-in-saudi-arabia\/#breadcrumb\"},\"inLanguage\":\"fr-FR\",\"potentialAction\":[{\"@type\":\"ReadAction\",\"target\":[\"https:\/\/cms.alj3.clients.lemonhq.io\/fr\/news\/abdul-latif-jameel-motors-and-lexus-celebrate-35-years-of-excellence-in-saudi-arabia\/\"]}]},{\"@type\":\"ImageObject\",\"inLanguage\":\"fr-FR\",\"@id\":\"https:\/\/cms.alj3.clients.lemonhq.io\/fr\/news\/abdul-latif-jameel-motors-and-lexus-celebrate-35-years-of-excellence-in-saudi-arabia\/#primaryimage\",\"url\":\"https:\/\/media.alj3.clients.lemonhq.io\/wp-content\/uploads\/2025\/11\/2-scaled-1.jpg\",\"contentUrl\":\"https:\/\/media.alj3.clients.lemonhq.io\/wp-content\/uploads\/2025\/11\/2-scaled-1.jpg\",\"width\":2560,\"height\":1181},{\"@type\":\"BreadcrumbList\",\"@id\":\"https:\/\/cms.alj3.clients.lemonhq.io\/fr\/news\/abdul-latif-jameel-motors-and-lexus-celebrate-35-years-of-excellence-in-saudi-arabia\/#breadcrumb\",\"itemListElement\":[{\"@type\":\"ListItem\",\"position\":1,\"name\":\"Home\",\"item\":\"https:\/\/10.0.2.222\/en\/\"},{\"@type\":\"ListItem\",\"position\":2,\"name\":\"Abdul Latif Jameel Motors et Lexus c\u00e9l\u00e8brent 35 ans d\u2019excellence en Arabie saoudite\"}]},{\"@type\":\"WebSite\",\"@id\":\"https:\/\/10.0.2.222\/en\/#website\",\"url\":\"https:\/\/10.0.2.222\/en\/\",\"name\":\"Abdul Latif Jameel\",\"description\":\"\",\"potentialAction\":[{\"@type\":\"SearchAction\",\"target\":{\"@type\":\"EntryPoint\",\"urlTemplate\":\"https:\/\/10.0.2.222\/en\/?s={search_term_string}\"},\"query-input\":{\"@type\":\"PropertyValueSpecification\",\"valueRequired\":true,\"valueName\":\"search_term_string\"}}],\"inLanguage\":\"fr-FR\"}]}<\/script>\n<!-- \/ Yoast SEO plugin. -->","yoast_head_json":{"title":"Abdul Latif Jameel Motors et Lexus c\u00e9l\u00e8brent 35 ans d\u2019excellence en Arabie saoudite - Abdul Latif Jameel","robots":{"index":"noindex","follow":"follow","max-snippet":"max-snippet:-1","max-image-preview":"max-image-preview:large","max-video-preview":"max-video-preview:-1"},"og_locale":"fr_FR","og_type":"article","og_title":"Abdul Latif Jameel Motors et Lexus c\u00e9l\u00e8brent 35 ans d\u2019excellence en Arabie saoudite - Abdul Latif Jameel","og_description":"Abdul Latif Jameel Motors, distributeur agr\u00e9\u00e9 de la marque Lexus en Arabie saoudite, a c\u00e9l\u00e9br\u00e9 aujourd\u2019hui avec fiert\u00e9 le 35e&nbsp;anniversaire de sa collaboration strat\u00e9gique fructueuse avec Lexus lors d\u2019un \u00e9v\u00e9nement marquant&nbsp;: la r\u00e9ouverture du centre Lexus enti\u00e8rement r\u00e9nov\u00e9 \u00e0 Djeddah. L\u2019\u00e9tablissement ultramoderne de Djeddah est con\u00e7u pour offrir un service personnalis\u00e9 et des technologies de [&hellip;]","og_url":"https:\/\/cms.alj3.clients.lemonhq.io\/fr\/news\/abdul-latif-jameel-motors-and-lexus-celebrate-35-years-of-excellence-in-saudi-arabia\/","og_site_name":"Abdul Latif Jameel","article_modified_time":"2026-04-09T08:01:05+00:00","og_image":[{"width":2560,"height":1181,"url":"https:\/\/media.alj3.clients.lemonhq.io\/wp-content\/uploads\/2025\/11\/2-scaled-1.jpg","type":"image\/jpeg"}],"twitter_card":"summary_large_image","twitter_misc":{"Dur\u00e9e de lecture estim\u00e9e":"1 minute"},"schema":{"@context":"https:\/\/schema.org","@graph":[{"@type":"WebPage","@id":"https:\/\/cms.alj3.clients.lemonhq.io\/fr\/news\/abdul-latif-jameel-motors-and-lexus-celebrate-35-years-of-excellence-in-saudi-arabia\/","url":"https:\/\/cms.alj3.clients.lemonhq.io\/fr\/news\/abdul-latif-jameel-motors-and-lexus-celebrate-35-years-of-excellence-in-saudi-arabia\/","name":"Abdul Latif Jameel Motors et Lexus c\u00e9l\u00e8brent 35 ans d\u2019excellence en Arabie saoudite - Abdul Latif Jameel","isPartOf":{"@id":"https:\/\/10.0.2.222\/en\/#website"},"primaryImageOfPage":{"@id":"https:\/\/cms.alj3.clients.lemonhq.io\/fr\/news\/abdul-latif-jameel-motors-and-lexus-celebrate-35-years-of-excellence-in-saudi-arabia\/#primaryimage"},"image":{"@id":"https:\/\/cms.alj3.clients.lemonhq.io\/fr\/news\/abdul-latif-jameel-motors-and-lexus-celebrate-35-years-of-excellence-in-saudi-arabia\/#primaryimage"},"thumbnailUrl":"https:\/\/media.alj3.clients.lemonhq.io\/wp-content\/uploads\/2025\/11\/2-scaled-1.jpg","datePublished":"2025-10-07T12:36:00+00:00","dateModified":"2026-04-09T08:01:05+00:00","breadcrumb":{"@id":"https:\/\/cms.alj3.clients.lemonhq.io\/fr\/news\/abdul-latif-jameel-motors-and-lexus-celebrate-35-years-of-excellence-in-saudi-arabia\/#breadcrumb"},"inLanguage":"fr-FR","potentialAction":[{"@type":"ReadAction","target":["https:\/\/cms.alj3.clients.lemonhq.io\/fr\/news\/abdul-latif-jameel-motors-and-lexus-celebrate-35-years-of-excellence-in-saudi-arabia\/"]}]},{"@type":"ImageObject","inLanguage":"fr-FR","@id":"https:\/\/cms.alj3.clients.lemonhq.io\/fr\/news\/abdul-latif-jameel-motors-and-lexus-celebrate-35-years-of-excellence-in-saudi-arabia\/#primaryimage","url":"https:\/\/media.alj3.clients.lemonhq.io\/wp-content\/uploads\/2025\/11\/2-scaled-1.jpg","contentUrl":"https:\/\/media.alj3.clients.lemonhq.io\/wp-content\/uploads\/2025\/11\/2-scaled-1.jpg","width":2560,"height":1181},{"@type":"BreadcrumbList","@id":"https:\/\/cms.alj3.clients.lemonhq.io\/fr\/news\/abdul-latif-jameel-motors-and-lexus-celebrate-35-years-of-excellence-in-saudi-arabia\/#breadcrumb","itemListElement":[{"@type":"ListItem","position":1,"name":"Home","item":"https:\/\/10.0.2.222\/en\/"},{"@type":"ListItem","position":2,"name":"Abdul Latif Jameel Motors et Lexus c\u00e9l\u00e8brent 35 ans d\u2019excellence en Arabie saoudite"}]},{"@type":"WebSite","@id":"https:\/\/10.0.2.222\/en\/#website","url":"https:\/\/10.0.2.222\/en\/","name":"Abdul Latif Jameel","description":"","potentialAction":[{"@type":"SearchAction","target":{"@type":"EntryPoint","urlTemplate":"https:\/\/10.0.2.222\/en\/?s={search_term_string}"},"query-input":{"@type":"PropertyValueSpecification","valueRequired":true,"valueName":"search_term_string"}}],"inLanguage":"fr-FR"}]}},"post-meta-fields":{"_wp_page_template":["default"],"_published_date":["field_6057129b493f5"],"published_date":["20251007"],"_location":["field_601267396ce72"],"location":["Djeddah, Arabie Saoudite"],"_featured":["field_601a3b473c5c5"],"featured":["1"],"_footnotes":["field_66fd39afb9383"],"footnotes":[""],"_business_sector":["field_66f6b5bcac8cb"],"business_sector":["Mobilit\u00e9"],"_content_series":["field_66fe3c439f8f6"],"content_series":[""],"_old_post_id":["field_66fe3fd59f8f7"],"old_post_id":["124431"],"_short_title":["field_60925d67125ef"],"short_title":["Abdul Latif Jameel Motors et Lexus c\u00e9l\u00e8brent 35 ans d\u2019excellence"],"_summary":["field_6019304103a20"],"summary":["Abdul Latif Jameel Motors, distributeur agr\u00e9\u00e9 de la marque Lexus en Arabie saoudite, a c\u00e9l\u00e9br\u00e9 aujourd\u2019hui avec fiert\u00e9 le 35e\u00a0anniversaire de sa collaboration strat\u00e9gique fructueuse avec Lexus lors d\u2019un \u00e9v\u00e9nement marquant\u00a0: la r\u00e9ouverture du centre Lexus enti\u00e8rement r\u00e9nov\u00e9 \u00e0 Djeddah."],"_mobile_featured_image":["field_66f6b4bee65f3"],"amazonS3_cache":["a:36:{s:76:\"\/\/cms.alj3.clients.lemonhq.io\/wp-content\/uploads\/2024\/09\/wp-block-img-22.png\";a:2:{s:2:\"id\";i:20296;s:11:\"source_type\";s:13:\"media-library\";}s:86:\"\/\/cms.alj3.clients.lemonhq.io\/wp-content\/uploads\/2024\/09\/wp-block-img-22-1024x1007.png\";a:2:{s:2:\"id\";i:20296;s:11:\"source_type\";s:13:\"media-library\";}s:78:\"\/\/media.alj3.clients.lemonhq.io\/wp-content\/uploads\/2024\/09\/wp-block-img-22.png\";a:2:{s:2:\"id\";i:20296;s:11:\"source_type\";s:13:\"media-library\";}s:88:\"\/\/media.alj3.clients.lemonhq.io\/wp-content\/uploads\/2024\/09\/wp-block-img-22-1024x1007.png\";a:2:{s:2:\"id\";i:20296;s:11:\"source_type\";s:13:\"media-library\";}s:76:\"\/\/cms.alj3.clients.lemonhq.io\/wp-content\/uploads\/2024\/09\/wp-block-img-23.png\";a:2:{s:2:\"id\";i:20304;s:11:\"source_type\";s:13:\"media-library\";}s:86:\"\/\/cms.alj3.clients.lemonhq.io\/wp-content\/uploads\/2024\/09\/wp-block-img-23-1024x1007.png\";a:2:{s:2:\"id\";i:20304;s:11:\"source_type\";s:13:\"media-library\";}s:78:\"\/\/media.alj3.clients.lemonhq.io\/wp-content\/uploads\/2024\/09\/wp-block-img-23.png\";a:2:{s:2:\"id\";i:20304;s:11:\"source_type\";s:13:\"media-library\";}s:88:\"\/\/media.alj3.clients.lemonhq.io\/wp-content\/uploads\/2024\/09\/wp-block-img-23-1024x1007.png\";a:2:{s:2:\"id\";i:20304;s:11:\"source_type\";s:13:\"media-library\";}s:76:\"\/\/cms.alj3.clients.lemonhq.io\/wp-content\/uploads\/2024\/09\/wp-block-img-25.png\";a:2:{s:2:\"id\";i:20328;s:11:\"source_type\";s:13:\"media-library\";}s:78:\"\/\/media.alj3.clients.lemonhq.io\/wp-content\/uploads\/2024\/09\/wp-block-img-25.png\";a:2:{s:2:\"id\";i:20328;s:11:\"source_type\";s:13:\"media-library\";}s:76:\"\/\/cms.alj3.clients.lemonhq.io\/wp-content\/uploads\/2024\/09\/wp-block-img-26.png\";a:2:{s:2:\"id\";i:20343;s:11:\"source_type\";s:13:\"media-library\";}s:86:\"\/\/cms.alj3.clients.lemonhq.io\/wp-content\/uploads\/2024\/09\/wp-block-img-26-1024x1007.png\";a:2:{s:2:\"id\";i:20343;s:11:\"source_type\";s:13:\"media-library\";}s:78:\"\/\/media.alj3.clients.lemonhq.io\/wp-content\/uploads\/2024\/09\/wp-block-img-26.png\";a:2:{s:2:\"id\";i:20343;s:11:\"source_type\";s:13:\"media-library\";}s:88:\"\/\/media.alj3.clients.lemonhq.io\/wp-content\/uploads\/2024\/09\/wp-block-img-26-1024x1007.png\";a:2:{s:2:\"id\";i:20343;s:11:\"source_type\";s:13:\"media-library\";}s:76:\"\/\/cms.alj3.clients.lemonhq.io\/wp-content\/uploads\/2024\/09\/wp-block-img-27.png\";a:2:{s:2:\"id\";i:20351;s:11:\"source_type\";s:13:\"media-library\";}s:86:\"\/\/cms.alj3.clients.lemonhq.io\/wp-content\/uploads\/2024\/09\/wp-block-img-27-1024x1007.png\";a:2:{s:2:\"id\";i:20351;s:11:\"source_type\";s:13:\"media-library\";}s:78:\"\/\/media.alj3.clients.lemonhq.io\/wp-content\/uploads\/2024\/09\/wp-block-img-27.png\";a:2:{s:2:\"id\";i:20351;s:11:\"source_type\";s:13:\"media-library\";}s:88:\"\/\/media.alj3.clients.lemonhq.io\/wp-content\/uploads\/2024\/09\/wp-block-img-27-1024x1007.png\";a:2:{s:2:\"id\";i:20351;s:11:\"source_type\";s:13:\"media-library\";}s:78:\"\/\/cms.alj3.clients.lemonhq.io\/wp-content\/uploads\/2024\/09\/wp-block-img-28-1.png\";a:2:{s:2:\"id\";i:20367;s:11:\"source_type\";s:13:\"media-library\";}s:88:\"\/\/cms.alj3.clients.lemonhq.io\/wp-content\/uploads\/2024\/09\/wp-block-img-28-1-1024x1009.png\";a:2:{s:2:\"id\";i:20367;s:11:\"source_type\";s:13:\"media-library\";}s:80:\"\/\/media.alj3.clients.lemonhq.io\/wp-content\/uploads\/2024\/09\/wp-block-img-28-1.png\";a:2:{s:2:\"id\";i:20367;s:11:\"source_type\";s:13:\"media-library\";}s:90:\"\/\/media.alj3.clients.lemonhq.io\/wp-content\/uploads\/2024\/09\/wp-block-img-28-1-1024x1009.png\";a:2:{s:2:\"id\";i:20367;s:11:\"source_type\";s:13:\"media-library\";}s:66:\"\/\/cms.alj3.clients.lemonhq.io\/wp-content\/uploads\/2024\/09\/logos.png\";a:2:{s:2:\"id\";i:20375;s:11:\"source_type\";s:13:\"media-library\";}s:75:\"\/\/cms.alj3.clients.lemonhq.io\/wp-content\/uploads\/2024\/09\/logos-1024x240.png\";a:2:{s:2:\"id\";i:20375;s:11:\"source_type\";s:13:\"media-library\";}s:68:\"\/\/media.alj3.clients.lemonhq.io\/wp-content\/uploads\/2024\/09\/logos.png\";a:2:{s:2:\"id\";i:20375;s:11:\"source_type\";s:13:\"media-library\";}s:77:\"\/\/media.alj3.clients.lemonhq.io\/wp-content\/uploads\/2024\/09\/logos-1024x240.png\";a:2:{s:2:\"id\";i:20375;s:11:\"source_type\";s:13:\"media-library\";}s:87:\"\/\/cms.alj3.clients.lemonhq.io\/wp-content\/uploads\/2024\/09\/file_example_MP4_1280_10MG.mp4\";a:2:{s:2:\"id\";s:5:\"20006\";s:11:\"source_type\";s:13:\"media-library\";}s:89:\"\/\/media.alj3.clients.lemonhq.io\/wp-content\/uploads\/2024\/09\/file_example_MP4_1280_10MG.mp4\";a:2:{s:2:\"id\";s:5:\"20006\";s:11:\"source_type\";s:13:\"media-library\";}s:76:\"\/\/cms.alj3.clients.lemonhq.io\/wp-content\/uploads\/2024\/09\/wp-block-img-24.jpg\";a:2:{s:2:\"id\";s:5:\"20312\";s:11:\"source_type\";s:13:\"media-library\";}s:78:\"\/\/media.alj3.clients.lemonhq.io\/wp-content\/uploads\/2024\/09\/wp-block-img-24.jpg\";a:2:{s:2:\"id\";s:5:\"20312\";s:11:\"source_type\";s:13:\"media-library\";}s:71:\"\/\/cms.alj3.clients.lemonhq.io\/wp-content\/uploads\/2025\/11\/3-scaled-1.jpg\";a:2:{s:2:\"id\";s:5:\"30714\";s:11:\"source_type\";s:13:\"media-library\";}s:73:\"\/\/media.alj3.clients.lemonhq.io\/wp-content\/uploads\/2025\/11\/3-scaled-1.jpg\";a:2:{s:2:\"id\";s:5:\"30714\";s:11:\"source_type\";s:13:\"media-library\";}s:71:\"\/\/cms.alj3.clients.lemonhq.io\/wp-content\/uploads\/2025\/11\/4-scaled-1.jpg\";a:2:{s:2:\"id\";s:5:\"30715\";s:11:\"source_type\";s:13:\"media-library\";}s:73:\"\/\/media.alj3.clients.lemonhq.io\/wp-content\/uploads\/2025\/11\/4-scaled-1.jpg\";a:2:{s:2:\"id\";s:5:\"30715\";s:11:\"source_type\";s:13:\"media-library\";}s:71:\"\/\/cms.alj3.clients.lemonhq.io\/wp-content\/uploads\/2025\/11\/1-scaled-1.jpg\";a:2:{s:2:\"id\";s:5:\"30713\";s:11:\"source_type\";s:13:\"media-library\";}s:73:\"\/\/media.alj3.clients.lemonhq.io\/wp-content\/uploads\/2025\/11\/1-scaled-1.jpg\";a:2:{s:2:\"id\";s:5:\"30713\";s:11:\"source_type\";s:13:\"media-library\";}}"],"mobile_featured_image":["https:\/\/media.alj3.clients.lemonhq.io\/wp-content\/uploads\/2025\/11\/1-scaled-4.jpg"],"_push_notification":["field_66f6b47de65f1"],"push_notification":[""],"_publish_mobile":["field_66f6b491e65f2"],"publish_mobile":["0"],"_status":["field_652694983fe12"],"status":["publish"],"_thumbnail_id":["30716"],"_wpml_word_count":["{\"total\":714,\"to_translate\":{\"ar\":714,\"zh-hans\":714,\"fr\":714,\"ja\":714,\"es\":714,\"tr\":714}}"],"_wp_old_date":["2025-11-27"],"_last_translation_edit_mode":["native-editor"],"_wp_old_slug":["abdul-latif-jameel-motors-et-lexus-celebrent-35-ans-dexcellence-en-arabie-saoudite"],"_edit_lock":["1775721954:4"],"_edit_last":["4"],"_wpml_media_duplicate":["1"],"_wpml_media_featured":["1"],"_yoast_wpseo_estimated-reading-time-minutes":["1"],"_yoast_wpseo_primary_category":["21"],"select_category":["saudi-arabia"],"_select_category":["field_6937c5cade1ee"],"_ame_cpe_post_policy":["{\"accessProtection\":{\"active\":\"replace\"}}"],"_yoast_wpseo_content_score":["90"]},"_links":{"self":[{"href":"https:\/\/cms.alj3.clients.lemonhq.io\/fr\/wp-json\/wp\/v2\/pressrelease\/30773","targetHints":{"allow":["GET"]}}],"collection":[{"href":"https:\/\/cms.alj3.clients.lemonhq.io\/fr\/wp-json\/wp\/v2\/pressrelease"}],"about":[{"href":"https:\/\/cms.alj3.clients.lemonhq.io\/fr\/wp-json\/wp\/v2\/types\/pressrelease"}],"wp:featuredmedia":[{"embeddable":true,"href":"https:\/\/cms.alj3.clients.lemonhq.io\/fr\/wp-json\/wp\/v2\/media\/30716"}],"wp:attachment":[{"href":"https:\/\/cms.alj3.clients.lemonhq.io\/fr\/wp-json\/wp\/v2\/media?parent=30773"}],"curies":[{"name":"wp","href":"https:\/\/api.w.org\/{rel}","templated":true}]}}