{"id":30628,"date":"2025-05-26T08:37:00","date_gmt":"2025-05-26T08:37:00","guid":{"rendered":"https:\/\/cms.alj3.clients.lemonhq.io\/news\/abdul-latif-jameel-et-uber-signent-un-protocole-daccord-pour-etudier-les-perspectives-devolution-de-la-mobilite-en-arabie-saoudite\/"},"modified":"2026-04-21T12:50:03","modified_gmt":"2026-04-21T12:50:03","slug":"abdul-latif-jameel-and-uber-sign-mou-to-explore-opportunities-to-advance-the-future-of-mobility-in-saudi-arabia","status":"publish","type":"pressrelease","link":"https:\/\/cms.alj3.clients.lemonhq.io\/fr\/news\/abdul-latif-jameel-and-uber-sign-mou-to-explore-opportunities-to-advance-the-future-of-mobility-in-saudi-arabia\/","title":{"rendered":"Abdul Latif Jameel et Uber signent un protocole d\u2019accord pour \u00e9tudier les perspectives d\u2019\u00e9volution de la mobilit\u00e9 en Arabie saoudite"},"content":{"rendered":"\n<ul class=\"wp-block-list\">\n<li>\u00c9tudier les possibilit\u00e9s de construire une plateforme \u00e9volutive d\u2019exploitation de flotte de nouvelle g\u00e9n\u00e9ration englobant le covoiturage traditionnel et la mobilit\u00e9 autonome.<\/li>\n\n\n\n<li>Le protocole d\u2019accord vise \u00e0 acc\u00e9l\u00e9rer la transformation de la mobilit\u00e9 urbaine en Arabie saoudite, notamment par le d\u00e9ploiement de\u00a0VA.<\/li>\n\n\n\n<li>Inscrite dans la Vision\u00a02030 de l\u2019Arabie saoudite, cette collaboration vise \u00e0 cr\u00e9er 30\u00a0000\u00a0possibilit\u00e9s de revenus pour les ressortissants saoudiens et \u00e0 contribuer \u00e0 la diversification de l\u2019\u00e9conomie.<\/li>\n<\/ul>\n\n\n\n<p><a href=\"https:\/\/media.alj.com\/en\/\">Abdul Latif Jameel<\/a> et <a href=\"http:\/\/www.uber.com\/\">Uber Technologies, Inc.<\/a> (NYSE&nbsp;: UBER) annoncent la signature d\u2019un protocole d\u2019accord visant \u00e0 explorer les possibilit\u00e9s de cr\u00e9ation d\u2019une plateforme \u00e9volutive d\u2019exploitation de flotte de nouvelle g\u00e9n\u00e9ration. Conform\u00e9ment aux objectifs de Vision&nbsp;2030 de l\u2019Arabie saoudite, cette collaboration permettra de favoriser la croissance socio-\u00e9conomique dans le Royaume et de cr\u00e9er plus de possibilit\u00e9s de revenus pour les ressortissants saoudiens.<\/p>\n\n\n\n<p>Le protocole d\u2019accord a r\u00e9cemment \u00e9t\u00e9 sign\u00e9 pendant que se tenait le Forum d\u2019investissement en pr\u00e9sence de S.E.&nbsp;Saleh Al-Jasser, ministre des Transports et des Services logistiques, et du pr\u00e9sident par int\u00e9rim de l\u2019Autorit\u00e9 g\u00e9n\u00e9rale des transports (TGA) S.E. Dr&nbsp;Rumaih bin&nbsp;Mohammed Al-Rumaih. Le Protocole d\u2019accord vise \u00e0 acc\u00e9l\u00e9rer la transformation de la mobilit\u00e9 urbaine en Arabie saoudite, notamment par le d\u00e9ploiement de v\u00e9hicules autonomes&nbsp;(VA). Les repr\u00e9sentants des deux parties, Hassan Jameel, Vice-pr\u00e9sident, Arabie saoudite, Abdul Latif Jameel, et Dara Khosrowshahi, PDG d\u2019Uber, ont sign\u00e9 le protocole d\u2019accord.<\/p>\n\n\n\n<h2 class=\"wp-block-heading\">Ouvrir la voie \u00e0 la mobilit\u00e9 autonome<\/h2>\n\n\n\n<p>Les v\u00e9hicules autonomes sont essentiels \u00e0 l\u2019avenir des transports. Uber se pr\u00e9pare \u00e0 un avenir \u00e9lectrique, partag\u00e9 et autonome, et travaille d\u00e9j\u00e0 avec 18&nbsp;partenaires de premier plan dans le domaine des&nbsp;VA. L\u2019Arabie saoudite est pr\u00eate \u00e0 devenir une destination cl\u00e9 pour la transformation urbaine et l\u2019int\u00e9gration des VA dans l\u2019\u00e9cosyst\u00e8me. Abdul Latif Jameel, en collaboration avec Uber, jouera un r\u00f4le central dans l\u2019acc\u00e9l\u00e9ration du d\u00e9ploiement des v\u00e9hicules autonomes, en soutenant les op\u00e9rations des flottes locales.<\/p>\n\n\n\n<h2 class=\"wp-block-heading\">Transformer la mobilit\u00e9 urbaine pour soutenir la diversification \u00e9conomique<\/h2>\n\n\n\n<p>Dans le cadre de cette collaboration, les entreprises travailleront de concert \u00e0 la mise en place d\u2019une flotte de v\u00e9hicules \u00e9volutive, dans le but de cr\u00e9er 30&nbsp;000&nbsp;possibilit\u00e9s de revenus pour les ressortissants saoudiens.<\/p>\n\n\n\n<p>La mobilit\u00e9 jouant un r\u00f4le pivot dans la transformation urbaine de l\u2019Arabie saoudite, ce protocole d\u2019accord aborde les perspectives actuelles et futures, ainsi que des besoins des conducteurs, des usagers et des touristes conform\u00e9ment \u00e0 la Vision&nbsp;2030. En alliant l\u2019excellence op\u00e9rationnelle et l\u2019expertise locale d\u2019Abdul Latif Jameel \u00e0 la technologie de mobilit\u00e9 innovante et au r\u00e9seau mondial d\u2019Uber, les deux entreprises contribueront \u00e0 la diversification de l\u2019\u00e9conomie, au d\u00e9veloppement de giga-projets et \u00e0 l\u2019essor de l\u2019\u00e9conomie saoudienne.<\/p>\n\n\n\n<p><a href=\"https:\/\/media.alj.com\/en\/our-people\/hassan-jameel\/\">Hassan Jameel<\/a>, Vice-pr\u00e9sident, Arabie saoudite, Abdul Latif Jameel, a d\u00e9clar\u00e9&nbsp;:<\/p>\n\n\n\n<blockquote class=\"wp-block-quote is-layout-flow wp-block-quote-is-layout-flow\">\n<p>\u00ab&nbsp;Notre collaboration avec Uber refl\u00e8te une vision commune ax\u00e9e sur un avenir \u00e0 la mobilit\u00e9 plus intelligente, plus accessible et plus autonome. Nous sommes fiers de travailler avec un leader technologique aussi r\u00e9put\u00e9, car nous soutenons la Vision&nbsp;2030 de l\u2019Arabie saoudite et nous positionnons le Royaume comme un mod\u00e8le pour l\u2019avenir de la mobilit\u00e9. Il est tout aussi important de souligner que cet accord permettra \u00e0 la jeunesse saoudienne de prendre son destin en main gr\u00e2ce \u00e0 la cr\u00e9ation de possibilit\u00e9s d\u2019emploi, tout en contribuant \u00e0 la prosp\u00e9rit\u00e9 \u00e0 long terme du Royaume.&nbsp;\u00bb<\/p>\n<\/blockquote>\n\n\n\n<p>Hassan Jameel a \u00e9galement exprim\u00e9 sa sinc\u00e8re gratitude \u00e0 S.E.&nbsp;Saleh Al-Jasser, ministre des Transports et des Services logistiques, pour avoir assist\u00e9 \u00e0 la c\u00e9r\u00e9monie de signature du Protocole d\u2019accord.<\/p>\n\n\n\n<p>Dara Khosrowshahi, PDG d\u2019Uber, a quant \u00e0 lui indiqu\u00e9&nbsp;:<\/p>\n\n\n\n<blockquote class=\"wp-block-quote is-layout-flow wp-block-quote-is-layout-flow\">\n<p>\u00ab&nbsp;L\u2019Arabie saoudite est un march\u00e9 extr\u00eamement important pour Uber. Nous sommes tr\u00e8s heureux de collaborer avec Abdul Latif Jameel pour promouvoir et acc\u00e9l\u00e9rer l\u2019avenir de la mobilit\u00e9 \u00e9lectrique, partag\u00e9e et autonome dans le pays, tout en am\u00e9liorant les possibilit\u00e9s de revenus pour les ressortissants saoudiens. Notre objectif est de faire d\u2019Uber la meilleure plateforme pour la technologie des&nbsp;VA et de continuer \u00e0 introduire des solutions de mobilit\u00e9 autonomes et pilot\u00e9es par l\u2019humain pour aider les personnes \u00e0 se rendre l\u00e0 o\u00f9 elles le souhaitent, sans effort.&nbsp;\u00bb<\/p>\n<\/blockquote>\n\n\n\n<p>Avec l\u2019Arabie saoudite comme mod\u00e8le, Abdul Latif Jameel et Uber ont pour ambition \u00e0 long terme de cr\u00e9er une nouvelle norme pour l\u2019avenir de la mobilit\u00e9 et un mod\u00e8le \u00e9volutif qui peut \u00eatre d\u00e9ploy\u00e9 \u00e0 l\u2019\u00e9chelle internationale.<\/p>\n","protected":false},"featured_media":30605,"menu_order":0,"template":"","class_list":["post-30628","pressrelease","type-pressrelease","status-publish","has-post-thumbnail","hentry"],"acf":[],"yoast_head":"<!-- This site is optimized with the Yoast SEO plugin v26.5 - https:\/\/yoast.com\/wordpress\/plugins\/seo\/ -->\n<title>Abdul Latif Jameel et Uber signent un protocole d\u2019accord pour \u00e9tudier les perspectives d\u2019\u00e9volution de la mobilit\u00e9 en Arabie saoudite - Abdul Latif Jameel<\/title>\n<meta name=\"robots\" content=\"noindex, follow, max-snippet:-1, max-image-preview:large, max-video-preview:-1\" \/>\n<meta property=\"og:locale\" content=\"fr_FR\" \/>\n<meta property=\"og:type\" content=\"article\" \/>\n<meta property=\"og:title\" content=\"Abdul Latif Jameel et Uber signent un protocole d\u2019accord pour \u00e9tudier les perspectives d\u2019\u00e9volution de la mobilit\u00e9 en Arabie saoudite - Abdul Latif Jameel\" \/>\n<meta property=\"og:description\" content=\"Abdul Latif Jameel et Uber Technologies, Inc. (NYSE&nbsp;: UBER) annoncent la signature d\u2019un protocole d\u2019accord visant \u00e0 explorer les possibilit\u00e9s de cr\u00e9ation d\u2019une plateforme \u00e9volutive d\u2019exploitation de flotte de nouvelle g\u00e9n\u00e9ration. Conform\u00e9ment aux objectifs de Vision&nbsp;2030 de l\u2019Arabie saoudite, cette collaboration permettra de favoriser la croissance socio-\u00e9conomique dans le Royaume et de cr\u00e9er plus de [&hellip;]\" \/>\n<meta property=\"og:url\" content=\"https:\/\/cms.alj3.clients.lemonhq.io\/fr\/news\/abdul-latif-jameel-and-uber-sign-mou-to-explore-opportunities-to-advance-the-future-of-mobility-in-saudi-arabia\/\" \/>\n<meta property=\"og:site_name\" content=\"Abdul Latif Jameel\" \/>\n<meta property=\"article:modified_time\" content=\"2026-04-21T12:50:03+00:00\" \/>\n<meta property=\"og:image\" content=\"https:\/\/media.alj3.clients.lemonhq.io\/wp-content\/uploads\/2025\/11\/Abdul-Latif-Jameel-and-Uber-sign-MoU-scaled-1.jpg\" \/>\n\t<meta property=\"og:image:width\" content=\"2560\" \/>\n\t<meta property=\"og:image:height\" content=\"1686\" \/>\n\t<meta property=\"og:image:type\" content=\"image\/jpeg\" \/>\n<meta name=\"twitter:card\" content=\"summary_large_image\" \/>\n<meta name=\"twitter:label1\" content=\"Dur\u00e9e de lecture estim\u00e9e\" \/>\n\t<meta name=\"twitter:data1\" content=\"3 minutes\" \/>\n<script type=\"application\/ld+json\" class=\"yoast-schema-graph\">{\"@context\":\"https:\/\/schema.org\",\"@graph\":[{\"@type\":\"WebPage\",\"@id\":\"https:\/\/cms.alj3.clients.lemonhq.io\/fr\/news\/abdul-latif-jameel-and-uber-sign-mou-to-explore-opportunities-to-advance-the-future-of-mobility-in-saudi-arabia\/\",\"url\":\"https:\/\/cms.alj3.clients.lemonhq.io\/fr\/news\/abdul-latif-jameel-and-uber-sign-mou-to-explore-opportunities-to-advance-the-future-of-mobility-in-saudi-arabia\/\",\"name\":\"Abdul Latif Jameel et Uber signent un protocole d\u2019accord pour \u00e9tudier les perspectives d\u2019\u00e9volution de la mobilit\u00e9 en Arabie saoudite - Abdul Latif Jameel\",\"isPartOf\":{\"@id\":\"https:\/\/10.0.2.222\/en\/#website\"},\"primaryImageOfPage\":{\"@id\":\"https:\/\/cms.alj3.clients.lemonhq.io\/fr\/news\/abdul-latif-jameel-and-uber-sign-mou-to-explore-opportunities-to-advance-the-future-of-mobility-in-saudi-arabia\/#primaryimage\"},\"image\":{\"@id\":\"https:\/\/cms.alj3.clients.lemonhq.io\/fr\/news\/abdul-latif-jameel-and-uber-sign-mou-to-explore-opportunities-to-advance-the-future-of-mobility-in-saudi-arabia\/#primaryimage\"},\"thumbnailUrl\":\"https:\/\/media.alj3.clients.lemonhq.io\/wp-content\/uploads\/2025\/11\/Abdul-Latif-Jameel-and-Uber-sign-MoU-scaled-1.jpg\",\"datePublished\":\"2025-05-26T08:37:00+00:00\",\"dateModified\":\"2026-04-21T12:50:03+00:00\",\"breadcrumb\":{\"@id\":\"https:\/\/cms.alj3.clients.lemonhq.io\/fr\/news\/abdul-latif-jameel-and-uber-sign-mou-to-explore-opportunities-to-advance-the-future-of-mobility-in-saudi-arabia\/#breadcrumb\"},\"inLanguage\":\"fr-FR\",\"potentialAction\":[{\"@type\":\"ReadAction\",\"target\":[\"https:\/\/cms.alj3.clients.lemonhq.io\/fr\/news\/abdul-latif-jameel-and-uber-sign-mou-to-explore-opportunities-to-advance-the-future-of-mobility-in-saudi-arabia\/\"]}]},{\"@type\":\"ImageObject\",\"inLanguage\":\"fr-FR\",\"@id\":\"https:\/\/cms.alj3.clients.lemonhq.io\/fr\/news\/abdul-latif-jameel-and-uber-sign-mou-to-explore-opportunities-to-advance-the-future-of-mobility-in-saudi-arabia\/#primaryimage\",\"url\":\"https:\/\/media.alj3.clients.lemonhq.io\/wp-content\/uploads\/2025\/11\/Abdul-Latif-Jameel-and-Uber-sign-MoU-scaled-1.jpg\",\"contentUrl\":\"https:\/\/media.alj3.clients.lemonhq.io\/wp-content\/uploads\/2025\/11\/Abdul-Latif-Jameel-and-Uber-sign-MoU-scaled-1.jpg\",\"width\":2560,\"height\":1686},{\"@type\":\"BreadcrumbList\",\"@id\":\"https:\/\/cms.alj3.clients.lemonhq.io\/fr\/news\/abdul-latif-jameel-and-uber-sign-mou-to-explore-opportunities-to-advance-the-future-of-mobility-in-saudi-arabia\/#breadcrumb\",\"itemListElement\":[{\"@type\":\"ListItem\",\"position\":1,\"name\":\"Home\",\"item\":\"https:\/\/10.0.2.222\/en\/\"},{\"@type\":\"ListItem\",\"position\":2,\"name\":\"Abdul Latif Jameel et Uber signent un protocole d\u2019accord pour \u00e9tudier les perspectives d\u2019\u00e9volution de la mobilit\u00e9 en Arabie saoudite\"}]},{\"@type\":\"WebSite\",\"@id\":\"https:\/\/10.0.2.222\/en\/#website\",\"url\":\"https:\/\/10.0.2.222\/en\/\",\"name\":\"Abdul Latif Jameel\",\"description\":\"\",\"potentialAction\":[{\"@type\":\"SearchAction\",\"target\":{\"@type\":\"EntryPoint\",\"urlTemplate\":\"https:\/\/10.0.2.222\/en\/?s={search_term_string}\"},\"query-input\":{\"@type\":\"PropertyValueSpecification\",\"valueRequired\":true,\"valueName\":\"search_term_string\"}}],\"inLanguage\":\"fr-FR\"}]}<\/script>\n<!-- \/ Yoast SEO plugin. -->","yoast_head_json":{"title":"Abdul Latif Jameel et Uber signent un protocole d\u2019accord pour \u00e9tudier les perspectives d\u2019\u00e9volution de la mobilit\u00e9 en Arabie saoudite - Abdul Latif Jameel","robots":{"index":"noindex","follow":"follow","max-snippet":"max-snippet:-1","max-image-preview":"max-image-preview:large","max-video-preview":"max-video-preview:-1"},"og_locale":"fr_FR","og_type":"article","og_title":"Abdul Latif Jameel et Uber signent un protocole d\u2019accord pour \u00e9tudier les perspectives d\u2019\u00e9volution de la mobilit\u00e9 en Arabie saoudite - Abdul Latif Jameel","og_description":"Abdul Latif Jameel et Uber Technologies, Inc. (NYSE&nbsp;: UBER) annoncent la signature d\u2019un protocole d\u2019accord visant \u00e0 explorer les possibilit\u00e9s de cr\u00e9ation d\u2019une plateforme \u00e9volutive d\u2019exploitation de flotte de nouvelle g\u00e9n\u00e9ration. Conform\u00e9ment aux objectifs de Vision&nbsp;2030 de l\u2019Arabie saoudite, cette collaboration permettra de favoriser la croissance socio-\u00e9conomique dans le Royaume et de cr\u00e9er plus de [&hellip;]","og_url":"https:\/\/cms.alj3.clients.lemonhq.io\/fr\/news\/abdul-latif-jameel-and-uber-sign-mou-to-explore-opportunities-to-advance-the-future-of-mobility-in-saudi-arabia\/","og_site_name":"Abdul Latif Jameel","article_modified_time":"2026-04-21T12:50:03+00:00","og_image":[{"width":2560,"height":1686,"url":"https:\/\/media.alj3.clients.lemonhq.io\/wp-content\/uploads\/2025\/11\/Abdul-Latif-Jameel-and-Uber-sign-MoU-scaled-1.jpg","type":"image\/jpeg"}],"twitter_card":"summary_large_image","twitter_misc":{"Dur\u00e9e de lecture estim\u00e9e":"3 minutes"},"schema":{"@context":"https:\/\/schema.org","@graph":[{"@type":"WebPage","@id":"https:\/\/cms.alj3.clients.lemonhq.io\/fr\/news\/abdul-latif-jameel-and-uber-sign-mou-to-explore-opportunities-to-advance-the-future-of-mobility-in-saudi-arabia\/","url":"https:\/\/cms.alj3.clients.lemonhq.io\/fr\/news\/abdul-latif-jameel-and-uber-sign-mou-to-explore-opportunities-to-advance-the-future-of-mobility-in-saudi-arabia\/","name":"Abdul Latif Jameel et Uber signent un protocole d\u2019accord pour \u00e9tudier les perspectives d\u2019\u00e9volution de la mobilit\u00e9 en Arabie saoudite - Abdul Latif Jameel","isPartOf":{"@id":"https:\/\/10.0.2.222\/en\/#website"},"primaryImageOfPage":{"@id":"https:\/\/cms.alj3.clients.lemonhq.io\/fr\/news\/abdul-latif-jameel-and-uber-sign-mou-to-explore-opportunities-to-advance-the-future-of-mobility-in-saudi-arabia\/#primaryimage"},"image":{"@id":"https:\/\/cms.alj3.clients.lemonhq.io\/fr\/news\/abdul-latif-jameel-and-uber-sign-mou-to-explore-opportunities-to-advance-the-future-of-mobility-in-saudi-arabia\/#primaryimage"},"thumbnailUrl":"https:\/\/media.alj3.clients.lemonhq.io\/wp-content\/uploads\/2025\/11\/Abdul-Latif-Jameel-and-Uber-sign-MoU-scaled-1.jpg","datePublished":"2025-05-26T08:37:00+00:00","dateModified":"2026-04-21T12:50:03+00:00","breadcrumb":{"@id":"https:\/\/cms.alj3.clients.lemonhq.io\/fr\/news\/abdul-latif-jameel-and-uber-sign-mou-to-explore-opportunities-to-advance-the-future-of-mobility-in-saudi-arabia\/#breadcrumb"},"inLanguage":"fr-FR","potentialAction":[{"@type":"ReadAction","target":["https:\/\/cms.alj3.clients.lemonhq.io\/fr\/news\/abdul-latif-jameel-and-uber-sign-mou-to-explore-opportunities-to-advance-the-future-of-mobility-in-saudi-arabia\/"]}]},{"@type":"ImageObject","inLanguage":"fr-FR","@id":"https:\/\/cms.alj3.clients.lemonhq.io\/fr\/news\/abdul-latif-jameel-and-uber-sign-mou-to-explore-opportunities-to-advance-the-future-of-mobility-in-saudi-arabia\/#primaryimage","url":"https:\/\/media.alj3.clients.lemonhq.io\/wp-content\/uploads\/2025\/11\/Abdul-Latif-Jameel-and-Uber-sign-MoU-scaled-1.jpg","contentUrl":"https:\/\/media.alj3.clients.lemonhq.io\/wp-content\/uploads\/2025\/11\/Abdul-Latif-Jameel-and-Uber-sign-MoU-scaled-1.jpg","width":2560,"height":1686},{"@type":"BreadcrumbList","@id":"https:\/\/cms.alj3.clients.lemonhq.io\/fr\/news\/abdul-latif-jameel-and-uber-sign-mou-to-explore-opportunities-to-advance-the-future-of-mobility-in-saudi-arabia\/#breadcrumb","itemListElement":[{"@type":"ListItem","position":1,"name":"Home","item":"https:\/\/10.0.2.222\/en\/"},{"@type":"ListItem","position":2,"name":"Abdul Latif Jameel et Uber signent un protocole d\u2019accord pour \u00e9tudier les perspectives d\u2019\u00e9volution de la mobilit\u00e9 en Arabie saoudite"}]},{"@type":"WebSite","@id":"https:\/\/10.0.2.222\/en\/#website","url":"https:\/\/10.0.2.222\/en\/","name":"Abdul Latif Jameel","description":"","potentialAction":[{"@type":"SearchAction","target":{"@type":"EntryPoint","urlTemplate":"https:\/\/10.0.2.222\/en\/?s={search_term_string}"},"query-input":{"@type":"PropertyValueSpecification","valueRequired":true,"valueName":"search_term_string"}}],"inLanguage":"fr-FR"}]}},"post-meta-fields":{"_wp_page_template":["default"],"_published_date":["field_6057129b493f5"],"published_date":["20250526"],"_location":["field_601267396ce72"],"location":["Djeddah, Arabie saoudite"],"_featured":["field_601a3b473c5c5"],"featured":["0"],"_footnotes":["field_66fd39afb9383"],"footnotes":[""],"_business_sector":["field_66f6b5bcac8cb"],"business_sector":["Mobilit\u00e9"],"_content_series":["field_66fe3c439f8f6"],"content_series":[""],"_old_post_id":["field_66fe3fd59f8f7"],"old_post_id":["122177"],"_short_title":["field_60925d67125ef"],"short_title":["Abdul Latif Jameel et Uber signent le protocole d\u2019accord"],"_summary":["field_6019304103a20"],"summary":["Abdul Latif Jameel et Uber signent un protocole d\u2019accord pour \u00e9tudier les perspectives d\u2019\u00e9volution de la mobilit\u00e9 en Arabie saoudite"],"_mobile_featured_image":["field_66f6b4bee65f3"],"mobile_featured_image":["https:\/\/media.alj3.clients.lemonhq.io\/wp-content\/uploads\/2025\/11\/Abdul-Latif-Jameel-and-Uber-sign-MoU-scaled-4.jpg"],"_push_notification":["field_66f6b47de65f1"],"push_notification":[""],"_publish_mobile":["field_66f6b491e65f2"],"publish_mobile":["1"],"amazonS3_cache":["a:30:{s:76:\"\/\/cms.alj3.clients.lemonhq.io\/wp-content\/uploads\/2024\/09\/wp-block-img-22.png\";a:2:{s:2:\"id\";i:20296;s:11:\"source_type\";s:13:\"media-library\";}s:86:\"\/\/cms.alj3.clients.lemonhq.io\/wp-content\/uploads\/2024\/09\/wp-block-img-22-1024x1007.png\";a:2:{s:2:\"id\";i:20296;s:11:\"source_type\";s:13:\"media-library\";}s:78:\"\/\/media.alj3.clients.lemonhq.io\/wp-content\/uploads\/2024\/09\/wp-block-img-22.png\";a:2:{s:2:\"id\";i:20296;s:11:\"source_type\";s:13:\"media-library\";}s:88:\"\/\/media.alj3.clients.lemonhq.io\/wp-content\/uploads\/2024\/09\/wp-block-img-22-1024x1007.png\";a:2:{s:2:\"id\";i:20296;s:11:\"source_type\";s:13:\"media-library\";}s:76:\"\/\/cms.alj3.clients.lemonhq.io\/wp-content\/uploads\/2024\/09\/wp-block-img-23.png\";a:2:{s:2:\"id\";i:20304;s:11:\"source_type\";s:13:\"media-library\";}s:86:\"\/\/cms.alj3.clients.lemonhq.io\/wp-content\/uploads\/2024\/09\/wp-block-img-23-1024x1007.png\";a:2:{s:2:\"id\";i:20304;s:11:\"source_type\";s:13:\"media-library\";}s:78:\"\/\/media.alj3.clients.lemonhq.io\/wp-content\/uploads\/2024\/09\/wp-block-img-23.png\";a:2:{s:2:\"id\";i:20304;s:11:\"source_type\";s:13:\"media-library\";}s:88:\"\/\/media.alj3.clients.lemonhq.io\/wp-content\/uploads\/2024\/09\/wp-block-img-23-1024x1007.png\";a:2:{s:2:\"id\";i:20304;s:11:\"source_type\";s:13:\"media-library\";}s:76:\"\/\/cms.alj3.clients.lemonhq.io\/wp-content\/uploads\/2024\/09\/wp-block-img-25.png\";a:2:{s:2:\"id\";i:20328;s:11:\"source_type\";s:13:\"media-library\";}s:78:\"\/\/media.alj3.clients.lemonhq.io\/wp-content\/uploads\/2024\/09\/wp-block-img-25.png\";a:2:{s:2:\"id\";i:20328;s:11:\"source_type\";s:13:\"media-library\";}s:76:\"\/\/cms.alj3.clients.lemonhq.io\/wp-content\/uploads\/2024\/09\/wp-block-img-26.png\";a:2:{s:2:\"id\";i:20343;s:11:\"source_type\";s:13:\"media-library\";}s:86:\"\/\/cms.alj3.clients.lemonhq.io\/wp-content\/uploads\/2024\/09\/wp-block-img-26-1024x1007.png\";a:2:{s:2:\"id\";i:20343;s:11:\"source_type\";s:13:\"media-library\";}s:78:\"\/\/media.alj3.clients.lemonhq.io\/wp-content\/uploads\/2024\/09\/wp-block-img-26.png\";a:2:{s:2:\"id\";i:20343;s:11:\"source_type\";s:13:\"media-library\";}s:88:\"\/\/media.alj3.clients.lemonhq.io\/wp-content\/uploads\/2024\/09\/wp-block-img-26-1024x1007.png\";a:2:{s:2:\"id\";i:20343;s:11:\"source_type\";s:13:\"media-library\";}s:76:\"\/\/cms.alj3.clients.lemonhq.io\/wp-content\/uploads\/2024\/09\/wp-block-img-27.png\";a:2:{s:2:\"id\";i:20351;s:11:\"source_type\";s:13:\"media-library\";}s:86:\"\/\/cms.alj3.clients.lemonhq.io\/wp-content\/uploads\/2024\/09\/wp-block-img-27-1024x1007.png\";a:2:{s:2:\"id\";i:20351;s:11:\"source_type\";s:13:\"media-library\";}s:78:\"\/\/media.alj3.clients.lemonhq.io\/wp-content\/uploads\/2024\/09\/wp-block-img-27.png\";a:2:{s:2:\"id\";i:20351;s:11:\"source_type\";s:13:\"media-library\";}s:88:\"\/\/media.alj3.clients.lemonhq.io\/wp-content\/uploads\/2024\/09\/wp-block-img-27-1024x1007.png\";a:2:{s:2:\"id\";i:20351;s:11:\"source_type\";s:13:\"media-library\";}s:78:\"\/\/cms.alj3.clients.lemonhq.io\/wp-content\/uploads\/2024\/09\/wp-block-img-28-1.png\";a:2:{s:2:\"id\";i:20367;s:11:\"source_type\";s:13:\"media-library\";}s:88:\"\/\/cms.alj3.clients.lemonhq.io\/wp-content\/uploads\/2024\/09\/wp-block-img-28-1-1024x1009.png\";a:2:{s:2:\"id\";i:20367;s:11:\"source_type\";s:13:\"media-library\";}s:80:\"\/\/media.alj3.clients.lemonhq.io\/wp-content\/uploads\/2024\/09\/wp-block-img-28-1.png\";a:2:{s:2:\"id\";i:20367;s:11:\"source_type\";s:13:\"media-library\";}s:90:\"\/\/media.alj3.clients.lemonhq.io\/wp-content\/uploads\/2024\/09\/wp-block-img-28-1-1024x1009.png\";a:2:{s:2:\"id\";i:20367;s:11:\"source_type\";s:13:\"media-library\";}s:66:\"\/\/cms.alj3.clients.lemonhq.io\/wp-content\/uploads\/2024\/09\/logos.png\";a:2:{s:2:\"id\";i:20375;s:11:\"source_type\";s:13:\"media-library\";}s:75:\"\/\/cms.alj3.clients.lemonhq.io\/wp-content\/uploads\/2024\/09\/logos-1024x240.png\";a:2:{s:2:\"id\";i:20375;s:11:\"source_type\";s:13:\"media-library\";}s:68:\"\/\/media.alj3.clients.lemonhq.io\/wp-content\/uploads\/2024\/09\/logos.png\";a:2:{s:2:\"id\";i:20375;s:11:\"source_type\";s:13:\"media-library\";}s:77:\"\/\/media.alj3.clients.lemonhq.io\/wp-content\/uploads\/2024\/09\/logos-1024x240.png\";a:2:{s:2:\"id\";i:20375;s:11:\"source_type\";s:13:\"media-library\";}s:87:\"\/\/cms.alj3.clients.lemonhq.io\/wp-content\/uploads\/2024\/09\/file_example_MP4_1280_10MG.mp4\";a:2:{s:2:\"id\";s:5:\"20006\";s:11:\"source_type\";s:13:\"media-library\";}s:89:\"\/\/media.alj3.clients.lemonhq.io\/wp-content\/uploads\/2024\/09\/file_example_MP4_1280_10MG.mp4\";a:2:{s:2:\"id\";s:5:\"20006\";s:11:\"source_type\";s:13:\"media-library\";}s:76:\"\/\/cms.alj3.clients.lemonhq.io\/wp-content\/uploads\/2024\/09\/wp-block-img-24.jpg\";a:2:{s:2:\"id\";s:5:\"20312\";s:11:\"source_type\";s:13:\"media-library\";}s:78:\"\/\/media.alj3.clients.lemonhq.io\/wp-content\/uploads\/2024\/09\/wp-block-img-24.jpg\";a:2:{s:2:\"id\";s:5:\"20312\";s:11:\"source_type\";s:13:\"media-library\";}}"],"_status":["field_652694983fe12"],"status":["publish"],"_thumbnail_id":["30605"],"_wpml_word_count":["{\"total\":738,\"to_translate\":{\"ar\":738,\"zh-hans\":738,\"fr\":738,\"ja\":738,\"es\":738,\"tr\":738}}"],"_wp_old_date":["2025-11-27"],"_last_translation_edit_mode":["native-editor"],"_wp_old_slug":["abdul-latif-jameel-et-uber-signent-un-protocole-daccord-pour-etudier-les-perspectives-devolution-de-la-mobilite-en-arabie-saoudite"],"_edit_lock":["1776775817:22"],"_edit_last":["22"],"_wpml_media_duplicate":["1"],"_wpml_media_featured":["1"],"_yoast_wpseo_estimated-reading-time-minutes":["3"],"_yoast_wpseo_primary_category":["1"],"select_category":["saudi-arabia"],"_select_category":["field_6937c5cade1ee"],"_ame_cpe_post_policy":["{\"accessProtection\":{\"active\":\"replace\"}}"],"_yoast_wpseo_content_score":["60"]},"_links":{"self":[{"href":"https:\/\/cms.alj3.clients.lemonhq.io\/fr\/wp-json\/wp\/v2\/pressrelease\/30628","targetHints":{"allow":["GET"]}}],"collection":[{"href":"https:\/\/cms.alj3.clients.lemonhq.io\/fr\/wp-json\/wp\/v2\/pressrelease"}],"about":[{"href":"https:\/\/cms.alj3.clients.lemonhq.io\/fr\/wp-json\/wp\/v2\/types\/pressrelease"}],"wp:featuredmedia":[{"embeddable":true,"href":"https:\/\/cms.alj3.clients.lemonhq.io\/fr\/wp-json\/wp\/v2\/media\/30605"}],"wp:attachment":[{"href":"https:\/\/cms.alj3.clients.lemonhq.io\/fr\/wp-json\/wp\/v2\/media?parent=30628"}],"curies":[{"name":"wp","href":"https:\/\/api.w.org\/{rel}","templated":true}]}}