{"id":2384,"date":"2018-10-31T06:06:06","date_gmt":"2018-10-31T06:06:06","guid":{"rendered":"https:\/\/cms.alj3.clients.lemonhq.io\/press-release\/building-youth-community-jameel-arts-centre-dubai-gathers-next-generation-creative-leaders-pioneering-youth-assembly-3\/"},"modified":"2024-10-17T06:51:39","modified_gmt":"2024-10-17T06:51:39","slug":"building-youth-community-jameel-arts-centre-dubai-gathers-next-generation-creative-leaders-pioneering-youth-assembly","status":"publish","type":"pressrelease","link":"https:\/\/cms.alj3.clients.lemonhq.io\/fr\/news\/building-youth-community-jameel-arts-centre-dubai-gathers-next-generation-creative-leaders-pioneering-youth-assembly\/","title":{"rendered":"Construire une communaut\u00e9 pour la jeunesse\u00a0: Le Jameel Arts Centre de Duba\u00ef rassemble la nouvelle g\u00e9n\u00e9ration de leaders cr\u00e9atif au sein d\u2019une assembl\u00e9e de la jeunesse (Youth Assembly) pionni\u00e8re"},"content":{"rendered":"\n<ul class=\"wp-block-list\">\n<li>Un groupe diversifi\u00e9 de neuf jeunes artistes, \u00e9crivains, architectes, designers cr\u00e9atifs, animateurs, entrepreneurs sociaux et codeurs compose la Jameel Arts Centre Youth Assembly inaugurale<\/li>\n\n\n\n<li>Le groupe a la responsabilit\u00e9 de d\u00e9velopper son propre programme au Jameel Arts Centre, avec cette session inaugurale allant de novembre\u00a02018 jusqu\u2019\u00e0 avril\u00a02019<\/li>\n\n\n\n<li>Le programme de partage de connaissances innovant conduira \u00e0 la production d\u2019\u0153uvres d\u2019art, de design, de recherches, d\u2019interventions et d\u2019\u00e9v\u00e9nements publics destin\u00e9s \u00e0 des jeunes \u00e2g\u00e9s de 18 \u00e0 25\u00a0ans, positionnant ainsi le Jameel Arts Centre comme un foyer pour de jeunes professionnels et cr\u00e9atifs<\/li>\n<\/ul>\n\n\n\n<p><a href=\"https:\/\/artjameel.org\/\"><strong>Art Jameel<\/strong><\/a><strong><u>,<\/u><\/strong> l\u2019organisation ind\u00e9pendante soutenant les arts, l\u2019\u00e9ducation et le patrimoine au Moyen-Orient, annonce aujourd\u2019hui les d\u00e9tails relatifs \u00e0 son Assembl\u00e9e (Youth Assembly), un programme con\u00e7u pour encourager de jeunes leaders cr\u00e9atifs, \u00e2g\u00e9s de 18 \u00e0 25&nbsp;ans. En plus de leurs r\u00f4les d\u2019\u00ab&nbsp;ambassadeurs&nbsp;\u00bb du centre, les membres du groupe auront l\u2019opportunit\u00e9 de concevoir des programmes sp\u00e9cialement destin\u00e9s \u00e0 leur g\u00e9n\u00e9ration. L\u2019initiative constitue la pierre angulaire d\u2019une programmation d\u00e9di\u00e9e \u00e0 cette tranche d\u2019\u00e2ge cl\u00e9 au nouveau <a href=\"http:\/\/www.jameelartscentre.org\/\"><strong>Jameel Arts Centre<\/strong><\/a> (ouvert le 11&nbsp;novembre&nbsp;2018).<\/p>\n\n\n\n<p>De novembre 2018 \u00e0 avril 2019, la Jameel Arts Centre Youth Assembly pilote d\u00e9veloppera des initiatives d\u00e9di\u00e9es, li\u00e9es aux int\u00e9r\u00eats de ses neufs membres, qui ont \u00e9t\u00e9 s\u00e9lectionn\u00e9s apr\u00e8s un processus hautement comp\u00e9titif, \u00e0 la suite de nominations issues du vaste r\u00e9seau d\u2019Art Jameel de dirigeants locaux de l\u2019industrie. La Jameel Arts Centre Youth Assembly, constitu\u00e9e de citoyens des \u00c9AU et de r\u00e9sidents \u00e0 long terme (repr\u00e9sentant sept nationalit\u00e9s), couvre un large \u00e9ventail d\u2019exp\u00e9rience et d\u2019int\u00e9r\u00eats, et est issue de l\u2019ensemble des \u00c9AU. Les membres s\u00e9lectionn\u00e9s sont&nbsp;: Shaikha Al Ketbi (artiste visuel), Salwa Al Khudairi (architecte), Abdulghanni Al Nahawi (designer\/sculpteur), Hassan Adebayo Bello (entrepreneur social), Sara Bin Safwan (conservateur assistant\/entrepreneur social), Jenan Ismail (graphiste), Arpana Murugappan (concepteur multim\u00e9dia\/codeur), Dina Tawil (concepteur num\u00e9rique\/illustrateur), and Ray Yafi (graphiste).<\/p>\n\n\n\n<p>Les membres de l\u2019assembl\u00e9e de la jeunesse cr\u00e9eront et organiseront une s\u00e9rie d\u2019\u00e9v\u00e9nements publics associ\u00e9s \u00e0 la jeunesse au Jameel Arts Centre, et encourageront la participation de la jeunesse, de m\u00eame ils \u00e9tabliront des liens avec des organisations similaires, des institutions et des entreprises. Un \u00e9change d\u2019id\u00e9es et collaboratif et de pair \u00e0 pair, en plus de l\u2019acc\u00e8s \u00e0 des mentorats, \u00e0 un soutien et \u00e0 des ressources, conduira \u00e0 une production en constante \u00e9volution de projets artistiques, de recherches, de concepts de design, d\u2019interventions et d\u2019\u00e9v\u00e9nements publics&nbsp;; l\u2019exp\u00e9rience est con\u00e7ue dans le but d\u2019offrir des exp\u00e9riences d\u2019apprentissage uniques et pratiques aux membres de l\u2019assembl\u00e9e.<\/p>\n\n\n\n<p><strong>&nbsp;<\/strong>Le format ouvert de l\u2019assembl\u00e9e de la jeunesse permet d\u2019\u00e9viter le recours \u00e0 un cadre d\u2019action pr\u00e9d\u00e9termin\u00e9, et encourage ses membres \u00e0 penser par eux-m\u00eames et \u00e0 d\u00e9velopper des programmes r\u00e9pondant aux besoins de leurs pairs. Les r\u00e9sultats potentiels pourront inclure une s\u00e9rie d\u2019ateliers ou de discussions th\u00e9matiques, une intervention publique, un projet de recherche ou une publication, un cadre pour de prochains programmes orient\u00e9s sur la jeunesse, des r\u00e9sidences de jeunes artistes et des \u00e9changes, des documents de recherche, une commande d\u2019artiste, des programmes p\u00e9dagogiques ou d\u2019autres projets innovants similaires.<\/p>\n\n\n\n<p>Refl\u00e9tant l\u2019engagement d\u2019Art Jameel envers l\u2019\u00e9ducation, le programme offre aux jeunes leaders cr\u00e9atifs une exp\u00e9rience directe du fonctionnement d\u2019une institution culturelle, ainsi qu\u2019un acc\u00e8s \u00e0 diverses opportunit\u00e9s dans le domaine artistique et culturel au niveau local, r\u00e9gional et international. En plus d\u2019un engagement significatif avec le r\u00e9seau diversifi\u00e9 d\u2019Art Jameel d\u2019artistes, de professionnels et de curateurs, les participants auront \u00e9galement l\u2019opportunit\u00e9 de d\u00e9velopper davantage leurs carri\u00e8res individuelles par le biais de tables rondes et rencontres individuelles avec des artistes et experts dans leur domaine.<\/p>\n\n\n\n<p>Une destination culturelle innovante ayant ouvert \u00e0 Duba\u00ef le 11&nbsp;novembre&nbsp;2018, le Jameel Arts Centre est la premi\u00e8re institution d\u2019art contemporain non gouvernementale de son genre dans la r\u00e9gion du Golfe.<\/p>\n\n\n\n<p>De plus amples informations sur le <strong>Jameel Arts Centre<\/strong> sont disponibles <a href=\"http:\/\/www.jameelartscentre.org\/\"><strong>ici.<\/strong><\/a><\/p>\n\n\n\n<p>De plus amples informations sur la <strong>Jameel Arts Centre youth Assembly<\/strong> sont disponibles <a href=\"https:\/\/jameelartscentre.org\/programmes\/youth-assembly\/\"><strong>ici.<\/strong><\/a><\/p>\n","protected":false},"featured_media":2326,"menu_order":0,"template":"","class_list":["post-2384","pressrelease","type-pressrelease","status-publish","has-post-thumbnail","hentry"],"acf":[],"yoast_head":"<!-- This site is optimized with the Yoast SEO plugin v26.5 - https:\/\/yoast.com\/wordpress\/plugins\/seo\/ -->\n<title>Construire une communaut\u00e9 pour la jeunesse\u00a0: Le Jameel Arts Centre de Duba\u00ef rassemble la nouvelle g\u00e9n\u00e9ration de leaders cr\u00e9atif au sein d\u2019une assembl\u00e9e de la jeunesse (Youth Assembly) pionni\u00e8re - Abdul Latif Jameel<\/title>\n<meta name=\"robots\" content=\"noindex, follow, max-snippet:-1, max-image-preview:large, max-video-preview:-1\" \/>\n<meta property=\"og:locale\" content=\"fr_FR\" \/>\n<meta property=\"og:type\" content=\"article\" \/>\n<meta property=\"og:title\" content=\"Construire une communaut\u00e9 pour la jeunesse\u00a0: Le Jameel Arts Centre de Duba\u00ef rassemble la nouvelle g\u00e9n\u00e9ration de leaders cr\u00e9atif au sein d\u2019une assembl\u00e9e de la jeunesse (Youth Assembly) pionni\u00e8re - Abdul Latif Jameel\" \/>\n<meta property=\"og:description\" content=\"Art Jameel, l\u2019organisation ind\u00e9pendante soutenant les arts, l\u2019\u00e9ducation et le patrimoine au Moyen-Orient, annonce aujourd\u2019hui les d\u00e9tails relatifs \u00e0 son Assembl\u00e9e (Youth Assembly), un programme con\u00e7u pour encourager de jeunes leaders cr\u00e9atifs, \u00e2g\u00e9s de 18 \u00e0 25&nbsp;ans. En plus de leurs r\u00f4les d\u2019\u00ab&nbsp;ambassadeurs&nbsp;\u00bb du centre, les membres du groupe auront l\u2019opportunit\u00e9 de concevoir des programmes [&hellip;]\" \/>\n<meta property=\"og:url\" content=\"https:\/\/cms.alj3.clients.lemonhq.io\/fr\/news\/building-youth-community-jameel-arts-centre-dubai-gathers-next-generation-creative-leaders-pioneering-youth-assembly\/\" \/>\n<meta property=\"og:site_name\" content=\"Abdul Latif Jameel\" \/>\n<meta property=\"article:modified_time\" content=\"2024-10-17T06:51:39+00:00\" \/>\n<meta property=\"og:image\" content=\"https:\/\/media.alj3.clients.lemonhq.io\/wp-content\/uploads\/2024\/10\/Youth-Assembly-Left-to-right-Abdulghanni-Al-Nahawi-Salwa-Al-Khudairi-Arpana-Murugappan-Sara-Bin-Safwan-Jenan-Ismail-Shai-scaled.jpg\" \/>\n\t<meta property=\"og:image:width\" content=\"2560\" \/>\n\t<meta property=\"og:image:height\" content=\"1707\" \/>\n\t<meta property=\"og:image:type\" content=\"image\/jpeg\" \/>\n<meta name=\"twitter:card\" content=\"summary_large_image\" \/>\n<meta name=\"twitter:label1\" content=\"Dur\u00e9e de lecture estim\u00e9e\" \/>\n\t<meta name=\"twitter:data1\" content=\"4 minutes\" \/>\n<script type=\"application\/ld+json\" class=\"yoast-schema-graph\">{\"@context\":\"https:\/\/schema.org\",\"@graph\":[{\"@type\":\"WebPage\",\"@id\":\"https:\/\/cms.alj3.clients.lemonhq.io\/fr\/news\/building-youth-community-jameel-arts-centre-dubai-gathers-next-generation-creative-leaders-pioneering-youth-assembly\/\",\"url\":\"https:\/\/cms.alj3.clients.lemonhq.io\/fr\/news\/building-youth-community-jameel-arts-centre-dubai-gathers-next-generation-creative-leaders-pioneering-youth-assembly\/\",\"name\":\"Construire une communaut\u00e9 pour la jeunesse\u00a0: Le Jameel Arts Centre de Duba\u00ef rassemble la nouvelle g\u00e9n\u00e9ration de leaders cr\u00e9atif au sein d\u2019une assembl\u00e9e de la jeunesse (Youth Assembly) pionni\u00e8re - Abdul Latif Jameel\",\"isPartOf\":{\"@id\":\"https:\/\/10.0.2.222\/en\/#website\"},\"primaryImageOfPage\":{\"@id\":\"https:\/\/cms.alj3.clients.lemonhq.io\/fr\/news\/building-youth-community-jameel-arts-centre-dubai-gathers-next-generation-creative-leaders-pioneering-youth-assembly\/#primaryimage\"},\"image\":{\"@id\":\"https:\/\/cms.alj3.clients.lemonhq.io\/fr\/news\/building-youth-community-jameel-arts-centre-dubai-gathers-next-generation-creative-leaders-pioneering-youth-assembly\/#primaryimage\"},\"thumbnailUrl\":\"https:\/\/media.alj3.clients.lemonhq.io\/wp-content\/uploads\/2024\/10\/Youth-Assembly-Left-to-right-Abdulghanni-Al-Nahawi-Salwa-Al-Khudairi-Arpana-Murugappan-Sara-Bin-Safwan-Jenan-Ismail-Shai-scaled.jpg\",\"datePublished\":\"2018-10-31T06:06:06+00:00\",\"dateModified\":\"2024-10-17T06:51:39+00:00\",\"breadcrumb\":{\"@id\":\"https:\/\/cms.alj3.clients.lemonhq.io\/fr\/news\/building-youth-community-jameel-arts-centre-dubai-gathers-next-generation-creative-leaders-pioneering-youth-assembly\/#breadcrumb\"},\"inLanguage\":\"fr-FR\",\"potentialAction\":[{\"@type\":\"ReadAction\",\"target\":[\"https:\/\/cms.alj3.clients.lemonhq.io\/fr\/news\/building-youth-community-jameel-arts-centre-dubai-gathers-next-generation-creative-leaders-pioneering-youth-assembly\/\"]}]},{\"@type\":\"ImageObject\",\"inLanguage\":\"fr-FR\",\"@id\":\"https:\/\/cms.alj3.clients.lemonhq.io\/fr\/news\/building-youth-community-jameel-arts-centre-dubai-gathers-next-generation-creative-leaders-pioneering-youth-assembly\/#primaryimage\",\"url\":\"https:\/\/media.alj3.clients.lemonhq.io\/wp-content\/uploads\/2024\/10\/Youth-Assembly-Left-to-right-Abdulghanni-Al-Nahawi-Salwa-Al-Khudairi-Arpana-Murugappan-Sara-Bin-Safwan-Jenan-Ismail-Shai-scaled.jpg\",\"contentUrl\":\"https:\/\/media.alj3.clients.lemonhq.io\/wp-content\/uploads\/2024\/10\/Youth-Assembly-Left-to-right-Abdulghanni-Al-Nahawi-Salwa-Al-Khudairi-Arpana-Murugappan-Sara-Bin-Safwan-Jenan-Ismail-Shai-scaled.jpg\",\"width\":2560,\"height\":1707},{\"@type\":\"BreadcrumbList\",\"@id\":\"https:\/\/cms.alj3.clients.lemonhq.io\/fr\/news\/building-youth-community-jameel-arts-centre-dubai-gathers-next-generation-creative-leaders-pioneering-youth-assembly\/#breadcrumb\",\"itemListElement\":[{\"@type\":\"ListItem\",\"position\":1,\"name\":\"Home\",\"item\":\"https:\/\/10.0.2.222\/en\/\"},{\"@type\":\"ListItem\",\"position\":2,\"name\":\"Construire une communaut\u00e9 pour la jeunesse\u00a0: Le Jameel Arts Centre de Duba\u00ef rassemble la nouvelle g\u00e9n\u00e9ration de leaders cr\u00e9atif au sein d\u2019une assembl\u00e9e de la jeunesse (Youth Assembly) pionni\u00e8re\"}]},{\"@type\":\"WebSite\",\"@id\":\"https:\/\/10.0.2.222\/en\/#website\",\"url\":\"https:\/\/10.0.2.222\/en\/\",\"name\":\"Abdul Latif Jameel\",\"description\":\"\",\"potentialAction\":[{\"@type\":\"SearchAction\",\"target\":{\"@type\":\"EntryPoint\",\"urlTemplate\":\"https:\/\/10.0.2.222\/en\/?s={search_term_string}\"},\"query-input\":{\"@type\":\"PropertyValueSpecification\",\"valueRequired\":true,\"valueName\":\"search_term_string\"}}],\"inLanguage\":\"fr-FR\"}]}<\/script>\n<!-- \/ Yoast SEO plugin. -->","yoast_head_json":{"title":"Construire une communaut\u00e9 pour la jeunesse\u00a0: Le Jameel Arts Centre de Duba\u00ef rassemble la nouvelle g\u00e9n\u00e9ration de leaders cr\u00e9atif au sein d\u2019une assembl\u00e9e de la jeunesse (Youth Assembly) pionni\u00e8re - Abdul Latif Jameel","robots":{"index":"noindex","follow":"follow","max-snippet":"max-snippet:-1","max-image-preview":"max-image-preview:large","max-video-preview":"max-video-preview:-1"},"og_locale":"fr_FR","og_type":"article","og_title":"Construire une communaut\u00e9 pour la jeunesse\u00a0: Le Jameel Arts Centre de Duba\u00ef rassemble la nouvelle g\u00e9n\u00e9ration de leaders cr\u00e9atif au sein d\u2019une assembl\u00e9e de la jeunesse (Youth Assembly) pionni\u00e8re - Abdul Latif Jameel","og_description":"Art Jameel, l\u2019organisation ind\u00e9pendante soutenant les arts, l\u2019\u00e9ducation et le patrimoine au Moyen-Orient, annonce aujourd\u2019hui les d\u00e9tails relatifs \u00e0 son Assembl\u00e9e (Youth Assembly), un programme con\u00e7u pour encourager de jeunes leaders cr\u00e9atifs, \u00e2g\u00e9s de 18 \u00e0 25&nbsp;ans. En plus de leurs r\u00f4les d\u2019\u00ab&nbsp;ambassadeurs&nbsp;\u00bb du centre, les membres du groupe auront l\u2019opportunit\u00e9 de concevoir des programmes [&hellip;]","og_url":"https:\/\/cms.alj3.clients.lemonhq.io\/fr\/news\/building-youth-community-jameel-arts-centre-dubai-gathers-next-generation-creative-leaders-pioneering-youth-assembly\/","og_site_name":"Abdul Latif Jameel","article_modified_time":"2024-10-17T06:51:39+00:00","og_image":[{"width":2560,"height":1707,"url":"https:\/\/media.alj3.clients.lemonhq.io\/wp-content\/uploads\/2024\/10\/Youth-Assembly-Left-to-right-Abdulghanni-Al-Nahawi-Salwa-Al-Khudairi-Arpana-Murugappan-Sara-Bin-Safwan-Jenan-Ismail-Shai-scaled.jpg","type":"image\/jpeg"}],"twitter_card":"summary_large_image","twitter_misc":{"Dur\u00e9e de lecture estim\u00e9e":"4 minutes"},"schema":{"@context":"https:\/\/schema.org","@graph":[{"@type":"WebPage","@id":"https:\/\/cms.alj3.clients.lemonhq.io\/fr\/news\/building-youth-community-jameel-arts-centre-dubai-gathers-next-generation-creative-leaders-pioneering-youth-assembly\/","url":"https:\/\/cms.alj3.clients.lemonhq.io\/fr\/news\/building-youth-community-jameel-arts-centre-dubai-gathers-next-generation-creative-leaders-pioneering-youth-assembly\/","name":"Construire une communaut\u00e9 pour la jeunesse\u00a0: Le Jameel Arts Centre de Duba\u00ef rassemble la nouvelle g\u00e9n\u00e9ration de leaders cr\u00e9atif au sein d\u2019une assembl\u00e9e de la jeunesse (Youth Assembly) pionni\u00e8re - Abdul Latif Jameel","isPartOf":{"@id":"https:\/\/10.0.2.222\/en\/#website"},"primaryImageOfPage":{"@id":"https:\/\/cms.alj3.clients.lemonhq.io\/fr\/news\/building-youth-community-jameel-arts-centre-dubai-gathers-next-generation-creative-leaders-pioneering-youth-assembly\/#primaryimage"},"image":{"@id":"https:\/\/cms.alj3.clients.lemonhq.io\/fr\/news\/building-youth-community-jameel-arts-centre-dubai-gathers-next-generation-creative-leaders-pioneering-youth-assembly\/#primaryimage"},"thumbnailUrl":"https:\/\/media.alj3.clients.lemonhq.io\/wp-content\/uploads\/2024\/10\/Youth-Assembly-Left-to-right-Abdulghanni-Al-Nahawi-Salwa-Al-Khudairi-Arpana-Murugappan-Sara-Bin-Safwan-Jenan-Ismail-Shai-scaled.jpg","datePublished":"2018-10-31T06:06:06+00:00","dateModified":"2024-10-17T06:51:39+00:00","breadcrumb":{"@id":"https:\/\/cms.alj3.clients.lemonhq.io\/fr\/news\/building-youth-community-jameel-arts-centre-dubai-gathers-next-generation-creative-leaders-pioneering-youth-assembly\/#breadcrumb"},"inLanguage":"fr-FR","potentialAction":[{"@type":"ReadAction","target":["https:\/\/cms.alj3.clients.lemonhq.io\/fr\/news\/building-youth-community-jameel-arts-centre-dubai-gathers-next-generation-creative-leaders-pioneering-youth-assembly\/"]}]},{"@type":"ImageObject","inLanguage":"fr-FR","@id":"https:\/\/cms.alj3.clients.lemonhq.io\/fr\/news\/building-youth-community-jameel-arts-centre-dubai-gathers-next-generation-creative-leaders-pioneering-youth-assembly\/#primaryimage","url":"https:\/\/media.alj3.clients.lemonhq.io\/wp-content\/uploads\/2024\/10\/Youth-Assembly-Left-to-right-Abdulghanni-Al-Nahawi-Salwa-Al-Khudairi-Arpana-Murugappan-Sara-Bin-Safwan-Jenan-Ismail-Shai-scaled.jpg","contentUrl":"https:\/\/media.alj3.clients.lemonhq.io\/wp-content\/uploads\/2024\/10\/Youth-Assembly-Left-to-right-Abdulghanni-Al-Nahawi-Salwa-Al-Khudairi-Arpana-Murugappan-Sara-Bin-Safwan-Jenan-Ismail-Shai-scaled.jpg","width":2560,"height":1707},{"@type":"BreadcrumbList","@id":"https:\/\/cms.alj3.clients.lemonhq.io\/fr\/news\/building-youth-community-jameel-arts-centre-dubai-gathers-next-generation-creative-leaders-pioneering-youth-assembly\/#breadcrumb","itemListElement":[{"@type":"ListItem","position":1,"name":"Home","item":"https:\/\/10.0.2.222\/en\/"},{"@type":"ListItem","position":2,"name":"Construire une communaut\u00e9 pour la jeunesse\u00a0: Le Jameel Arts Centre de Duba\u00ef rassemble la nouvelle g\u00e9n\u00e9ration de leaders cr\u00e9atif au sein d\u2019une assembl\u00e9e de la jeunesse (Youth Assembly) pionni\u00e8re"}]},{"@type":"WebSite","@id":"https:\/\/10.0.2.222\/en\/#website","url":"https:\/\/10.0.2.222\/en\/","name":"Abdul Latif Jameel","description":"","potentialAction":[{"@type":"SearchAction","target":{"@type":"EntryPoint","urlTemplate":"https:\/\/10.0.2.222\/en\/?s={search_term_string}"},"query-input":{"@type":"PropertyValueSpecification","valueRequired":true,"valueName":"search_term_string"}}],"inLanguage":"fr-FR"}]}},"post-meta-fields":{"_wp_old_slug":["building-youth-community-jameel-arts-centre-dubai-gathers-next-generation-creative-leaders-pioneering-youth-assembly-3"],"_published_date":["field_6057129b493f5"],"published_date":["20181030"],"_location":["field_601267396ce72"],"location":["Duba\u00ef, \u00c9mirats arabes unis"],"_featured":["field_601a3b473c5c5"],"featured":[""],"_footnotes":["field_66fd39afb9383"],"footnotes":[""],"_business_sector":["field_66f6b5bcac8cb"],"business_sector":["Community Jameel"],"_content_series":["field_66fe3c439f8f6"],"content_series":[""],"_old_post_id":["field_66fe3fd59f8f7"],"old_post_id":["18410"],"_short_title":["field_60925d67125ef"],"short_title":["Jameel Arts Center: cr\u00e9er une communaut\u00e9 de jeunes"],"_summary":["field_6019304103a20"],"summary":["Le groupe a la responsabilit\u00e9 de d\u00e9velopper son propre programme au Jameel Arts Centre, avec cette session inaugurale allant de novembre\u00a02018 jusqu\u2019\u00e0 avril\u00a02019"],"_mobile_featured_image":["field_66f6b4bee65f3"],"mobile_featured_image":["https:\/\/cms.alj3.clients.lemonhq.io\/wp-content\/themes\/alj\/assets\/images\/defaultmobilethumb.jpg"],"_push_notification":["field_66f6b47de65f1"],"push_notification":[""],"_publish_mobile":["field_66f6b491e65f2"],"publish_mobile":["1"],"_status":["field_652694983fe12"],"status":["publish"],"_thumbnail_id":["2326"],"_wp_page_template":["default"],"_wpml_word_count":["{\"total\":685,\"to_translate\":{\"ar\":685,\"zh-hans\":685,\"en\":685,\"ja\":685,\"es\":685,\"tr\":685}}"],"_wpml_location_migration_done":["1"]},"_links":{"self":[{"href":"https:\/\/cms.alj3.clients.lemonhq.io\/fr\/wp-json\/wp\/v2\/pressrelease\/2384","targetHints":{"allow":["GET"]}}],"collection":[{"href":"https:\/\/cms.alj3.clients.lemonhq.io\/fr\/wp-json\/wp\/v2\/pressrelease"}],"about":[{"href":"https:\/\/cms.alj3.clients.lemonhq.io\/fr\/wp-json\/wp\/v2\/types\/pressrelease"}],"wp:featuredmedia":[{"embeddable":true,"href":"https:\/\/cms.alj3.clients.lemonhq.io\/fr\/wp-json\/wp\/v2\/media\/2326"}],"wp:attachment":[{"href":"https:\/\/cms.alj3.clients.lemonhq.io\/fr\/wp-json\/wp\/v2\/media?parent=2384"}],"curies":[{"name":"wp","href":"https:\/\/api.w.org\/{rel}","templated":true}]}}