{"id":3546,"date":"2020-05-17T07:04:19","date_gmt":"2020-05-17T07:04:19","guid":{"rendered":"https:\/\/cms.alj3.clients.lemonhq.io\/press-release\/abdul-latif-jameel-energy-to-supply-35000-homes-in-spain-with-clean-energy-3\/"},"modified":"2024-10-25T08:09:05","modified_gmt":"2024-10-25T08:09:05","slug":"abdul-latif-jameel-energy-to-supply-35000-homes-in-spain-with-clean-energy-3","status":"publish","type":"pressrelease","link":"https:\/\/cms.alj3.clients.lemonhq.io\/es\/news\/abdul-latif-jameel-energy-to-supply-35000-homes-in-spain-with-clean-energy-3\/","title":{"rendered":"La planta solar \u2018La Solanilla\u2019 de FRV, generar\u00e1 energ\u00eda limpia suficiente para abastecer 35.000 hogares espa\u00f1oles al a\u00f1o"},"content":{"rendered":"\n<p>Fotowatio Renewable Ventures (<a href=\"https:\/\/frv.com\/en\/\">FRV<\/a>), a company of <a href=\"https:\/\/www.alj.com\/en\/energy-and-environmental-services\/energy-overview\/\">Abdul Latif Jameel Energy<\/a>, and a leading global developer of renewable utility-scale projects, has announced the achievement of commercial operations of a 50 MW dc solar plant, known as <a href=\"https:\/\/frv.com\/projects\/la-solanilla\/\">La Solanilla<\/a>. After producing its first kWh in 2019, La Solanilla will now generate approximately 103 GWh in clean energy, which will supply approximately 35,000 Spanish homes and will avoid the emission of approximately 72,000 tons of CO<sub>2<\/sub> annually.<\/p>\n\n<p>The project\u2019s location in Trujillo, 50 km from C\u00e1ceres, in the Spanish region of Extremadura, is key for FRV due to its wealth of natural resources and the company\u2019s track record in the area. Following a visit to the solar farm in January, Extremadura\u2019s Minister for Ecological Transition and Sustainability, Olga Garcia said:<\/p>\n\n<blockquote class=\"wp-block-quote is-layout-flow wp-block-quote-is-layout-flow\">\n<p>\u201cThanks to projects such as &#8216;La Solanilla&#8217;, Extremadura is at the forefront of <a href=\"https:\/\/www.alj.com\/en\/energy-and-environmental-services\/solar-power-solutions\/\">solar energy<\/a> production and is becoming increasingly competitive in the renewable energy space.\u201d<\/p>\n<\/blockquote>\n\n<p>La Solanilla is a new addition to FRV\u2019s expansion plans.\u00a0 The project makes a significant contribution to the socio-economic development of the area by fostering local job creation and education. During the construction phase, approximately 350 jobs were created, some of which have been maintained now that the plant is operational. Furthermore, as part of FRV\u2019s social commitment to the communities in which it operates, FRV awarded a new \u2018Young Talented Leaders\u2019 Scholarship last year for this project in collaboration with the <a href=\"https:\/\/www.ie.edu\/ie-foundation\/\">IE Foundation<\/a>.<\/p>\n\n<p><a href=\"https:\/\/www.alj.com\/en\/our-people\/fady-jameel\/\">Fady Jameel<\/a>, Deputy President and Vice Chairman of Abdul Latif Jameel, said:<\/p>\n\n<blockquote class=\"wp-block-quote is-layout-flow wp-block-quote-is-layout-flow\">\n<p>\u201cImplementing exciting green energy projects such as La Solanilla that create jobs and boost local economies is core to FRV\u2019s business model. This is especially important as the region looks to re-emerge strongly and sustainably from the current economic environment.\u201d<\/p>\n<\/blockquote>\n\n<p><a href=\"https:\/\/www.linkedin.com\/in\/andrea-fontana-1665b153\/?originalSubdomain=es\">Andrea Fontana<\/a>, Managing Director FRV Europe highlights:<\/p>\n\n<blockquote class=\"wp-block-quote is-layout-flow wp-block-quote-is-layout-flow\">\n<p>\u201cLa Solanilla is a special project for FRV. Extremadura is a place where the founding team of FRV began its journey in the industry more than 14 years ago. After more than a decade of trajectory, I am delighted once again to reconfirm FRV&#8217;s commitment to the region and our willingness to continue collaborating with the Junta de Extremadura and the City Hall of Trujillo, administrations that, like us, share a commitment to renewable energy for all. We continue to aspire to be one of the leaders in the renewable energy revolution in Spain and across Europe, with projects such as La Solanilla.\u201d<\/p>\n<\/blockquote>\n<figure class=\"wp-block-embed is-type-video is-provider-youtube wp-block-embed-youtube wp-embed-aspect-16-9 wp-has-aspect-ratio\"><div class=\"wp-block-embed__wrapper\">https:\/\/youtu.be\/K4QQn_yRaLM<\/div><\/figure>","protected":false},"featured_media":3520,"menu_order":0,"template":"","class_list":["post-3546","pressrelease","type-pressrelease","status-publish","has-post-thumbnail","hentry"],"acf":[],"yoast_head":"<!-- This site is optimized with the Yoast SEO plugin v26.5 - https:\/\/yoast.com\/wordpress\/plugins\/seo\/ -->\n<title>La planta solar \u2018La Solanilla\u2019 de FRV, generar\u00e1 energ\u00eda limpia suficiente para abastecer 35.000 hogares espa\u00f1oles al a\u00f1o - Abdul Latif Jameel<\/title>\n<meta name=\"robots\" content=\"noindex, follow, max-snippet:-1, max-image-preview:large, max-video-preview:-1\" \/>\n<meta property=\"og:locale\" content=\"es_ES\" \/>\n<meta property=\"og:type\" content=\"article\" \/>\n<meta property=\"og:title\" content=\"La planta solar \u2018La Solanilla\u2019 de FRV, generar\u00e1 energ\u00eda limpia suficiente para abastecer 35.000 hogares espa\u00f1oles al a\u00f1o - Abdul Latif Jameel\" \/>\n<meta property=\"og:description\" content=\"Fotowatio Renewable Ventures (FRV), a company of Abdul Latif Jameel Energy, and a leading global developer of renewable utility-scale projects, has announced the achievement of commercial operations of a 50 MW dc solar plant, known as La Solanilla. After producing its first kWh in 2019, La Solanilla will now generate approximately 103 GWh in clean [&hellip;]\" \/>\n<meta property=\"og:url\" content=\"https:\/\/cms.alj3.clients.lemonhq.io\/es\/news\/abdul-latif-jameel-energy-to-supply-35000-homes-in-spain-with-clean-energy-3\/\" \/>\n<meta property=\"og:site_name\" content=\"Abdul Latif Jameel\" \/>\n<meta property=\"article:modified_time\" content=\"2024-10-25T08:09:05+00:00\" \/>\n<meta property=\"og:image\" content=\"https:\/\/media.alj3.clients.lemonhq.io\/wp-content\/uploads\/2024\/10\/DJI_0016-scaled.jpg\" \/>\n\t<meta property=\"og:image:width\" content=\"2560\" \/>\n\t<meta property=\"og:image:height\" content=\"1920\" \/>\n\t<meta property=\"og:image:type\" content=\"image\/jpeg\" \/>\n<meta name=\"twitter:card\" content=\"summary_large_image\" \/>\n<meta name=\"twitter:label1\" content=\"Tiempo de lectura\" \/>\n\t<meta name=\"twitter:data1\" content=\"2 minutos\" \/>\n<script type=\"application\/ld+json\" class=\"yoast-schema-graph\">{\"@context\":\"https:\/\/schema.org\",\"@graph\":[{\"@type\":\"WebPage\",\"@id\":\"https:\/\/cms.alj3.clients.lemonhq.io\/es\/news\/abdul-latif-jameel-energy-to-supply-35000-homes-in-spain-with-clean-energy-3\/\",\"url\":\"https:\/\/cms.alj3.clients.lemonhq.io\/es\/news\/abdul-latif-jameel-energy-to-supply-35000-homes-in-spain-with-clean-energy-3\/\",\"name\":\"La planta solar \u2018La Solanilla\u2019 de FRV, generar\u00e1 energ\u00eda limpia suficiente para abastecer 35.000 hogares espa\u00f1oles al a\u00f1o - Abdul Latif Jameel\",\"isPartOf\":{\"@id\":\"https:\/\/10.0.2.222\/en\/#website\"},\"primaryImageOfPage\":{\"@id\":\"https:\/\/cms.alj3.clients.lemonhq.io\/es\/news\/abdul-latif-jameel-energy-to-supply-35000-homes-in-spain-with-clean-energy-3\/#primaryimage\"},\"image\":{\"@id\":\"https:\/\/cms.alj3.clients.lemonhq.io\/es\/news\/abdul-latif-jameel-energy-to-supply-35000-homes-in-spain-with-clean-energy-3\/#primaryimage\"},\"thumbnailUrl\":\"https:\/\/media.alj3.clients.lemonhq.io\/wp-content\/uploads\/2024\/10\/DJI_0016-scaled.jpg\",\"datePublished\":\"2020-05-17T07:04:19+00:00\",\"dateModified\":\"2024-10-25T08:09:05+00:00\",\"breadcrumb\":{\"@id\":\"https:\/\/cms.alj3.clients.lemonhq.io\/es\/news\/abdul-latif-jameel-energy-to-supply-35000-homes-in-spain-with-clean-energy-3\/#breadcrumb\"},\"inLanguage\":\"es\",\"potentialAction\":[{\"@type\":\"ReadAction\",\"target\":[\"https:\/\/cms.alj3.clients.lemonhq.io\/es\/news\/abdul-latif-jameel-energy-to-supply-35000-homes-in-spain-with-clean-energy-3\/\"]}]},{\"@type\":\"ImageObject\",\"inLanguage\":\"es\",\"@id\":\"https:\/\/cms.alj3.clients.lemonhq.io\/es\/news\/abdul-latif-jameel-energy-to-supply-35000-homes-in-spain-with-clean-energy-3\/#primaryimage\",\"url\":\"https:\/\/media.alj3.clients.lemonhq.io\/wp-content\/uploads\/2024\/10\/DJI_0016-scaled.jpg\",\"contentUrl\":\"https:\/\/media.alj3.clients.lemonhq.io\/wp-content\/uploads\/2024\/10\/DJI_0016-scaled.jpg\",\"width\":2560,\"height\":1920},{\"@type\":\"BreadcrumbList\",\"@id\":\"https:\/\/cms.alj3.clients.lemonhq.io\/es\/news\/abdul-latif-jameel-energy-to-supply-35000-homes-in-spain-with-clean-energy-3\/#breadcrumb\",\"itemListElement\":[{\"@type\":\"ListItem\",\"position\":1,\"name\":\"Home\",\"item\":\"https:\/\/10.0.2.222\/en\/\"},{\"@type\":\"ListItem\",\"position\":2,\"name\":\"La planta solar \u2018La Solanilla\u2019 de FRV, generar\u00e1 energ\u00eda limpia suficiente para abastecer 35.000 hogares espa\u00f1oles al a\u00f1o\"}]},{\"@type\":\"WebSite\",\"@id\":\"https:\/\/10.0.2.222\/en\/#website\",\"url\":\"https:\/\/10.0.2.222\/en\/\",\"name\":\"Abdul Latif Jameel\",\"description\":\"\",\"potentialAction\":[{\"@type\":\"SearchAction\",\"target\":{\"@type\":\"EntryPoint\",\"urlTemplate\":\"https:\/\/10.0.2.222\/en\/?s={search_term_string}\"},\"query-input\":{\"@type\":\"PropertyValueSpecification\",\"valueRequired\":true,\"valueName\":\"search_term_string\"}}],\"inLanguage\":\"es\"}]}<\/script>\n<!-- \/ Yoast SEO plugin. -->","yoast_head_json":{"title":"La planta solar \u2018La Solanilla\u2019 de FRV, generar\u00e1 energ\u00eda limpia suficiente para abastecer 35.000 hogares espa\u00f1oles al a\u00f1o - Abdul Latif Jameel","robots":{"index":"noindex","follow":"follow","max-snippet":"max-snippet:-1","max-image-preview":"max-image-preview:large","max-video-preview":"max-video-preview:-1"},"og_locale":"es_ES","og_type":"article","og_title":"La planta solar \u2018La Solanilla\u2019 de FRV, generar\u00e1 energ\u00eda limpia suficiente para abastecer 35.000 hogares espa\u00f1oles al a\u00f1o - Abdul Latif Jameel","og_description":"Fotowatio Renewable Ventures (FRV), a company of Abdul Latif Jameel Energy, and a leading global developer of renewable utility-scale projects, has announced the achievement of commercial operations of a 50 MW dc solar plant, known as La Solanilla. After producing its first kWh in 2019, La Solanilla will now generate approximately 103 GWh in clean [&hellip;]","og_url":"https:\/\/cms.alj3.clients.lemonhq.io\/es\/news\/abdul-latif-jameel-energy-to-supply-35000-homes-in-spain-with-clean-energy-3\/","og_site_name":"Abdul Latif Jameel","article_modified_time":"2024-10-25T08:09:05+00:00","og_image":[{"width":2560,"height":1920,"url":"https:\/\/media.alj3.clients.lemonhq.io\/wp-content\/uploads\/2024\/10\/DJI_0016-scaled.jpg","type":"image\/jpeg"}],"twitter_card":"summary_large_image","twitter_misc":{"Tiempo de lectura":"2 minutos"},"schema":{"@context":"https:\/\/schema.org","@graph":[{"@type":"WebPage","@id":"https:\/\/cms.alj3.clients.lemonhq.io\/es\/news\/abdul-latif-jameel-energy-to-supply-35000-homes-in-spain-with-clean-energy-3\/","url":"https:\/\/cms.alj3.clients.lemonhq.io\/es\/news\/abdul-latif-jameel-energy-to-supply-35000-homes-in-spain-with-clean-energy-3\/","name":"La planta solar \u2018La Solanilla\u2019 de FRV, generar\u00e1 energ\u00eda limpia suficiente para abastecer 35.000 hogares espa\u00f1oles al a\u00f1o - Abdul Latif Jameel","isPartOf":{"@id":"https:\/\/10.0.2.222\/en\/#website"},"primaryImageOfPage":{"@id":"https:\/\/cms.alj3.clients.lemonhq.io\/es\/news\/abdul-latif-jameel-energy-to-supply-35000-homes-in-spain-with-clean-energy-3\/#primaryimage"},"image":{"@id":"https:\/\/cms.alj3.clients.lemonhq.io\/es\/news\/abdul-latif-jameel-energy-to-supply-35000-homes-in-spain-with-clean-energy-3\/#primaryimage"},"thumbnailUrl":"https:\/\/media.alj3.clients.lemonhq.io\/wp-content\/uploads\/2024\/10\/DJI_0016-scaled.jpg","datePublished":"2020-05-17T07:04:19+00:00","dateModified":"2024-10-25T08:09:05+00:00","breadcrumb":{"@id":"https:\/\/cms.alj3.clients.lemonhq.io\/es\/news\/abdul-latif-jameel-energy-to-supply-35000-homes-in-spain-with-clean-energy-3\/#breadcrumb"},"inLanguage":"es","potentialAction":[{"@type":"ReadAction","target":["https:\/\/cms.alj3.clients.lemonhq.io\/es\/news\/abdul-latif-jameel-energy-to-supply-35000-homes-in-spain-with-clean-energy-3\/"]}]},{"@type":"ImageObject","inLanguage":"es","@id":"https:\/\/cms.alj3.clients.lemonhq.io\/es\/news\/abdul-latif-jameel-energy-to-supply-35000-homes-in-spain-with-clean-energy-3\/#primaryimage","url":"https:\/\/media.alj3.clients.lemonhq.io\/wp-content\/uploads\/2024\/10\/DJI_0016-scaled.jpg","contentUrl":"https:\/\/media.alj3.clients.lemonhq.io\/wp-content\/uploads\/2024\/10\/DJI_0016-scaled.jpg","width":2560,"height":1920},{"@type":"BreadcrumbList","@id":"https:\/\/cms.alj3.clients.lemonhq.io\/es\/news\/abdul-latif-jameel-energy-to-supply-35000-homes-in-spain-with-clean-energy-3\/#breadcrumb","itemListElement":[{"@type":"ListItem","position":1,"name":"Home","item":"https:\/\/10.0.2.222\/en\/"},{"@type":"ListItem","position":2,"name":"La planta solar \u2018La Solanilla\u2019 de FRV, generar\u00e1 energ\u00eda limpia suficiente para abastecer 35.000 hogares espa\u00f1oles al a\u00f1o"}]},{"@type":"WebSite","@id":"https:\/\/10.0.2.222\/en\/#website","url":"https:\/\/10.0.2.222\/en\/","name":"Abdul Latif Jameel","description":"","potentialAction":[{"@type":"SearchAction","target":{"@type":"EntryPoint","urlTemplate":"https:\/\/10.0.2.222\/en\/?s={search_term_string}"},"query-input":{"@type":"PropertyValueSpecification","valueRequired":true,"valueName":"search_term_string"}}],"inLanguage":"es"}]}},"post-meta-fields":{"_published_date":["field_6057129b493f5"],"published_date":["20200518"],"_location":["field_601267396ce72"],"location":["Dubai, Emiratos \u00c1rabes Unidos"],"_featured":["field_601a3b473c5c5"],"featured":[""],"_footnotes":["field_66fd39afb9383"],"footnotes":[""],"_business_sector":["field_66f6b5bcac8cb"],"business_sector":["Energ\u00eda"],"_content_series":["field_66fe3c439f8f6"],"content_series":[""],"_old_post_id":["field_66fe3fd59f8f7"],"old_post_id":["63244"],"_short_title":["field_60925d67125ef"],"short_title":["FRV suministrar\u00e1 energ\u00eda limpia a 35,000 hogares"],"_summary":["field_6019304103a20"],"summary":["La planta solar ha favorecido el desarrollo econ\u00f3mico de Extremadura; durante la fase de construcci\u00f3n se crearon alrededor de 350 puestos de trabajo."],"_mobile_featured_image":["field_66f6b4bee65f3"],"mobile_featured_image":["https:\/\/media.alj3.clients.lemonhq.io\/wp-content\/uploads\/2024\/10\/DJI_0016-scaled-1.jpg"],"_push_notification":["field_66f6b47de65f1"],"push_notification":[""],"_publish_mobile":["field_66f6b491e65f2"],"publish_mobile":[""],"_status":["field_652694983fe12"],"status":["publish"],"_thumbnail_id":["3520"],"_wp_page_template":["default"],"_last_translation_edit_mode":["translation-editor"],"_oembed_6b3dfdffb280266bed2e02170ac5db10":["<iframe title=\"Abdul Latif Jamel Energy&#039;s  FRV La Solanilla 50 MWdc Solar Plant commences operations (EN Subs 16:9)\" width=\"500\" height=\"281\" src=\"https:\/\/www.youtube.com\/embed\/K4QQn_yRaLM?feature=oembed\" frameborder=\"0\" allow=\"accelerometer; autoplay; clipboard-write; encrypted-media; gyroscope; picture-in-picture; web-share\" referrerpolicy=\"strict-origin-when-cross-origin\" allowfullscreen><\/iframe>"],"_oembed_time_6b3dfdffb280266bed2e02170ac5db10":["1729091536"],"select_category":["international"]},"_links":{"self":[{"href":"https:\/\/cms.alj3.clients.lemonhq.io\/es\/wp-json\/wp\/v2\/pressrelease\/3546","targetHints":{"allow":["GET"]}}],"collection":[{"href":"https:\/\/cms.alj3.clients.lemonhq.io\/es\/wp-json\/wp\/v2\/pressrelease"}],"about":[{"href":"https:\/\/cms.alj3.clients.lemonhq.io\/es\/wp-json\/wp\/v2\/types\/pressrelease"}],"wp:featuredmedia":[{"embeddable":true,"href":"https:\/\/cms.alj3.clients.lemonhq.io\/es\/wp-json\/wp\/v2\/media\/3520"}],"wp:attachment":[{"href":"https:\/\/cms.alj3.clients.lemonhq.io\/es\/wp-json\/wp\/v2\/media?parent=3546"}],"curies":[{"name":"wp","href":"https:\/\/api.w.org\/{rel}","templated":true}]}}