{"id":3332,"date":"2019-10-21T08:53:08","date_gmt":"2019-10-21T08:53:08","guid":{"rendered":"https:\/\/cms.alj3.clients.lemonhq.io\/press-release\/carlos-cosin-appointed-president-of-the-international-desalination-association-ida-4\/"},"modified":"2024-12-03T05:51:20","modified_gmt":"2024-12-03T05:51:20","slug":"carlos-cosin-appointed-president-of-the-international-desalination-association-ida-4","status":"publish","type":"pressrelease","link":"https:\/\/cms.alj3.clients.lemonhq.io\/es\/news\/carlos-cosin-appointed-president-of-the-international-desalination-association-ida-4\/","title":{"rendered":"Carlos Cos\u00edn, nuevo presidente de la Asociaci\u00f3n Internacional de Desalinizaci\u00f3n (IDA)"},"content":{"rendered":"\n<p><a href=\"https:\/\/media.alj.com\/en\/our-people\/carlos-cosin\/\">Carlos Cos\u00edn<\/a>, CEO of <a href=\"https:\/\/www.almarwater.com\/\">Almar Water Solutions<\/a>, a leading company in the development of water infrastructure and part of Abdul Latif Jameel Energy, has been unanimously appointed new President of the <a href=\"https:\/\/idadesal.org\/\">International Desalination Association (IDA)<\/a> for the next period 2019-2021. Carlos, who has been a member of the board since 2013 and treasurer for the last two years, has been elected for his experience in the field of desalination and reuse, and for his great strategic contribution to the association.<\/p>\n\n<p>The vote and later appointment took place today in Dubai, within the framework of the IDA World Congress, which brings together more than 1,000 professionals from the water industry, and the main CEOs and Directors of the most prestigious companies in the sector. Carlos noted in his speech that:<\/p>\n\n<blockquote class=\"wp-block-quote is-layout-flow wp-block-quote-is-layout-flow\">\n<p>\u201cAs president of this association, myself and the board will work internally to respond to the growing demands of our industry.<\/p>\n\n\n\n<p>In the next two years, we intend to increase IDA\u2019s reach, enabling the association to meet the needs of our members, affiliates, and the market at large.<\/p>\n\n\n\n<p>After many years of prestige and recognition, IDA needs a strategic change that addresses a wider network of stakeholders to help ensure the solutions provided by desalination and water reuse technologies play a role in the development of water sustainability in new geographies and niches such as the industrial sector.<\/p>\n\n\n\n<p>The association must aim to attract new members that contribute to its growth from a business and academic perspective to develop a multidisciplinary and sustainable association with high added value to its members.\u201d<\/p>\n<\/blockquote>\n\n<p>Accompanying the President, Mr. Devesh Sharma has also been named First Vice President and Mr. Alejandro Javier Sturniolo Second Vice President, along with the new Board of Directors for 2019-2021. In the new Board are men and women who are working hard to develop new technologies and projects that secure water to millions of people in all geographies of the planet, and to sectors such as agriculture and industry.<\/p>\n\n<p>Carlos Cos\u00edn ended his speech by stating that:<\/p>\n\n<blockquote class=\"wp-block-quote is-layout-flow wp-block-quote-is-layout-flow\">\n<p>&#8220;I think the current evolution of the desalination market is a key moment for IDA. It is time for the Association to extend their activities to new stakeholders in utilities, in legal firms, in financial institutions. IDA should reach out to new industry players, as well as deepen its involvement in reuse applications and innovative technology.\u201d<\/p>\n<\/blockquote>\n\n<p><a href=\"https:\/\/media.alj.com\/en\/our-people\/fady-jameel\/\">Fady M. Jameel<\/a>, Deputy President and Vice Chairman, Abdul Latif Jameel congratulated Carlos saying:<\/p>\n\n<blockquote class=\"wp-block-quote is-layout-flow wp-block-quote-is-layout-flow\">\n<p>\u201cIt is a fitting testament to the dedication of the Almar team under Mr. Cosin\u2019s leadership, and the commitment of Abdul Latif Jameel Energy to playing a significant role in solving the World\u2019s water challenge for Carlos to take the helm of this global association, congratulations!\u201d<\/p>\n<\/blockquote>\n\n<p>The new president of the IDA has a great professional background in the water sector, and has worked for companies such as US Filter, Veolia, Abengoa and Almar Water Solutions. In his current position as CEO of Almar Water Solutions, he has already closed several desalination and water treatment projects in Africa and the Middle East.<\/p>\n\n<p>The\u00a0<a href=\"http:\/\/www.idadesal.org\/\" target=\"_blank\" rel=\"noopener noreferrer\">International Desalination Association<\/a>\u00a0is the point of connection for the global desalination and water reuse community. A non-profit association, IDA serves more than 2,600 core members in 60 countries and reaches an additional 4,000 affiliate members. Its membership comprises scientists, end-users, engineers, consultants and researchers from governments, corporations and academia. IDA is associated with the United Nations as part of a growing international network of non-governmental organizations (NGOs).<\/p>\n","protected":false},"featured_media":3233,"menu_order":0,"template":"","class_list":["post-3332","pressrelease","type-pressrelease","status-publish","has-post-thumbnail","hentry"],"acf":[],"yoast_head":"<!-- This site is optimized with the Yoast SEO plugin v26.5 - https:\/\/yoast.com\/wordpress\/plugins\/seo\/ -->\n<title>Carlos Cos\u00edn, nuevo presidente de la Asociaci\u00f3n Internacional de Desalinizaci\u00f3n (IDA) - Abdul Latif Jameel<\/title>\n<meta name=\"robots\" content=\"noindex, follow, max-snippet:-1, max-image-preview:large, max-video-preview:-1\" \/>\n<meta property=\"og:locale\" content=\"es_ES\" \/>\n<meta property=\"og:type\" content=\"article\" \/>\n<meta property=\"og:title\" content=\"Carlos Cos\u00edn, nuevo presidente de la Asociaci\u00f3n Internacional de Desalinizaci\u00f3n (IDA) - Abdul Latif Jameel\" \/>\n<meta property=\"og:description\" content=\"Carlos Cos\u00edn, CEO of Almar Water Solutions, a leading company in the development of water infrastructure and part of Abdul Latif Jameel Energy, has been unanimously appointed new President of the International Desalination Association (IDA) for the next period 2019-2021. Carlos, who has been a member of the board since 2013 and treasurer for the [&hellip;]\" \/>\n<meta property=\"og:url\" content=\"https:\/\/cms.alj3.clients.lemonhq.io\/es\/news\/carlos-cosin-appointed-president-of-the-international-desalination-association-ida-4\/\" \/>\n<meta property=\"og:site_name\" content=\"Abdul Latif Jameel\" \/>\n<meta property=\"article:modified_time\" content=\"2024-12-03T05:51:20+00:00\" \/>\n<meta property=\"og:image\" content=\"https:\/\/media.alj3.clients.lemonhq.io\/wp-content\/uploads\/2024\/10\/Carlos-Cosin-President-IDA-1140x410-1.jpg\" \/>\n\t<meta property=\"og:image:width\" content=\"1140\" \/>\n\t<meta property=\"og:image:height\" content=\"410\" \/>\n\t<meta property=\"og:image:type\" content=\"image\/jpeg\" \/>\n<meta name=\"twitter:card\" content=\"summary_large_image\" \/>\n<meta name=\"twitter:label1\" content=\"Tiempo de lectura\" \/>\n\t<meta name=\"twitter:data1\" content=\"3 minutos\" \/>\n<script type=\"application\/ld+json\" class=\"yoast-schema-graph\">{\"@context\":\"https:\/\/schema.org\",\"@graph\":[{\"@type\":\"WebPage\",\"@id\":\"https:\/\/cms.alj3.clients.lemonhq.io\/es\/news\/carlos-cosin-appointed-president-of-the-international-desalination-association-ida-4\/\",\"url\":\"https:\/\/cms.alj3.clients.lemonhq.io\/es\/news\/carlos-cosin-appointed-president-of-the-international-desalination-association-ida-4\/\",\"name\":\"Carlos Cos\u00edn, nuevo presidente de la Asociaci\u00f3n Internacional de Desalinizaci\u00f3n (IDA) - Abdul Latif Jameel\",\"isPartOf\":{\"@id\":\"https:\/\/10.0.2.222\/en\/#website\"},\"primaryImageOfPage\":{\"@id\":\"https:\/\/cms.alj3.clients.lemonhq.io\/es\/news\/carlos-cosin-appointed-president-of-the-international-desalination-association-ida-4\/#primaryimage\"},\"image\":{\"@id\":\"https:\/\/cms.alj3.clients.lemonhq.io\/es\/news\/carlos-cosin-appointed-president-of-the-international-desalination-association-ida-4\/#primaryimage\"},\"thumbnailUrl\":\"https:\/\/media.alj3.clients.lemonhq.io\/wp-content\/uploads\/2024\/10\/Carlos-Cosin-President-IDA-1140x410-1.jpg\",\"datePublished\":\"2019-10-21T08:53:08+00:00\",\"dateModified\":\"2024-12-03T05:51:20+00:00\",\"breadcrumb\":{\"@id\":\"https:\/\/cms.alj3.clients.lemonhq.io\/es\/news\/carlos-cosin-appointed-president-of-the-international-desalination-association-ida-4\/#breadcrumb\"},\"inLanguage\":\"es\",\"potentialAction\":[{\"@type\":\"ReadAction\",\"target\":[\"https:\/\/cms.alj3.clients.lemonhq.io\/es\/news\/carlos-cosin-appointed-president-of-the-international-desalination-association-ida-4\/\"]}]},{\"@type\":\"ImageObject\",\"inLanguage\":\"es\",\"@id\":\"https:\/\/cms.alj3.clients.lemonhq.io\/es\/news\/carlos-cosin-appointed-president-of-the-international-desalination-association-ida-4\/#primaryimage\",\"url\":\"https:\/\/media.alj3.clients.lemonhq.io\/wp-content\/uploads\/2024\/10\/Carlos-Cosin-President-IDA-1140x410-1.jpg\",\"contentUrl\":\"https:\/\/media.alj3.clients.lemonhq.io\/wp-content\/uploads\/2024\/10\/Carlos-Cosin-President-IDA-1140x410-1.jpg\",\"width\":1140,\"height\":410},{\"@type\":\"BreadcrumbList\",\"@id\":\"https:\/\/cms.alj3.clients.lemonhq.io\/es\/news\/carlos-cosin-appointed-president-of-the-international-desalination-association-ida-4\/#breadcrumb\",\"itemListElement\":[{\"@type\":\"ListItem\",\"position\":1,\"name\":\"Home\",\"item\":\"https:\/\/10.0.2.222\/en\/\"},{\"@type\":\"ListItem\",\"position\":2,\"name\":\"Carlos Cos\u00edn, nuevo presidente de la Asociaci\u00f3n Internacional de Desalinizaci\u00f3n (IDA)\"}]},{\"@type\":\"WebSite\",\"@id\":\"https:\/\/10.0.2.222\/en\/#website\",\"url\":\"https:\/\/10.0.2.222\/en\/\",\"name\":\"Abdul Latif Jameel\",\"description\":\"\",\"potentialAction\":[{\"@type\":\"SearchAction\",\"target\":{\"@type\":\"EntryPoint\",\"urlTemplate\":\"https:\/\/10.0.2.222\/en\/?s={search_term_string}\"},\"query-input\":{\"@type\":\"PropertyValueSpecification\",\"valueRequired\":true,\"valueName\":\"search_term_string\"}}],\"inLanguage\":\"es\"}]}<\/script>\n<!-- \/ Yoast SEO plugin. -->","yoast_head_json":{"title":"Carlos Cos\u00edn, nuevo presidente de la Asociaci\u00f3n Internacional de Desalinizaci\u00f3n (IDA) - Abdul Latif Jameel","robots":{"index":"noindex","follow":"follow","max-snippet":"max-snippet:-1","max-image-preview":"max-image-preview:large","max-video-preview":"max-video-preview:-1"},"og_locale":"es_ES","og_type":"article","og_title":"Carlos Cos\u00edn, nuevo presidente de la Asociaci\u00f3n Internacional de Desalinizaci\u00f3n (IDA) - Abdul Latif Jameel","og_description":"Carlos Cos\u00edn, CEO of Almar Water Solutions, a leading company in the development of water infrastructure and part of Abdul Latif Jameel Energy, has been unanimously appointed new President of the International Desalination Association (IDA) for the next period 2019-2021. Carlos, who has been a member of the board since 2013 and treasurer for the [&hellip;]","og_url":"https:\/\/cms.alj3.clients.lemonhq.io\/es\/news\/carlos-cosin-appointed-president-of-the-international-desalination-association-ida-4\/","og_site_name":"Abdul Latif Jameel","article_modified_time":"2024-12-03T05:51:20+00:00","og_image":[{"width":1140,"height":410,"url":"https:\/\/media.alj3.clients.lemonhq.io\/wp-content\/uploads\/2024\/10\/Carlos-Cosin-President-IDA-1140x410-1.jpg","type":"image\/jpeg"}],"twitter_card":"summary_large_image","twitter_misc":{"Tiempo de lectura":"3 minutos"},"schema":{"@context":"https:\/\/schema.org","@graph":[{"@type":"WebPage","@id":"https:\/\/cms.alj3.clients.lemonhq.io\/es\/news\/carlos-cosin-appointed-president-of-the-international-desalination-association-ida-4\/","url":"https:\/\/cms.alj3.clients.lemonhq.io\/es\/news\/carlos-cosin-appointed-president-of-the-international-desalination-association-ida-4\/","name":"Carlos Cos\u00edn, nuevo presidente de la Asociaci\u00f3n Internacional de Desalinizaci\u00f3n (IDA) - Abdul Latif Jameel","isPartOf":{"@id":"https:\/\/10.0.2.222\/en\/#website"},"primaryImageOfPage":{"@id":"https:\/\/cms.alj3.clients.lemonhq.io\/es\/news\/carlos-cosin-appointed-president-of-the-international-desalination-association-ida-4\/#primaryimage"},"image":{"@id":"https:\/\/cms.alj3.clients.lemonhq.io\/es\/news\/carlos-cosin-appointed-president-of-the-international-desalination-association-ida-4\/#primaryimage"},"thumbnailUrl":"https:\/\/media.alj3.clients.lemonhq.io\/wp-content\/uploads\/2024\/10\/Carlos-Cosin-President-IDA-1140x410-1.jpg","datePublished":"2019-10-21T08:53:08+00:00","dateModified":"2024-12-03T05:51:20+00:00","breadcrumb":{"@id":"https:\/\/cms.alj3.clients.lemonhq.io\/es\/news\/carlos-cosin-appointed-president-of-the-international-desalination-association-ida-4\/#breadcrumb"},"inLanguage":"es","potentialAction":[{"@type":"ReadAction","target":["https:\/\/cms.alj3.clients.lemonhq.io\/es\/news\/carlos-cosin-appointed-president-of-the-international-desalination-association-ida-4\/"]}]},{"@type":"ImageObject","inLanguage":"es","@id":"https:\/\/cms.alj3.clients.lemonhq.io\/es\/news\/carlos-cosin-appointed-president-of-the-international-desalination-association-ida-4\/#primaryimage","url":"https:\/\/media.alj3.clients.lemonhq.io\/wp-content\/uploads\/2024\/10\/Carlos-Cosin-President-IDA-1140x410-1.jpg","contentUrl":"https:\/\/media.alj3.clients.lemonhq.io\/wp-content\/uploads\/2024\/10\/Carlos-Cosin-President-IDA-1140x410-1.jpg","width":1140,"height":410},{"@type":"BreadcrumbList","@id":"https:\/\/cms.alj3.clients.lemonhq.io\/es\/news\/carlos-cosin-appointed-president-of-the-international-desalination-association-ida-4\/#breadcrumb","itemListElement":[{"@type":"ListItem","position":1,"name":"Home","item":"https:\/\/10.0.2.222\/en\/"},{"@type":"ListItem","position":2,"name":"Carlos Cos\u00edn, nuevo presidente de la Asociaci\u00f3n Internacional de Desalinizaci\u00f3n (IDA)"}]},{"@type":"WebSite","@id":"https:\/\/10.0.2.222\/en\/#website","url":"https:\/\/10.0.2.222\/en\/","name":"Abdul Latif Jameel","description":"","potentialAction":[{"@type":"SearchAction","target":{"@type":"EntryPoint","urlTemplate":"https:\/\/10.0.2.222\/en\/?s={search_term_string}"},"query-input":{"@type":"PropertyValueSpecification","valueRequired":true,"valueName":"search_term_string"}}],"inLanguage":"es"}]}},"post-meta-fields":{"_published_date":["field_6057129b493f5"],"published_date":["20191021"],"_location":["field_601267396ce72"],"location":["Dubai, Emiratos \u00c1rabes Unidos"],"_featured":["field_601a3b473c5c5"],"featured":[""],"_footnotes":["field_66fd39afb9383"],"footnotes":[""],"_business_sector":["field_66f6b5bcac8cb"],"business_sector":["Energ\u00eda","Servicios Medioambientales"],"_content_series":["field_66fe3c439f8f6"],"content_series":[""],"_old_post_id":["field_66fe3fd59f8f7"],"old_post_id":["55005"],"_short_title":["field_60925d67125ef"],"short_title":["Carlos Cos\u00edn, nuevo presidente de la IDA"],"_summary":["field_6019304103a20"],"summary":["Carlos Cos\u00edn ha sido nombrado por unanimidad presidente de la Asociaci\u00f3n Internacional de Desalinizaci\u00f3n (IDA)"],"_mobile_featured_image":["field_66f6b4bee65f3"],"mobile_featured_image":["https:\/\/media.alj3.clients.lemonhq.io\/wp-content\/uploads\/2024\/10\/Carlos-Cosin-President-IDA-1140x410-1.jpg"],"_push_notification":["field_66f6b47de65f1"],"push_notification":[""],"_publish_mobile":["field_66f6b491e65f2"],"publish_mobile":["1"],"_status":["field_652694983fe12"],"status":["publish"],"_thumbnail_id":["3233"],"_wp_page_template":["default"],"_last_translation_edit_mode":["translation-editor"],"select_category":["international"]},"_links":{"self":[{"href":"https:\/\/cms.alj3.clients.lemonhq.io\/es\/wp-json\/wp\/v2\/pressrelease\/3332","targetHints":{"allow":["GET"]}}],"collection":[{"href":"https:\/\/cms.alj3.clients.lemonhq.io\/es\/wp-json\/wp\/v2\/pressrelease"}],"about":[{"href":"https:\/\/cms.alj3.clients.lemonhq.io\/es\/wp-json\/wp\/v2\/types\/pressrelease"}],"wp:featuredmedia":[{"embeddable":true,"href":"https:\/\/cms.alj3.clients.lemonhq.io\/es\/wp-json\/wp\/v2\/media\/3233"}],"wp:attachment":[{"href":"https:\/\/cms.alj3.clients.lemonhq.io\/es\/wp-json\/wp\/v2\/media?parent=3332"}],"curies":[{"name":"wp","href":"https:\/\/api.w.org\/{rel}","templated":true}]}}