{"id":2382,"date":"2018-10-31T06:06:06","date_gmt":"2018-10-31T06:06:06","guid":{"rendered":"https:\/\/cms.alj3.clients.lemonhq.io\/press-release\/building-youth-community-jameel-arts-centre-dubai-gathers-next-generation-creative-leaders-pioneering-youth-assembly-2\/"},"modified":"2024-10-17T06:51:39","modified_gmt":"2024-10-17T06:51:39","slug":"building-youth-community-jameel-arts-centre-dubai-gathers-next-generation-creative-leaders-pioneering-youth-assembly","status":"publish","type":"pressrelease","link":"https:\/\/cms.alj3.clients.lemonhq.io\/es\/news\/building-youth-community-jameel-arts-centre-dubai-gathers-next-generation-creative-leaders-pioneering-youth-assembly\/","title":{"rendered":"Creaci\u00f3n de una comunidad de j\u00f3venes: El Jameel Arts Centre de Dub\u00e1i re\u00fane a la siguiente generaci\u00f3n de l\u00edderes creativos en una Asamblea joven pionera"},"content":{"rendered":"\n<ul class=\"wp-block-list\">\n<li>La Asamblea joven del Jameel Arts Centre (Jameel Arts Centre Youth Assembly) la forma un diverso grupo de nueve j\u00f3venes artistas, escritores, arquitectos, dise\u00f1adores creativos, emprendedores sociales y programadores<\/li>\n\n\n\n<li>El grupo tiene la responsabilidad de desarrollar su propio programa en el Jameel Arts Centre, y la sesi\u00f3n inaugural ir\u00e1 de noviembre de 2018 a abril de 2019<\/li>\n\n\n\n<li>Este innovador programa de pares generar\u00e1 arte, dise\u00f1o, investigaci\u00f3n, intervenciones y eventos p\u00fablicos dirigidos a j\u00f3venes de entre 18 y 25 a\u00f1os, y posicionar\u00e1 el Jameel Arts Centre como un hogar para j\u00f3venes profesionales y creadores<\/li>\n<\/ul>\n\n\n\n<p><a href=\"https:\/\/artjameel.org\/\"><strong>Arte Jameel<\/strong><\/a><strong><u>,<\/u><\/strong> la organizaci\u00f3n independiente que apoya el arte, la educaci\u00f3n y el patrimonio en Oriente Medio, ha anunciado hoy los detalles de su Asamblea joven, un programa dise\u00f1ado para impulsar a los l\u00edderes creativos de entre 18 y 25 a\u00f1os. Adem\u00e1s de actuar como \u201cembajadores\u201d del centro, el grupo tiene la oportunidad de dise\u00f1ar programas espec\u00edficos para su generaci\u00f3n. Esta iniciativa es la piedra angular de una programaci\u00f3n dedicada a este grupo de edad clave en el nuevo <a href=\"http:\/\/www.jameelartscentre.org\/\"><strong>Jameel Arts Centre<\/strong><\/a> (que se inaugurar\u00e1 el 11 de noviembre de 2018).<\/p>\n\n\n\n<p>Entre noviembre de 2018 y abril de 2019, la prueba piloto de la Jameel Arts Centre Youth Assembly desarrollar\u00e1 iniciativas espec\u00edficas relacionadas con los intereses de sus nueve miembros, que se seleccionaron mediante un proceso muy competitivo a partir de nominaciones de la extensa red de l\u00edderes locales de distintas industrias con la que cuenta Arte Jameel. La Jameel Arts Centre Youth Assembly, formada por ciudadanos de los EAU y residentes de larga duraci\u00f3n (de siete nacionalidades distintas) cubre todo un abanico de experiencia e intereses y procede de todos los puntos de los EAU. Los miembros seleccionados son: Shaikha Al Ketbi (artista visual), Salwa Al Khudairi (arquitecta), Abdulghanni Al Nahawi (dise\u00f1ador\/escultor), Hassan Adebayo Bello (emprendedor social), Sara Bin Safwan (comisaria adjunta\/emprendedora social), Jenan Ismail (dise\u00f1adora gr\u00e1fica), Arpana Murugappan (programadora\/dise\u00f1adora multimedia), Dina Tawil (dise\u00f1adora gr\u00e1fica\/ilustradora) y Ray Yafi (dise\u00f1adora gr\u00e1fica).<\/p>\n\n\n\n<p>Los miembros de la asamblea joven crear\u00e1n y organizar\u00e1n una serie de eventos p\u00fablicos relacionados con los j\u00f3venes en el Jameel Arts Centre, fomentar\u00e1n la participaci\u00f3n de los j\u00f3venes y entablar\u00e1n relaciones con organizaciones y empresas afines. El intercambio de ideas colaborativo y de t\u00fa a t\u00fa, junto con el acceso a orientaci\u00f3n, apoyo y recursos, llevar\u00e1 a una producci\u00f3n en evoluci\u00f3n constante de proyectos art\u00edsticos, proyectos de investigaci\u00f3n, conceptos de dise\u00f1o, intervenciones y eventos p\u00fablicos. Esta experiencia est\u00e1 dise\u00f1ada para ofrecer a los miembros de la asamblea experiencias de aprendizaje pr\u00e1cticas y sin igual.<\/p>\n\n\n\n<p><strong>&nbsp;<\/strong>El formato abierto de la Asamblea joven evita que se sigan l\u00edneas de acci\u00f3n predeterminadas, y empuja a los miembros a pensar por s\u00ed mismos y a desarrollar programas que respondan a las necesidades de sus cong\u00e9neres. Los resultados potenciales podr\u00edan incluir una serie de talleres o charlas tem\u00e1ticas, una exposici\u00f3n, una intervenci\u00f3n p\u00fablica, una publicaci\u00f3n o un proyecto de investigaci\u00f3n, un marco para pr\u00f3ximos programas centrados en los j\u00f3venes, residencias e intercambios de artistas j\u00f3venes, material de investigaci\u00f3n, una comisi\u00f3n de artistas, programas educativos o otros proyectos innovadores de este tipo.<\/p>\n\n\n\n<p>Reflejando el compromiso de Arte Jameel con la educaci\u00f3n, el programa ofrece a los l\u00edderes culturales j\u00f3venes la posibilidad de ver c\u00f3mo funciona una instituci\u00f3n art\u00edstica, as\u00ed como oportunidades en el campo del arte y la cultura a escala local, regional e internacional. Adem\u00e1s de establecer una relaci\u00f3n provechosa con la amplia red de artistas, miembros del consejo de comisarios y profesionales de la industria de Arte Jameel, los participantes tendr\u00e1n la oportunidad de desarrollar sus propias carreras mediante mesas redondas y sesiones individuales con artistas y expertos.<\/p>\n\n\n\n<p>El Jameel Arts Centre, un innovador destino cultural que se inaugurar\u00e1 el 11 de noviembre de 2018 en Dub\u00e1i, es la primera instituci\u00f3n no gubernamental de arte contempor\u00e1neo de su clase en el Golfo.<\/p>\n\n\n\n<p>Puede encontrar m\u00e1s informaci\u00f3n sobre el <strong>Jameel Arts Centre <\/strong><a href=\"http:\/\/www.jameelartscentre.org\/\"><strong>aqu\u00ed.<\/strong><\/a><\/p>\n\n\n\n<p>Puede encontrar m\u00e1s informaci\u00f3n sobre la <strong>Jameel Arts Centre Youth Assembly <\/strong><a href=\"https:\/\/jameelartscentre.org\/programmes\/youth-assembly\/\"><strong>aqu\u00ed.<\/strong><\/a><\/p>\n","protected":false},"featured_media":2326,"menu_order":0,"template":"","class_list":["post-2382","pressrelease","type-pressrelease","status-publish","has-post-thumbnail","hentry"],"acf":[],"yoast_head":"<!-- This site is optimized with the Yoast SEO plugin v26.5 - https:\/\/yoast.com\/wordpress\/plugins\/seo\/ -->\n<title>Creaci\u00f3n de una comunidad de j\u00f3venes: El Jameel Arts Centre de Dub\u00e1i re\u00fane a la siguiente generaci\u00f3n de l\u00edderes creativos en una Asamblea joven pionera - Abdul Latif Jameel<\/title>\n<meta name=\"robots\" content=\"noindex, follow, max-snippet:-1, max-image-preview:large, max-video-preview:-1\" \/>\n<meta property=\"og:locale\" content=\"es_ES\" \/>\n<meta property=\"og:type\" content=\"article\" \/>\n<meta property=\"og:title\" content=\"Creaci\u00f3n de una comunidad de j\u00f3venes: El Jameel Arts Centre de Dub\u00e1i re\u00fane a la siguiente generaci\u00f3n de l\u00edderes creativos en una Asamblea joven pionera - Abdul Latif Jameel\" \/>\n<meta property=\"og:description\" content=\"Arte Jameel, la organizaci\u00f3n independiente que apoya el arte, la educaci\u00f3n y el patrimonio en Oriente Medio, ha anunciado hoy los detalles de su Asamblea joven, un programa dise\u00f1ado para impulsar a los l\u00edderes creativos de entre 18 y 25 a\u00f1os. Adem\u00e1s de actuar como \u201cembajadores\u201d del centro, el grupo tiene la oportunidad de dise\u00f1ar [&hellip;]\" \/>\n<meta property=\"og:url\" content=\"https:\/\/cms.alj3.clients.lemonhq.io\/es\/news\/building-youth-community-jameel-arts-centre-dubai-gathers-next-generation-creative-leaders-pioneering-youth-assembly\/\" \/>\n<meta property=\"og:site_name\" content=\"Abdul Latif Jameel\" \/>\n<meta property=\"article:modified_time\" content=\"2024-10-17T06:51:39+00:00\" \/>\n<meta property=\"og:image\" content=\"https:\/\/media.alj3.clients.lemonhq.io\/wp-content\/uploads\/2024\/10\/Youth-Assembly-Left-to-right-Abdulghanni-Al-Nahawi-Salwa-Al-Khudairi-Arpana-Murugappan-Sara-Bin-Safwan-Jenan-Ismail-Shai-scaled.jpg\" \/>\n\t<meta property=\"og:image:width\" content=\"2560\" \/>\n\t<meta property=\"og:image:height\" content=\"1707\" \/>\n\t<meta property=\"og:image:type\" content=\"image\/jpeg\" \/>\n<meta name=\"twitter:card\" content=\"summary_large_image\" \/>\n<meta name=\"twitter:label1\" content=\"Tiempo de lectura\" \/>\n\t<meta name=\"twitter:data1\" content=\"4 minutos\" \/>\n<script type=\"application\/ld+json\" class=\"yoast-schema-graph\">{\"@context\":\"https:\/\/schema.org\",\"@graph\":[{\"@type\":\"WebPage\",\"@id\":\"https:\/\/cms.alj3.clients.lemonhq.io\/es\/news\/building-youth-community-jameel-arts-centre-dubai-gathers-next-generation-creative-leaders-pioneering-youth-assembly\/\",\"url\":\"https:\/\/cms.alj3.clients.lemonhq.io\/es\/news\/building-youth-community-jameel-arts-centre-dubai-gathers-next-generation-creative-leaders-pioneering-youth-assembly\/\",\"name\":\"Creaci\u00f3n de una comunidad de j\u00f3venes: El Jameel Arts Centre de Dub\u00e1i re\u00fane a la siguiente generaci\u00f3n de l\u00edderes creativos en una Asamblea joven pionera - Abdul Latif Jameel\",\"isPartOf\":{\"@id\":\"https:\/\/10.0.2.222\/en\/#website\"},\"primaryImageOfPage\":{\"@id\":\"https:\/\/cms.alj3.clients.lemonhq.io\/es\/news\/building-youth-community-jameel-arts-centre-dubai-gathers-next-generation-creative-leaders-pioneering-youth-assembly\/#primaryimage\"},\"image\":{\"@id\":\"https:\/\/cms.alj3.clients.lemonhq.io\/es\/news\/building-youth-community-jameel-arts-centre-dubai-gathers-next-generation-creative-leaders-pioneering-youth-assembly\/#primaryimage\"},\"thumbnailUrl\":\"https:\/\/media.alj3.clients.lemonhq.io\/wp-content\/uploads\/2024\/10\/Youth-Assembly-Left-to-right-Abdulghanni-Al-Nahawi-Salwa-Al-Khudairi-Arpana-Murugappan-Sara-Bin-Safwan-Jenan-Ismail-Shai-scaled.jpg\",\"datePublished\":\"2018-10-31T06:06:06+00:00\",\"dateModified\":\"2024-10-17T06:51:39+00:00\",\"breadcrumb\":{\"@id\":\"https:\/\/cms.alj3.clients.lemonhq.io\/es\/news\/building-youth-community-jameel-arts-centre-dubai-gathers-next-generation-creative-leaders-pioneering-youth-assembly\/#breadcrumb\"},\"inLanguage\":\"es\",\"potentialAction\":[{\"@type\":\"ReadAction\",\"target\":[\"https:\/\/cms.alj3.clients.lemonhq.io\/es\/news\/building-youth-community-jameel-arts-centre-dubai-gathers-next-generation-creative-leaders-pioneering-youth-assembly\/\"]}]},{\"@type\":\"ImageObject\",\"inLanguage\":\"es\",\"@id\":\"https:\/\/cms.alj3.clients.lemonhq.io\/es\/news\/building-youth-community-jameel-arts-centre-dubai-gathers-next-generation-creative-leaders-pioneering-youth-assembly\/#primaryimage\",\"url\":\"https:\/\/media.alj3.clients.lemonhq.io\/wp-content\/uploads\/2024\/10\/Youth-Assembly-Left-to-right-Abdulghanni-Al-Nahawi-Salwa-Al-Khudairi-Arpana-Murugappan-Sara-Bin-Safwan-Jenan-Ismail-Shai-scaled.jpg\",\"contentUrl\":\"https:\/\/media.alj3.clients.lemonhq.io\/wp-content\/uploads\/2024\/10\/Youth-Assembly-Left-to-right-Abdulghanni-Al-Nahawi-Salwa-Al-Khudairi-Arpana-Murugappan-Sara-Bin-Safwan-Jenan-Ismail-Shai-scaled.jpg\",\"width\":2560,\"height\":1707},{\"@type\":\"BreadcrumbList\",\"@id\":\"https:\/\/cms.alj3.clients.lemonhq.io\/es\/news\/building-youth-community-jameel-arts-centre-dubai-gathers-next-generation-creative-leaders-pioneering-youth-assembly\/#breadcrumb\",\"itemListElement\":[{\"@type\":\"ListItem\",\"position\":1,\"name\":\"Home\",\"item\":\"https:\/\/10.0.2.222\/en\/\"},{\"@type\":\"ListItem\",\"position\":2,\"name\":\"Creaci\u00f3n de una comunidad de j\u00f3venes: El Jameel Arts Centre de Dub\u00e1i re\u00fane a la siguiente generaci\u00f3n de l\u00edderes creativos en una Asamblea joven pionera\"}]},{\"@type\":\"WebSite\",\"@id\":\"https:\/\/10.0.2.222\/en\/#website\",\"url\":\"https:\/\/10.0.2.222\/en\/\",\"name\":\"Abdul Latif Jameel\",\"description\":\"\",\"potentialAction\":[{\"@type\":\"SearchAction\",\"target\":{\"@type\":\"EntryPoint\",\"urlTemplate\":\"https:\/\/10.0.2.222\/en\/?s={search_term_string}\"},\"query-input\":{\"@type\":\"PropertyValueSpecification\",\"valueRequired\":true,\"valueName\":\"search_term_string\"}}],\"inLanguage\":\"es\"}]}<\/script>\n<!-- \/ Yoast SEO plugin. -->","yoast_head_json":{"title":"Creaci\u00f3n de una comunidad de j\u00f3venes: El Jameel Arts Centre de Dub\u00e1i re\u00fane a la siguiente generaci\u00f3n de l\u00edderes creativos en una Asamblea joven pionera - Abdul Latif Jameel","robots":{"index":"noindex","follow":"follow","max-snippet":"max-snippet:-1","max-image-preview":"max-image-preview:large","max-video-preview":"max-video-preview:-1"},"og_locale":"es_ES","og_type":"article","og_title":"Creaci\u00f3n de una comunidad de j\u00f3venes: El Jameel Arts Centre de Dub\u00e1i re\u00fane a la siguiente generaci\u00f3n de l\u00edderes creativos en una Asamblea joven pionera - Abdul Latif Jameel","og_description":"Arte Jameel, la organizaci\u00f3n independiente que apoya el arte, la educaci\u00f3n y el patrimonio en Oriente Medio, ha anunciado hoy los detalles de su Asamblea joven, un programa dise\u00f1ado para impulsar a los l\u00edderes creativos de entre 18 y 25 a\u00f1os. Adem\u00e1s de actuar como \u201cembajadores\u201d del centro, el grupo tiene la oportunidad de dise\u00f1ar [&hellip;]","og_url":"https:\/\/cms.alj3.clients.lemonhq.io\/es\/news\/building-youth-community-jameel-arts-centre-dubai-gathers-next-generation-creative-leaders-pioneering-youth-assembly\/","og_site_name":"Abdul Latif Jameel","article_modified_time":"2024-10-17T06:51:39+00:00","og_image":[{"width":2560,"height":1707,"url":"https:\/\/media.alj3.clients.lemonhq.io\/wp-content\/uploads\/2024\/10\/Youth-Assembly-Left-to-right-Abdulghanni-Al-Nahawi-Salwa-Al-Khudairi-Arpana-Murugappan-Sara-Bin-Safwan-Jenan-Ismail-Shai-scaled.jpg","type":"image\/jpeg"}],"twitter_card":"summary_large_image","twitter_misc":{"Tiempo de lectura":"4 minutos"},"schema":{"@context":"https:\/\/schema.org","@graph":[{"@type":"WebPage","@id":"https:\/\/cms.alj3.clients.lemonhq.io\/es\/news\/building-youth-community-jameel-arts-centre-dubai-gathers-next-generation-creative-leaders-pioneering-youth-assembly\/","url":"https:\/\/cms.alj3.clients.lemonhq.io\/es\/news\/building-youth-community-jameel-arts-centre-dubai-gathers-next-generation-creative-leaders-pioneering-youth-assembly\/","name":"Creaci\u00f3n de una comunidad de j\u00f3venes: El Jameel Arts Centre de Dub\u00e1i re\u00fane a la siguiente generaci\u00f3n de l\u00edderes creativos en una Asamblea joven pionera - Abdul Latif Jameel","isPartOf":{"@id":"https:\/\/10.0.2.222\/en\/#website"},"primaryImageOfPage":{"@id":"https:\/\/cms.alj3.clients.lemonhq.io\/es\/news\/building-youth-community-jameel-arts-centre-dubai-gathers-next-generation-creative-leaders-pioneering-youth-assembly\/#primaryimage"},"image":{"@id":"https:\/\/cms.alj3.clients.lemonhq.io\/es\/news\/building-youth-community-jameel-arts-centre-dubai-gathers-next-generation-creative-leaders-pioneering-youth-assembly\/#primaryimage"},"thumbnailUrl":"https:\/\/media.alj3.clients.lemonhq.io\/wp-content\/uploads\/2024\/10\/Youth-Assembly-Left-to-right-Abdulghanni-Al-Nahawi-Salwa-Al-Khudairi-Arpana-Murugappan-Sara-Bin-Safwan-Jenan-Ismail-Shai-scaled.jpg","datePublished":"2018-10-31T06:06:06+00:00","dateModified":"2024-10-17T06:51:39+00:00","breadcrumb":{"@id":"https:\/\/cms.alj3.clients.lemonhq.io\/es\/news\/building-youth-community-jameel-arts-centre-dubai-gathers-next-generation-creative-leaders-pioneering-youth-assembly\/#breadcrumb"},"inLanguage":"es","potentialAction":[{"@type":"ReadAction","target":["https:\/\/cms.alj3.clients.lemonhq.io\/es\/news\/building-youth-community-jameel-arts-centre-dubai-gathers-next-generation-creative-leaders-pioneering-youth-assembly\/"]}]},{"@type":"ImageObject","inLanguage":"es","@id":"https:\/\/cms.alj3.clients.lemonhq.io\/es\/news\/building-youth-community-jameel-arts-centre-dubai-gathers-next-generation-creative-leaders-pioneering-youth-assembly\/#primaryimage","url":"https:\/\/media.alj3.clients.lemonhq.io\/wp-content\/uploads\/2024\/10\/Youth-Assembly-Left-to-right-Abdulghanni-Al-Nahawi-Salwa-Al-Khudairi-Arpana-Murugappan-Sara-Bin-Safwan-Jenan-Ismail-Shai-scaled.jpg","contentUrl":"https:\/\/media.alj3.clients.lemonhq.io\/wp-content\/uploads\/2024\/10\/Youth-Assembly-Left-to-right-Abdulghanni-Al-Nahawi-Salwa-Al-Khudairi-Arpana-Murugappan-Sara-Bin-Safwan-Jenan-Ismail-Shai-scaled.jpg","width":2560,"height":1707},{"@type":"BreadcrumbList","@id":"https:\/\/cms.alj3.clients.lemonhq.io\/es\/news\/building-youth-community-jameel-arts-centre-dubai-gathers-next-generation-creative-leaders-pioneering-youth-assembly\/#breadcrumb","itemListElement":[{"@type":"ListItem","position":1,"name":"Home","item":"https:\/\/10.0.2.222\/en\/"},{"@type":"ListItem","position":2,"name":"Creaci\u00f3n de una comunidad de j\u00f3venes: El Jameel Arts Centre de Dub\u00e1i re\u00fane a la siguiente generaci\u00f3n de l\u00edderes creativos en una Asamblea joven pionera"}]},{"@type":"WebSite","@id":"https:\/\/10.0.2.222\/en\/#website","url":"https:\/\/10.0.2.222\/en\/","name":"Abdul Latif Jameel","description":"","potentialAction":[{"@type":"SearchAction","target":{"@type":"EntryPoint","urlTemplate":"https:\/\/10.0.2.222\/en\/?s={search_term_string}"},"query-input":{"@type":"PropertyValueSpecification","valueRequired":true,"valueName":"search_term_string"}}],"inLanguage":"es"}]}},"post-meta-fields":{"_wp_old_slug":["building-youth-community-jameel-arts-centre-dubai-gathers-next-generation-creative-leaders-pioneering-youth-assembly-2"],"_published_date":["field_6057129b493f5"],"published_date":["20181030"],"_location":["field_601267396ce72"],"location":["Dub\u00e1i, Emiratos \u00c1rabes Unidos"],"_featured":["field_601a3b473c5c5"],"featured":[""],"_footnotes":["field_66fd39afb9383"],"footnotes":[""],"_business_sector":["field_66f6b5bcac8cb"],"business_sector":["Community Jameel"],"_content_series":["field_66fe3c439f8f6"],"content_series":[""],"_old_post_id":["field_66fe3fd59f8f7"],"old_post_id":["18406"],"_short_title":["field_60925d67125ef"],"short_title":["Jameel Arts Center: construyendo una comunidad juvenil"],"_summary":["field_6019304103a20"],"summary":["El grupo tiene la responsabilidad de desarrollar su propio programa en el Jameel Arts Centre, y la sesi\u00f3n inaugural ir\u00e1 de noviembre de 2018 a abril de 2019"],"_mobile_featured_image":["field_66f6b4bee65f3"],"mobile_featured_image":["https:\/\/cms.alj3.clients.lemonhq.io\/wp-content\/themes\/alj\/assets\/images\/defaultmobilethumb.jpg"],"_push_notification":["field_66f6b47de65f1"],"push_notification":[""],"_publish_mobile":["field_66f6b491e65f2"],"publish_mobile":[""],"_status":["field_652694983fe12"],"status":["publish"],"_thumbnail_id":["2326"],"_wp_page_template":["default"],"_wpml_word_count":["{\"total\":699,\"to_translate\":{\"ar\":699,\"zh-hans\":699,\"en\":699,\"fr\":699,\"ja\":699,\"tr\":699}}"],"_wpml_location_migration_done":["1"]},"_links":{"self":[{"href":"https:\/\/cms.alj3.clients.lemonhq.io\/es\/wp-json\/wp\/v2\/pressrelease\/2382","targetHints":{"allow":["GET"]}}],"collection":[{"href":"https:\/\/cms.alj3.clients.lemonhq.io\/es\/wp-json\/wp\/v2\/pressrelease"}],"about":[{"href":"https:\/\/cms.alj3.clients.lemonhq.io\/es\/wp-json\/wp\/v2\/types\/pressrelease"}],"wp:featuredmedia":[{"embeddable":true,"href":"https:\/\/cms.alj3.clients.lemonhq.io\/es\/wp-json\/wp\/v2\/media\/2326"}],"wp:attachment":[{"href":"https:\/\/cms.alj3.clients.lemonhq.io\/es\/wp-json\/wp\/v2\/media?parent=2382"}],"curies":[{"name":"wp","href":"https:\/\/api.w.org\/{rel}","templated":true}]}}