{"id":2370,"date":"2018-10-22T11:59:25","date_gmt":"2018-10-22T11:59:25","guid":{"rendered":"https:\/\/cms.alj3.clients.lemonhq.io\/press-release\/abdul-latif-jameel-energys-frv-announces-opening-first-solar-project-india-2\/"},"modified":"2024-10-25T08:10:55","modified_gmt":"2024-10-25T08:10:55","slug":"abdul-latif-jameel-energys-frv-announces-opening-first-solar-project-india","status":"publish","type":"pressrelease","link":"https:\/\/cms.alj3.clients.lemonhq.io\/es\/news\/abdul-latif-jameel-energys-frv-announces-opening-first-solar-project-india\/","title":{"rendered":"FRV, de Abdul Latif Jameel Energy, anuncia la apertura de su primer proyecto solar en la India."},"content":{"rendered":"\n<ul class=\"wp-block-list\">\n<li>Andhra Pradesh suministrar\u00e1 energ\u00eda a unos 35\u00a0000 hogares y evitar\u00e1 una emisi\u00f3n anual de 160\u00a0000 toneladas de gases de efecto invernadero.<\/li>\n\n\n\n<li>Las dos plantas, con una superficie total de 100 hect\u00e1reas, est\u00e1n ubicadas cerca de Bangalore.<\/li>\n<\/ul>\n\n\n\n<p>Fotowatio Renewable Ventures <a href=\"http:\/\/frv.com\">(FRV),<\/a> una empresa l\u00edder a nivel global en desarrollo de proyectos renovables a escala dom\u00e9stica y parte de <a href=\"https:\/\/www.alj.com\/en\/energy-and-environmental-services\/energy-overview\/\">Abdul Latif Jameel Energy<\/a>, ha anunciado la apertura de dos plantas solares que forman parte de la Granja solar Andhra Pradesh, situada en la India y de 138 MWdc. Esta es la primera instalaci\u00f3n solar a gran escala que FRV desarrolla en el pa\u00eds.<\/p>\n\n\n<figure class=\"wp-block-embed is-type-video is-provider-youtube wp-block-embed-youtube wp-embed-aspect-16-9 wp-has-aspect-ratio\"><div class=\"wp-block-embed__wrapper\">https:\/\/youtu.be\/KysNZCdTpKE<\/div><\/figure>\n\n\n<p>La empresa consigui\u00f3 el proyecto en una subasta inversa realizada por la Corporaci\u00f3n de energ\u00eda solar de la India (Solar Energy Corporation of India, <a href=\"http:\/\/seci.co.in\">SECI<\/a>) en 2016 como parte del programa National Solar Mission, lanzado por el gobierno indio para alcanzar sus objetivos en cuanto a energ\u00edas renovables y llegar a los 100 GW de capacidad solar instalada en el pa\u00eds en el a\u00f1o 2022.<\/p>\n\n\n\n<p>Las dos plantas de Andhra Pradesh tienen una superficie total de 100 hect\u00e1reas y est\u00e1n situadas en el parque solar Ananthapuramu Solar Park, a 200&nbsp;km de Bangalore.<\/p>\n\n\n\n<p>El proyecto suministrar\u00e1 energ\u00eda a unos 35&nbsp;000 hogares indios y evitar\u00e1 una emisi\u00f3n de 160&nbsp;000 toneladas de C0<sub>2<\/sub> al a\u00f1o, adem\u00e1s de dar oportunidades de empleo temporal y permanente en lo que dure el ciclo vital de sus plantas.<\/p>\n\n\n\n<p>\u201cEste proyecto demuestra el compromiso de FRV con la regi\u00f3n Asia-Pac\u00edfico y supone un gran paso para cumplir con su estrategia de desarrollar y construir instalaciones de generaci\u00f3n de energ\u00edas renovables\u201d afirma Tristan Higuero, director de operaciones de FRV East.<\/p>\n\n\n\n<p>\u201cDesarrollamos y llevamos a cabo proyectos clave como este, seguimos teniendo una gran capacidad para ponernos en la l\u00ednea de las iniciativas progresistas del gobierno y seguimos explorando nuevas oportunidades en todo el \u00e1mbito Asia-Pac\u00edfico\u201d, coment\u00f3 <a href=\"https:\/\/www.alj.com\/es\/our-people\/daniel-sagi-vela\/\">Daniel Sagi-Vela<\/a>, director ejecutivo de FRV.<\/p>\n\n\n<figure class=\"wp-block-embed is-type-video is-provider-vimeo wp-block-embed-vimeo wp-embed-aspect-16-9 wp-has-aspect-ratio\"><div class=\"wp-block-embed__wrapper\">https:\/\/vimeo.com\/296256988\/3304f37487<\/div><\/figure>","protected":false},"featured_media":2318,"menu_order":0,"template":"","class_list":["post-2370","pressrelease","type-pressrelease","status-publish","has-post-thumbnail","hentry"],"acf":[],"yoast_head":"<!-- This site is optimized with the Yoast SEO plugin v26.5 - https:\/\/yoast.com\/wordpress\/plugins\/seo\/ -->\n<title>FRV, de Abdul Latif Jameel Energy, anuncia la apertura de su primer proyecto solar en la India. - Abdul Latif Jameel<\/title>\n<meta name=\"robots\" content=\"noindex, follow, max-snippet:-1, max-image-preview:large, max-video-preview:-1\" \/>\n<meta property=\"og:locale\" content=\"es_ES\" \/>\n<meta property=\"og:type\" content=\"article\" \/>\n<meta property=\"og:title\" content=\"FRV, de Abdul Latif Jameel Energy, anuncia la apertura de su primer proyecto solar en la India. - Abdul Latif Jameel\" \/>\n<meta property=\"og:description\" content=\"Fotowatio Renewable Ventures (FRV), una empresa l\u00edder a nivel global en desarrollo de proyectos renovables a escala dom\u00e9stica y parte de Abdul Latif Jameel Energy, ha anunciado la apertura de dos plantas solares que forman parte de la Granja solar Andhra Pradesh, situada en la India y de 138 MWdc. Esta es la primera instalaci\u00f3n [&hellip;]\" \/>\n<meta property=\"og:url\" content=\"https:\/\/cms.alj3.clients.lemonhq.io\/es\/news\/abdul-latif-jameel-energys-frv-announces-opening-first-solar-project-india\/\" \/>\n<meta property=\"og:site_name\" content=\"Abdul Latif Jameel\" \/>\n<meta property=\"article:modified_time\" content=\"2024-10-25T08:10:55+00:00\" \/>\n<meta property=\"og:image\" content=\"https:\/\/media.alj3.clients.lemonhq.io\/wp-content\/uploads\/2024\/10\/IMG_0021.jpg\" \/>\n\t<meta property=\"og:image:width\" content=\"2419\" \/>\n\t<meta property=\"og:image:height\" content=\"1814\" \/>\n\t<meta property=\"og:image:type\" content=\"image\/jpeg\" \/>\n<meta name=\"twitter:card\" content=\"summary_large_image\" \/>\n<meta name=\"twitter:label1\" content=\"Tiempo de lectura\" \/>\n\t<meta name=\"twitter:data1\" content=\"2 minutos\" \/>\n<script type=\"application\/ld+json\" class=\"yoast-schema-graph\">{\"@context\":\"https:\/\/schema.org\",\"@graph\":[{\"@type\":\"WebPage\",\"@id\":\"https:\/\/cms.alj3.clients.lemonhq.io\/es\/news\/abdul-latif-jameel-energys-frv-announces-opening-first-solar-project-india\/\",\"url\":\"https:\/\/cms.alj3.clients.lemonhq.io\/es\/news\/abdul-latif-jameel-energys-frv-announces-opening-first-solar-project-india\/\",\"name\":\"FRV, de Abdul Latif Jameel Energy, anuncia la apertura de su primer proyecto solar en la India. - Abdul Latif Jameel\",\"isPartOf\":{\"@id\":\"https:\/\/10.0.2.222\/en\/#website\"},\"primaryImageOfPage\":{\"@id\":\"https:\/\/cms.alj3.clients.lemonhq.io\/es\/news\/abdul-latif-jameel-energys-frv-announces-opening-first-solar-project-india\/#primaryimage\"},\"image\":{\"@id\":\"https:\/\/cms.alj3.clients.lemonhq.io\/es\/news\/abdul-latif-jameel-energys-frv-announces-opening-first-solar-project-india\/#primaryimage\"},\"thumbnailUrl\":\"https:\/\/media.alj3.clients.lemonhq.io\/wp-content\/uploads\/2024\/10\/IMG_0021.jpg\",\"datePublished\":\"2018-10-22T11:59:25+00:00\",\"dateModified\":\"2024-10-25T08:10:55+00:00\",\"breadcrumb\":{\"@id\":\"https:\/\/cms.alj3.clients.lemonhq.io\/es\/news\/abdul-latif-jameel-energys-frv-announces-opening-first-solar-project-india\/#breadcrumb\"},\"inLanguage\":\"es\",\"potentialAction\":[{\"@type\":\"ReadAction\",\"target\":[\"https:\/\/cms.alj3.clients.lemonhq.io\/es\/news\/abdul-latif-jameel-energys-frv-announces-opening-first-solar-project-india\/\"]}]},{\"@type\":\"ImageObject\",\"inLanguage\":\"es\",\"@id\":\"https:\/\/cms.alj3.clients.lemonhq.io\/es\/news\/abdul-latif-jameel-energys-frv-announces-opening-first-solar-project-india\/#primaryimage\",\"url\":\"https:\/\/media.alj3.clients.lemonhq.io\/wp-content\/uploads\/2024\/10\/IMG_0021.jpg\",\"contentUrl\":\"https:\/\/media.alj3.clients.lemonhq.io\/wp-content\/uploads\/2024\/10\/IMG_0021.jpg\",\"width\":2419,\"height\":1814},{\"@type\":\"BreadcrumbList\",\"@id\":\"https:\/\/cms.alj3.clients.lemonhq.io\/es\/news\/abdul-latif-jameel-energys-frv-announces-opening-first-solar-project-india\/#breadcrumb\",\"itemListElement\":[{\"@type\":\"ListItem\",\"position\":1,\"name\":\"Home\",\"item\":\"https:\/\/10.0.2.222\/en\/\"},{\"@type\":\"ListItem\",\"position\":2,\"name\":\"FRV, de Abdul Latif Jameel Energy, anuncia la apertura de su primer proyecto solar en la India.\"}]},{\"@type\":\"WebSite\",\"@id\":\"https:\/\/10.0.2.222\/en\/#website\",\"url\":\"https:\/\/10.0.2.222\/en\/\",\"name\":\"Abdul Latif Jameel\",\"description\":\"\",\"potentialAction\":[{\"@type\":\"SearchAction\",\"target\":{\"@type\":\"EntryPoint\",\"urlTemplate\":\"https:\/\/10.0.2.222\/en\/?s={search_term_string}\"},\"query-input\":{\"@type\":\"PropertyValueSpecification\",\"valueRequired\":true,\"valueName\":\"search_term_string\"}}],\"inLanguage\":\"es\"}]}<\/script>\n<!-- \/ Yoast SEO plugin. -->","yoast_head_json":{"title":"FRV, de Abdul Latif Jameel Energy, anuncia la apertura de su primer proyecto solar en la India. - Abdul Latif Jameel","robots":{"index":"noindex","follow":"follow","max-snippet":"max-snippet:-1","max-image-preview":"max-image-preview:large","max-video-preview":"max-video-preview:-1"},"og_locale":"es_ES","og_type":"article","og_title":"FRV, de Abdul Latif Jameel Energy, anuncia la apertura de su primer proyecto solar en la India. - Abdul Latif Jameel","og_description":"Fotowatio Renewable Ventures (FRV), una empresa l\u00edder a nivel global en desarrollo de proyectos renovables a escala dom\u00e9stica y parte de Abdul Latif Jameel Energy, ha anunciado la apertura de dos plantas solares que forman parte de la Granja solar Andhra Pradesh, situada en la India y de 138 MWdc. Esta es la primera instalaci\u00f3n [&hellip;]","og_url":"https:\/\/cms.alj3.clients.lemonhq.io\/es\/news\/abdul-latif-jameel-energys-frv-announces-opening-first-solar-project-india\/","og_site_name":"Abdul Latif Jameel","article_modified_time":"2024-10-25T08:10:55+00:00","og_image":[{"width":2419,"height":1814,"url":"https:\/\/media.alj3.clients.lemonhq.io\/wp-content\/uploads\/2024\/10\/IMG_0021.jpg","type":"image\/jpeg"}],"twitter_card":"summary_large_image","twitter_misc":{"Tiempo de lectura":"2 minutos"},"schema":{"@context":"https:\/\/schema.org","@graph":[{"@type":"WebPage","@id":"https:\/\/cms.alj3.clients.lemonhq.io\/es\/news\/abdul-latif-jameel-energys-frv-announces-opening-first-solar-project-india\/","url":"https:\/\/cms.alj3.clients.lemonhq.io\/es\/news\/abdul-latif-jameel-energys-frv-announces-opening-first-solar-project-india\/","name":"FRV, de Abdul Latif Jameel Energy, anuncia la apertura de su primer proyecto solar en la India. - Abdul Latif Jameel","isPartOf":{"@id":"https:\/\/10.0.2.222\/en\/#website"},"primaryImageOfPage":{"@id":"https:\/\/cms.alj3.clients.lemonhq.io\/es\/news\/abdul-latif-jameel-energys-frv-announces-opening-first-solar-project-india\/#primaryimage"},"image":{"@id":"https:\/\/cms.alj3.clients.lemonhq.io\/es\/news\/abdul-latif-jameel-energys-frv-announces-opening-first-solar-project-india\/#primaryimage"},"thumbnailUrl":"https:\/\/media.alj3.clients.lemonhq.io\/wp-content\/uploads\/2024\/10\/IMG_0021.jpg","datePublished":"2018-10-22T11:59:25+00:00","dateModified":"2024-10-25T08:10:55+00:00","breadcrumb":{"@id":"https:\/\/cms.alj3.clients.lemonhq.io\/es\/news\/abdul-latif-jameel-energys-frv-announces-opening-first-solar-project-india\/#breadcrumb"},"inLanguage":"es","potentialAction":[{"@type":"ReadAction","target":["https:\/\/cms.alj3.clients.lemonhq.io\/es\/news\/abdul-latif-jameel-energys-frv-announces-opening-first-solar-project-india\/"]}]},{"@type":"ImageObject","inLanguage":"es","@id":"https:\/\/cms.alj3.clients.lemonhq.io\/es\/news\/abdul-latif-jameel-energys-frv-announces-opening-first-solar-project-india\/#primaryimage","url":"https:\/\/media.alj3.clients.lemonhq.io\/wp-content\/uploads\/2024\/10\/IMG_0021.jpg","contentUrl":"https:\/\/media.alj3.clients.lemonhq.io\/wp-content\/uploads\/2024\/10\/IMG_0021.jpg","width":2419,"height":1814},{"@type":"BreadcrumbList","@id":"https:\/\/cms.alj3.clients.lemonhq.io\/es\/news\/abdul-latif-jameel-energys-frv-announces-opening-first-solar-project-india\/#breadcrumb","itemListElement":[{"@type":"ListItem","position":1,"name":"Home","item":"https:\/\/10.0.2.222\/en\/"},{"@type":"ListItem","position":2,"name":"FRV, de Abdul Latif Jameel Energy, anuncia la apertura de su primer proyecto solar en la India."}]},{"@type":"WebSite","@id":"https:\/\/10.0.2.222\/en\/#website","url":"https:\/\/10.0.2.222\/en\/","name":"Abdul Latif Jameel","description":"","potentialAction":[{"@type":"SearchAction","target":{"@type":"EntryPoint","urlTemplate":"https:\/\/10.0.2.222\/en\/?s={search_term_string}"},"query-input":{"@type":"PropertyValueSpecification","valueRequired":true,"valueName":"search_term_string"}}],"inLanguage":"es"}]}},"post-meta-fields":{"_wp_old_slug":["abdul-latif-jameel-energys-frv-announces-opening-first-solar-project-india-2"],"_published_date":["field_6057129b493f5"],"published_date":["20181022"],"_location":["field_601267396ce72"],"location":["Yeda, Arabia Saud\u00ed"],"_featured":["field_601a3b473c5c5"],"featured":[""],"_footnotes":["field_66fd39afb9383"],"footnotes":[""],"_business_sector":["field_66f6b5bcac8cb"],"business_sector":["Servicios Medioambientales"],"_content_series":["field_66fe3c439f8f6"],"content_series":[""],"_old_post_id":["field_66fe3fd59f8f7"],"old_post_id":["18336"],"_short_title":["field_60925d67125ef"],"short_title":["FRV anuncia la apertura de su primer proyecto solar en India"],"_summary":["field_6019304103a20"],"summary":["Andhra Pradesh suministrar\u00e1 energ\u00eda a unos 35\u00a0000 hogares y evitar\u00e1 una emisi\u00f3n anual de 160\u00a0000 toneladas de gases de efecto invernadero."],"_mobile_featured_image":["field_66f6b4bee65f3"],"mobile_featured_image":["https:\/\/cms.alj3.clients.lemonhq.io\/wp-content\/themes\/alj\/assets\/images\/defaultmobilethumb.jpg"],"_push_notification":["field_66f6b47de65f1"],"push_notification":[""],"_publish_mobile":["field_66f6b491e65f2"],"publish_mobile":[""],"_status":["field_652694983fe12"],"status":["publish"],"_thumbnail_id":["2318"],"_wp_page_template":["default"],"_oembed_a67881d44086f264be1d41a123944a13":["<iframe title=\"Abdul Latif Jameel Energy opens FRV Andra Pradesh Solar Project (EN, 16:9)\" width=\"500\" height=\"281\" src=\"https:\/\/www.youtube.com\/embed\/KysNZCdTpKE?feature=oembed\" frameborder=\"0\" allow=\"accelerometer; autoplay; clipboard-write; encrypted-media; gyroscope; picture-in-picture; web-share\" referrerpolicy=\"strict-origin-when-cross-origin\" allowfullscreen><\/iframe>"],"_oembed_time_a67881d44086f264be1d41a123944a13":["1729091191"],"_oembed_ac87d571730a30db983db03a4a50adb6":["{{unknown}}"],"_wpml_word_count":["{\"total\":345,\"to_translate\":{\"ar\":345,\"zh-hans\":345,\"en\":345,\"fr\":345,\"ja\":345,\"tr\":345}}"],"_wpml_location_migration_done":["1"]},"_links":{"self":[{"href":"https:\/\/cms.alj3.clients.lemonhq.io\/es\/wp-json\/wp\/v2\/pressrelease\/2370","targetHints":{"allow":["GET"]}}],"collection":[{"href":"https:\/\/cms.alj3.clients.lemonhq.io\/es\/wp-json\/wp\/v2\/pressrelease"}],"about":[{"href":"https:\/\/cms.alj3.clients.lemonhq.io\/es\/wp-json\/wp\/v2\/types\/pressrelease"}],"wp:featuredmedia":[{"embeddable":true,"href":"https:\/\/cms.alj3.clients.lemonhq.io\/es\/wp-json\/wp\/v2\/media\/2318"}],"wp:attachment":[{"href":"https:\/\/cms.alj3.clients.lemonhq.io\/es\/wp-json\/wp\/v2\/media?parent=2370"}],"curies":[{"name":"wp","href":"https:\/\/api.w.org\/{rel}","templated":true}]}}