{"id":2054,"date":"2016-11-21T08:45:11","date_gmt":"2016-11-21T08:45:11","guid":{"rendered":"https:\/\/cms.alj3.clients.lemonhq.io\/press-release\/acquisition-of-leading-solar-developer-frv\/"},"modified":"2025-12-17T05:39:10","modified_gmt":"2025-12-17T05:39:10","slug":"acquisition-of-leading-solar-developer-frv","status":"publish","type":"pressrelease","link":"https:\/\/cms.alj3.clients.lemonhq.io\/es\/news\/acquisition-of-leading-solar-developer-frv\/","title":{"rendered":"Abdul Latif Jameel refuerza su divisi\u00f3n de energ\u00eda con la adquisici\u00f3n de Fotowatio Renewable Ventures (FRV), l\u00edder en desarrollo solar"},"content":{"rendered":"<ul>\n<li>La adquisici\u00f3n posiciona a Abdul Latif Jameel Energy and Environmental Services como la mayor empresa de desarrollo de energ\u00eda solar fotovoltaica de la regi\u00f3n CCAG (Consejo de Cooperaci\u00f3n para los Estados \u00c1rabes del Golfo) y una de las principales a nivel mundial<\/li>\n<li>La compra del 100\u00a0% de FRV permite incorporar una producci\u00f3n solar que actualmente es de 3,8\u00a0GW\u00a0cc, con experiencia demostrada en el desarrollo de plantas solares, en especial en lo referente a la financiaci\u00f3n del proyecto, la competencia en ingenier\u00eda interna, la independencia tecnol\u00f3gica y la presencia internacional<\/li>\n<li>Por su parte, Abdul Latif Jameel Energy and Environmental Services aporta un mayor acceso a los mercados, conocimientos t\u00e9cnicos y su respaldo financiero a los mercados emergentes de la energ\u00eda solar fotovoltaica en la regi\u00f3n MENAT<\/li>\n<\/ul>\n<p>Abdul Latif Jameel Energy and Environmental Services (\u00abAbdul Latif Jameel Energy and ES\u00bb) ha anunciado hoy la adquisici\u00f3n, por un importe no revelado, de Fotowatio Renewable Ventures (\u00abFRV\u00bb), uno de los l\u00edderes mundiales en el desarrollo de plantas de energ\u00eda solar. Los vendedores han sido Denham Capital, Qualitas Venture Capital y los accionistas fundadores.<\/p>\n<p>La adquisici\u00f3n de FRV por parte de Abdul Latif Jameel Energy and ES constituye el siguiente paso natural en la estrategia energ\u00e9tica plurianual de esta y supone la continuaci\u00f3n de la fruct\u00edfera agrupaci\u00f3n empresarial que ambas empresas emprendieron en enero de 2014.<\/p>\n<p>En opini\u00f3n de <a href=\"https:\/\/media.alj.com\/en\/our-people\/mohammed-abdul-latif-jameel\/\">Mohammed Abdul Latif Jameel<\/a>, presidente y director ejecutivo de Abdul Latif Jameel: &#8220;Se trata de un avance importante en nuestro negocio energ\u00e9tico y forma parte de nuestra estrategia actual. La adquisici\u00f3n es un claro mensaje de nuestra intenci\u00f3n de convertirnos en uno de los l\u00edderes mundiales en el sector de las energ\u00edas renovables y nos otorga una posici\u00f3n de liderazgo en el mercado del desarrollo de plantas de energ\u00eda solar. Proseguiremos con m\u00e1s adquisiciones en el sector de las energ\u00edas renovables a fin de apoyar la cada vez mayor demanda de energ\u00eda en la regi\u00f3n MENAT, buscando incrementar la capacidad local y dejar un legado duradero de competencia t\u00e9cnica en el sector de energ\u00eda&#8221;.<\/p>\n<p>La adquisici\u00f3n permite incorporar en propiedad la actual cartera de proyectos de FRV, de unos 3,8 GW cc. La cartera consta de una planta plenamente operativa de 24 MW cc (Royalla, en Australia) y 370 MW cc en plantas ya adjudicadas y en construcci\u00f3n (65 MW cc en La Jacinta [Uruguay], 70 MW cc en Moree [Australia], cinco plantas en Brasil que suman 175 MW cc y otra de 60 MW cc en Egipto). Los restantes 3,4 GW cc se derivan de proyectos que se hallan actualmente en distintas fases de desarrollo. Desde 2006 y hasta la fecha, FRV hab\u00eda desarrollado y traspasado alrededor de 1,7 GW cc, principalmente en proyectos radicados en Estados Unidos, Espa\u00f1a e Italia.<\/p>\n<p>Roberto de Diego Arozamena, director ejecutivo de Abdul Latif Jameel Energy and ES, ha afirmado al respecto: &#8220;La adquisici\u00f3n de FRV fortalece nuestra posici\u00f3n en el sector solar fotovoltaico, de cara a nuestro objetivo de convertirnos en un productor independiente de energ\u00eda. Nuestra decisi\u00f3n de adquirir FRV se bas\u00f3 en la especificidad de sus cualidades, en su posici\u00f3n pionera en el desarrollo de plantas de generaci\u00f3n solar fotovoltaica y en su filosof\u00eda tecnol\u00f3gica independiente. FRV nos aporta su experiencia de desarrollo operativo en el mercado solar fotovoltaico, con competencias demostradas en financiaci\u00f3n de proyectos, ingenier\u00eda interna y contrataci\u00f3n. Esta adquisici\u00f3n tambi\u00e9n fortalece nuestra posici\u00f3n de mercado, puesto que podemos optar a nuevos negocios partiendo de una plataforma m\u00e1s amplia y desarrollada&#8221;.<\/p>\n<p>&#8220;Uestra estrategia se orienta hacia las energ\u00edas renovables (solar, e\u00f3lica, recuperaci\u00f3n de energ\u00eda a partir de residuos, hidroel\u00e9ctrica) y los servicios medioambientales, como la gesti\u00f3n de residuos. La adquisici\u00f3n de FRV es una evidencia tangible de nuestros progresos para establecernos en el sector de la energ\u00eda a escala global. FRV es el socio id\u00f3neo para fortalecer nuestra actividad empresarial en el sector de la energ\u00eda, dada su posici\u00f3n consolidada como l\u00edder internacional en el desarrollo de proyectos solares a gran escala, con experiencia en tecnolog\u00eda solar t\u00e9rmica y fotovoltaica. Estoy seguro de que, en nuestras manos, FRV experimentar\u00e1 un crecimiento exponencial como parte de Abdul Latif Jameel Energy and Environmental Services.&#8221;<\/p>\n<p>FRV tiene actualmente una cartera de proyectos de 3,8 GW cc en mercados emergentes para la energ\u00eda solar, como Oriente Medio, Australia, \u00c1frica y Latinoam\u00e9rica. Una potencia de 3,8 GW cc equivale a generar electricidad suficiente como para abastecer a aproximadamente 1,75 millones de hogares y evitar alrededor de seis millones de toneladas de emisiones de CO2.<\/p>\n<p>Rafael Benjumea, director ejecutivo de FRV, ha se\u00f1alado: \u00abNuestra trayectoria internacional, respaldada por la fortaleza financiera de Abdul Latif Jameel Energy and Environmental Services y su presencia en toda la regi\u00f3n MENAT, aumentar\u00e1 de manera significativa nuestra capacidad para generar escala, tener mayor alcance geogr\u00e1fico y asentar nuestro liderazgo en la diversificaci\u00f3n de la producci\u00f3n energ\u00e9tica nacional en mercados estrat\u00e9gicos de todo el mundo. Quisiera agradecer a Denham Capital y a Qualitas Venture Capital su apoyo en el desarrollo de la actividad empresarial de FRV durante los \u00faltimos tres a\u00f1os\u00bb.<\/p>\n<p>Scott Mackin, socio director y copresidente de Denham Capital: &#8220;Para Denham Capital ha sido un placer tener como socio empresarial a la gente de FRV durante casi tres a\u00f1os. Ha sido una inversi\u00f3n sumamente acertada. La empresa mantiene una posici\u00f3n s\u00f3lida para seguir creciendo en todo el mundo con su nuevo socio empresarial, puesto que Rafael, Jos\u00e9 y sus compa\u00f1eros se han hecho con una posici\u00f3n de liderazgo en mercados emergentes decisivos, en los que los costes de la energ\u00eda solar son inferiores al coste marginal de la electricidad. Hemos disfrutado enormemente de nuestra relaci\u00f3n de colaboraci\u00f3n con todo el equipo y esperamos que FRV siga con su \u00e9xito en el future&#8221;.<\/p>\n<p>Abdul Latif Jameel Energy and Environmental Services mantendr\u00e1 el nombre de FRV, ya que se ha convertido en una marca reconocida en el desarrollo de la energ\u00eda solar. Asimismo, mantendr\u00e1 toda la plantilla de FRV, que cuenta con unos 70 especialistas en todos los campos de la energ\u00eda solar fotovoltaica.<\/p>\n","protected":false},"featured_media":2056,"menu_order":0,"template":"","class_list":["post-2054","pressrelease","type-pressrelease","status-publish","has-post-thumbnail","hentry"],"acf":[],"yoast_head":"<!-- This site is optimized with the Yoast SEO plugin v26.5 - https:\/\/yoast.com\/wordpress\/plugins\/seo\/ -->\n<title>Abdul Latif Jameel refuerza su divisi\u00f3n de energ\u00eda con la adquisici\u00f3n de Fotowatio Renewable Ventures (FRV), l\u00edder en desarrollo solar - Abdul Latif Jameel<\/title>\n<meta name=\"robots\" content=\"noindex, follow, max-snippet:-1, max-image-preview:large, max-video-preview:-1\" \/>\n<meta property=\"og:locale\" content=\"es_ES\" \/>\n<meta property=\"og:type\" content=\"article\" \/>\n<meta property=\"og:title\" content=\"Abdul Latif Jameel refuerza su divisi\u00f3n de energ\u00eda con la adquisici\u00f3n de Fotowatio Renewable Ventures (FRV), l\u00edder en desarrollo solar - Abdul Latif Jameel\" \/>\n<meta property=\"og:description\" content=\"La adquisici\u00f3n posiciona a Abdul Latif Jameel Energy and Environmental Services como la mayor empresa de desarrollo de energ\u00eda solar fotovoltaica de la regi\u00f3n CCAG (Consejo de Cooperaci\u00f3n para los Estados \u00c1rabes del Golfo) y una de las principales a nivel mundial La compra del 100\u00a0% de FRV permite incorporar una producci\u00f3n solar que actualmente [&hellip;]\" \/>\n<meta property=\"og:url\" content=\"https:\/\/cms.alj3.clients.lemonhq.io\/es\/news\/acquisition-of-leading-solar-developer-frv\/\" \/>\n<meta property=\"og:site_name\" content=\"Abdul Latif Jameel\" \/>\n<meta property=\"article:modified_time\" content=\"2025-12-17T05:39:10+00:00\" \/>\n<meta property=\"og:image\" content=\"https:\/\/media.alj3.clients.lemonhq.io\/wp-content\/uploads\/2024\/10\/left_to_right_-_rafael_benjumea_ceo_of_frv_and_roberto_de_diego_arozamena_ceo_of_abdul_latif_jameel_energy_and_environmental_services2.jpg\" \/>\n\t<meta property=\"og:image:width\" content=\"1618\" \/>\n\t<meta property=\"og:image:height\" content=\"971\" \/>\n\t<meta property=\"og:image:type\" content=\"image\/jpeg\" \/>\n<meta name=\"twitter:card\" content=\"summary_large_image\" \/>\n<meta name=\"twitter:label1\" content=\"Tiempo de lectura\" \/>\n\t<meta name=\"twitter:data1\" content=\"5 minutos\" \/>\n<script type=\"application\/ld+json\" class=\"yoast-schema-graph\">{\"@context\":\"https:\/\/schema.org\",\"@graph\":[{\"@type\":\"WebPage\",\"@id\":\"https:\/\/cms.alj3.clients.lemonhq.io\/es\/news\/acquisition-of-leading-solar-developer-frv\/\",\"url\":\"https:\/\/cms.alj3.clients.lemonhq.io\/es\/news\/acquisition-of-leading-solar-developer-frv\/\",\"name\":\"Abdul Latif Jameel refuerza su divisi\u00f3n de energ\u00eda con la adquisici\u00f3n de Fotowatio Renewable Ventures (FRV), l\u00edder en desarrollo solar - Abdul Latif Jameel\",\"isPartOf\":{\"@id\":\"https:\/\/10.0.2.222\/en\/#website\"},\"primaryImageOfPage\":{\"@id\":\"https:\/\/cms.alj3.clients.lemonhq.io\/es\/news\/acquisition-of-leading-solar-developer-frv\/#primaryimage\"},\"image\":{\"@id\":\"https:\/\/cms.alj3.clients.lemonhq.io\/es\/news\/acquisition-of-leading-solar-developer-frv\/#primaryimage\"},\"thumbnailUrl\":\"https:\/\/media.alj3.clients.lemonhq.io\/wp-content\/uploads\/2024\/10\/left_to_right_-_rafael_benjumea_ceo_of_frv_and_roberto_de_diego_arozamena_ceo_of_abdul_latif_jameel_energy_and_environmental_services2.jpg\",\"datePublished\":\"2016-11-21T08:45:11+00:00\",\"dateModified\":\"2025-12-17T05:39:10+00:00\",\"breadcrumb\":{\"@id\":\"https:\/\/cms.alj3.clients.lemonhq.io\/es\/news\/acquisition-of-leading-solar-developer-frv\/#breadcrumb\"},\"inLanguage\":\"es\",\"potentialAction\":[{\"@type\":\"ReadAction\",\"target\":[\"https:\/\/cms.alj3.clients.lemonhq.io\/es\/news\/acquisition-of-leading-solar-developer-frv\/\"]}]},{\"@type\":\"ImageObject\",\"inLanguage\":\"es\",\"@id\":\"https:\/\/cms.alj3.clients.lemonhq.io\/es\/news\/acquisition-of-leading-solar-developer-frv\/#primaryimage\",\"url\":\"https:\/\/media.alj3.clients.lemonhq.io\/wp-content\/uploads\/2024\/10\/left_to_right_-_rafael_benjumea_ceo_of_frv_and_roberto_de_diego_arozamena_ceo_of_abdul_latif_jameel_energy_and_environmental_services2.jpg\",\"contentUrl\":\"https:\/\/media.alj3.clients.lemonhq.io\/wp-content\/uploads\/2024\/10\/left_to_right_-_rafael_benjumea_ceo_of_frv_and_roberto_de_diego_arozamena_ceo_of_abdul_latif_jameel_energy_and_environmental_services2.jpg\",\"width\":1618,\"height\":971},{\"@type\":\"BreadcrumbList\",\"@id\":\"https:\/\/cms.alj3.clients.lemonhq.io\/es\/news\/acquisition-of-leading-solar-developer-frv\/#breadcrumb\",\"itemListElement\":[{\"@type\":\"ListItem\",\"position\":1,\"name\":\"Home\",\"item\":\"https:\/\/10.0.2.222\/en\/\"},{\"@type\":\"ListItem\",\"position\":2,\"name\":\"Abdul Latif Jameel refuerza su divisi\u00f3n de energ\u00eda con la adquisici\u00f3n de Fotowatio Renewable Ventures (FRV), l\u00edder en desarrollo solar\"}]},{\"@type\":\"WebSite\",\"@id\":\"https:\/\/10.0.2.222\/en\/#website\",\"url\":\"https:\/\/10.0.2.222\/en\/\",\"name\":\"Abdul Latif Jameel\",\"description\":\"\",\"potentialAction\":[{\"@type\":\"SearchAction\",\"target\":{\"@type\":\"EntryPoint\",\"urlTemplate\":\"https:\/\/10.0.2.222\/en\/?s={search_term_string}\"},\"query-input\":{\"@type\":\"PropertyValueSpecification\",\"valueRequired\":true,\"valueName\":\"search_term_string\"}}],\"inLanguage\":\"es\"}]}<\/script>\n<!-- \/ Yoast SEO plugin. -->","yoast_head_json":{"title":"Abdul Latif Jameel refuerza su divisi\u00f3n de energ\u00eda con la adquisici\u00f3n de Fotowatio Renewable Ventures (FRV), l\u00edder en desarrollo solar - Abdul Latif Jameel","robots":{"index":"noindex","follow":"follow","max-snippet":"max-snippet:-1","max-image-preview":"max-image-preview:large","max-video-preview":"max-video-preview:-1"},"og_locale":"es_ES","og_type":"article","og_title":"Abdul Latif Jameel refuerza su divisi\u00f3n de energ\u00eda con la adquisici\u00f3n de Fotowatio Renewable Ventures (FRV), l\u00edder en desarrollo solar - Abdul Latif Jameel","og_description":"La adquisici\u00f3n posiciona a Abdul Latif Jameel Energy and Environmental Services como la mayor empresa de desarrollo de energ\u00eda solar fotovoltaica de la regi\u00f3n CCAG (Consejo de Cooperaci\u00f3n para los Estados \u00c1rabes del Golfo) y una de las principales a nivel mundial La compra del 100\u00a0% de FRV permite incorporar una producci\u00f3n solar que actualmente [&hellip;]","og_url":"https:\/\/cms.alj3.clients.lemonhq.io\/es\/news\/acquisition-of-leading-solar-developer-frv\/","og_site_name":"Abdul Latif Jameel","article_modified_time":"2025-12-17T05:39:10+00:00","og_image":[{"width":1618,"height":971,"url":"https:\/\/media.alj3.clients.lemonhq.io\/wp-content\/uploads\/2024\/10\/left_to_right_-_rafael_benjumea_ceo_of_frv_and_roberto_de_diego_arozamena_ceo_of_abdul_latif_jameel_energy_and_environmental_services2.jpg","type":"image\/jpeg"}],"twitter_card":"summary_large_image","twitter_misc":{"Tiempo de lectura":"5 minutos"},"schema":{"@context":"https:\/\/schema.org","@graph":[{"@type":"WebPage","@id":"https:\/\/cms.alj3.clients.lemonhq.io\/es\/news\/acquisition-of-leading-solar-developer-frv\/","url":"https:\/\/cms.alj3.clients.lemonhq.io\/es\/news\/acquisition-of-leading-solar-developer-frv\/","name":"Abdul Latif Jameel refuerza su divisi\u00f3n de energ\u00eda con la adquisici\u00f3n de Fotowatio Renewable Ventures (FRV), l\u00edder en desarrollo solar - Abdul Latif Jameel","isPartOf":{"@id":"https:\/\/10.0.2.222\/en\/#website"},"primaryImageOfPage":{"@id":"https:\/\/cms.alj3.clients.lemonhq.io\/es\/news\/acquisition-of-leading-solar-developer-frv\/#primaryimage"},"image":{"@id":"https:\/\/cms.alj3.clients.lemonhq.io\/es\/news\/acquisition-of-leading-solar-developer-frv\/#primaryimage"},"thumbnailUrl":"https:\/\/media.alj3.clients.lemonhq.io\/wp-content\/uploads\/2024\/10\/left_to_right_-_rafael_benjumea_ceo_of_frv_and_roberto_de_diego_arozamena_ceo_of_abdul_latif_jameel_energy_and_environmental_services2.jpg","datePublished":"2016-11-21T08:45:11+00:00","dateModified":"2025-12-17T05:39:10+00:00","breadcrumb":{"@id":"https:\/\/cms.alj3.clients.lemonhq.io\/es\/news\/acquisition-of-leading-solar-developer-frv\/#breadcrumb"},"inLanguage":"es","potentialAction":[{"@type":"ReadAction","target":["https:\/\/cms.alj3.clients.lemonhq.io\/es\/news\/acquisition-of-leading-solar-developer-frv\/"]}]},{"@type":"ImageObject","inLanguage":"es","@id":"https:\/\/cms.alj3.clients.lemonhq.io\/es\/news\/acquisition-of-leading-solar-developer-frv\/#primaryimage","url":"https:\/\/media.alj3.clients.lemonhq.io\/wp-content\/uploads\/2024\/10\/left_to_right_-_rafael_benjumea_ceo_of_frv_and_roberto_de_diego_arozamena_ceo_of_abdul_latif_jameel_energy_and_environmental_services2.jpg","contentUrl":"https:\/\/media.alj3.clients.lemonhq.io\/wp-content\/uploads\/2024\/10\/left_to_right_-_rafael_benjumea_ceo_of_frv_and_roberto_de_diego_arozamena_ceo_of_abdul_latif_jameel_energy_and_environmental_services2.jpg","width":1618,"height":971},{"@type":"BreadcrumbList","@id":"https:\/\/cms.alj3.clients.lemonhq.io\/es\/news\/acquisition-of-leading-solar-developer-frv\/#breadcrumb","itemListElement":[{"@type":"ListItem","position":1,"name":"Home","item":"https:\/\/10.0.2.222\/en\/"},{"@type":"ListItem","position":2,"name":"Abdul Latif Jameel refuerza su divisi\u00f3n de energ\u00eda con la adquisici\u00f3n de Fotowatio Renewable Ventures (FRV), l\u00edder en desarrollo solar"}]},{"@type":"WebSite","@id":"https:\/\/10.0.2.222\/en\/#website","url":"https:\/\/10.0.2.222\/en\/","name":"Abdul Latif Jameel","description":"","potentialAction":[{"@type":"SearchAction","target":{"@type":"EntryPoint","urlTemplate":"https:\/\/10.0.2.222\/en\/?s={search_term_string}"},"query-input":{"@type":"PropertyValueSpecification","valueRequired":true,"valueName":"search_term_string"}}],"inLanguage":"es"}]}},"post-meta-fields":{"_published_date":["field_6057129b493f5"],"published_date":["20150408"],"_location":["field_601267396ce72"],"location":["Dub\u00e1i, Emiratos \u00c1rabes Unidos"],"_featured":["field_601a3b473c5c5"],"featured":[""],"_footnotes":["field_66fd39afb9383"],"footnotes":[""],"_business_sector":["field_66f6b5bcac8cb"],"business_sector":["Energ\u00eda"],"_content_series":["field_66fe3c439f8f6"],"content_series":[""],"_old_post_id":["field_66fe3fd59f8f7"],"old_post_id":["11866"],"_short_title":["field_60925d67125ef"],"short_title":["Abdul Latif Jameel Energy adquiere FRV"],"_summary":["field_6019304103a20"],"summary":["Abdul Latif Jameel Energy and Environmental Services anuncia la adquisici\u00f3n de Fotowatio Renewable Ventures (FRV), l\u00edder mundial en el desarrollo de..."],"_mobile_featured_image":["field_66f6b4bee65f3"],"mobile_featured_image":["https:\/\/cms.alj3.clients.lemonhq.io\/wp-content\/themes\/alj\/assets\/images\/defaultmobilethumb.jpg"],"_push_notification":["field_66f6b47de65f1"],"push_notification":[""],"_publish_mobile":["field_66f6b491e65f2"],"publish_mobile":[""],"_status":["field_652694983fe12"],"status":["publish"],"_thumbnail_id":["2056"],"_wp_page_template":["default"],"_wpml_word_count":["{\"total\":1028,\"to_translate\":{\"ar\":1028,\"zh-hans\":1028,\"en\":1028,\"fr\":1028,\"ja\":1028,\"tr\":1028}}"],"_wpml_location_migration_done":["1"]},"_links":{"self":[{"href":"https:\/\/cms.alj3.clients.lemonhq.io\/es\/wp-json\/wp\/v2\/pressrelease\/2054","targetHints":{"allow":["GET"]}}],"collection":[{"href":"https:\/\/cms.alj3.clients.lemonhq.io\/es\/wp-json\/wp\/v2\/pressrelease"}],"about":[{"href":"https:\/\/cms.alj3.clients.lemonhq.io\/es\/wp-json\/wp\/v2\/types\/pressrelease"}],"wp:featuredmedia":[{"embeddable":true,"href":"https:\/\/cms.alj3.clients.lemonhq.io\/es\/wp-json\/wp\/v2\/media\/2056"}],"wp:attachment":[{"href":"https:\/\/cms.alj3.clients.lemonhq.io\/es\/wp-json\/wp\/v2\/media?parent=2054"}],"curies":[{"name":"wp","href":"https:\/\/api.w.org\/{rel}","templated":true}]}}