{"id":4191,"date":"2022-07-01T10:50:29","date_gmt":"2022-07-01T10:50:29","guid":{"rendered":"https:\/\/cms.alj3.clients.lemonhq.io\/press-release\/abdul-latif-jameel-energys-frv-inaugurates-san-servan-220\/"},"modified":"2025-12-09T09:04:20","modified_gmt":"2025-12-09T09:04:20","slug":"abdul-latif-jameel-energys-frv-inaugurates-san-servan-220","status":"publish","type":"pressrelease","link":"https:\/\/cms.alj3.clients.lemonhq.io\/en\/news\/abdul-latif-jameel-energys-frv-inaugurates-san-servan-220\/","title":{"rendered":"Abdul Latif Jameel Energy&#8217;s FRV inaugurates San Serv\u00e1n 220"},"content":{"rendered":"\n<ul class=\"wp-block-list\">\n<li>FRV today inaugurated the San Serv\u00e1n 220 photovoltaic complex in Solana de los Barros, Badajoz, with a surface area of 255 hectares and a total capacity of 130 megawatts (MW).<\/li>\n\n\n\n<li>San Serv\u00e1n 220 will produce 291,000 MWh of clean energy per year, enough to supply around 88,500 Spanish homes and avoid the emission of 216,000 tons of CO<sub>2<\/sub>.<\/li>\n\n\n\n<li>The event was attended by the Regional Government of Extremadura, the Town Council of Solana de los Barros and the ambassadors of the European Union countries in Spain, who planted 29 olive trees as a symbol of bonding between the EU and Extremadura.<\/li>\n<\/ul>\n\n\n\n<p><a href=\"https:\/\/frv.com\/\">Fotowatio Renewable Ventures<\/a>, part of <a href=\"https:\/\/www.alj.com\/en\/energy-and-environmental-services\/energy-overview\/\">Abdul Latif Jameel Energy<\/a>, a world leader in the development of sustainable energy solutions, today inaugurated the San Serv\u00e1n 220 photovoltaic complex in the province of Badajoz, in a ceremony attended by the Regional Government of Extremadura, local authorities and 22 of the 27 ambassadors of the European Union in Spain.<\/p>\n\n\n<figure class=\"wp-block-embed is-type-video is-provider-youtube wp-block-embed-youtube wp-embed-aspect-16-9 wp-has-aspect-ratio\"><div class=\"wp-block-embed__wrapper\">https:\/\/www.youtube.com\/embed\/n4GIH-NVgVs<\/div><\/figure>\n\n\n<p>Located in Solana de los Barros, near the city of M\u00e9rida, San Serv\u00e1n 220 will have a total capacity of 130 megawatts (MW) and will produce close to 300 GWh (291,000 MWh) of clean energy per year, enough to supply around 88,500 Spanish homes and avoid the emission of 216,000 tons of carbon dioxide (CO<sub>2<\/sub>).<\/p>\n\n\n\n<p>San Serv\u00e1n 220, which already produces clean energy, occupies an area of 255 hectares and consists of three plants -San Serv\u00e1n 6, 7 and 8. &nbsp;FRV continues to successfully develop its presence in Extremadura, one of the Company&#8217;s strategic regions of Spain and continues with its ambition to act as a driving force for the local economy by generating direct jobs related to operations and maintenance, as well as indirect jobs in the surrounding area.<\/p>\n\n\n<div class=\"wp-block-image\">\n<figure class=\"aligncenter\"><img decoding=\"async\" src=\"https:\/\/media.alj3.clients.lemonhq.io\/wp-content\/uploads\/2024\/10\/FRV-1-1.jpg\" alt=\"FRV inauguration San Servan 220\" class=\"wp-image-99962\"\/><\/figure>\n<\/div>\n\n\n<p><\/p>\n\n\n\n<p>The event was attended by numerous authorities, including Olga Garc\u00eda Garc\u00eda, Councilor for Ecological Transition and Sustainability of the Regional Government of Extremadura; \u00c1ngel S\u00e1nchez, Coordinator of Sustainable Development of the General Directorate of Sustainability of the Ministry of Ecological Transition of the Regional Government of Extremadura; and Mar\u00eda Dolores G\u00f3mez, Mayor of Solana de los Barros.<\/p>\n\n\n\n<p>During her speech, Councilor for Ecological Transition and Sustainability, Olga Garc\u00eda, highlighted that the Regional Government of Extremadura continues to plan and execute its economic development strategy with a sustainably driven approach to offer a future alternative for future generations.<\/p>\n\n\n\n<blockquote class=\"wp-block-quote is-layout-flow wp-block-quote-is-layout-flow\">\n<p><em>&#8220;With renewable energies, Extremadura gains in competitiveness. &nbsp;In addition, photovoltaic generation enables lower electricity costs, and this positioning represents an opportunity to attract industrial initiatives to the region.&#8221;<\/em><\/p>\n<\/blockquote>\n\n\n\n<p>One of the most significant moments of the day was the planting of 29 olive trees (representing the European Union, its 27 member states and the region of Extremadura) as a symbol of bonding with Extremadura, by the ambassadors of the European Union countries in Spain who were invited by the Regional Government of Extremadura.<\/p>\n\n\n<div class=\"wp-block-image\">\n<figure class=\"aligncenter\"><img decoding=\"async\" src=\"https:\/\/media.alj3.clients.lemonhq.io\/wp-content\/uploads\/2024\/10\/FRV-3-1.jpg\" alt=\"FRV inauguration San Servan 220\" class=\"wp-image-99976\"\/><\/figure>\n<\/div>\n\n\n<p><\/p>\n\n\n\n<p><a href=\"https:\/\/www.linkedin.com\/in\/fernando-salinas-loring-a0570211\/\" target=\"_blank\" rel=\"noopener\">Fernando Salinas<\/a>, Managing Director, FRV Iberia, said:<\/p>\n\n\n\n<blockquote class=\"wp-block-quote is-layout-flow wp-block-quote-is-layout-flow\">\n<p><em>&#8220;With San Serv\u00e1n 220, we consolidate our presence in such a key region with so much potential for solar energy generation as Extremadura, and we are very proud of all the support received from the Regional Government of Extremadura, and that it has chosen our facilities to stage its link with the European Union.&#8221;<\/em><\/p>\n<\/blockquote>\n\n\n<div class=\"wp-block-image\">\n<figure class=\"aligncenter\"><img decoding=\"async\" src=\"https:\/\/media.alj3.clients.lemonhq.io\/wp-content\/uploads\/2024\/10\/FRV-4-1.jpg\" alt=\"FRV inaugurates San Servan 220\" class=\"wp-image-99983\"\/><\/figure>\n<\/div>\n\n\n<p><\/p>\n","protected":false},"featured_media":4193,"menu_order":0,"template":"","class_list":["post-4191","pressrelease","type-pressrelease","status-publish","has-post-thumbnail","hentry"],"acf":[],"yoast_head":"<!-- This site is optimized with the Yoast SEO plugin v26.5 - https:\/\/yoast.com\/wordpress\/plugins\/seo\/ -->\n<title>Abdul Latif Jameel Energy&#039;s FRV inaugurates San Serv\u00e1n 220 - Abdul Latif Jameel<\/title>\n<meta name=\"robots\" content=\"noindex, follow, max-snippet:-1, max-image-preview:large, max-video-preview:-1\" \/>\n<meta property=\"og:locale\" content=\"en_US\" \/>\n<meta property=\"og:type\" content=\"article\" \/>\n<meta property=\"og:title\" content=\"Abdul Latif Jameel Energy&#039;s FRV inaugurates San Serv\u00e1n 220 - Abdul Latif Jameel\" \/>\n<meta property=\"og:description\" content=\"Fotowatio Renewable Ventures, part of Abdul Latif Jameel Energy, a world leader in the development of sustainable energy solutions, today inaugurated the San Serv\u00e1n 220 photovoltaic complex in the province of Badajoz, in a ceremony attended by the Regional Government of Extremadura, local authorities and 22 of the 27 ambassadors of the European Union in [&hellip;]\" \/>\n<meta property=\"og:url\" content=\"https:\/\/cms.alj3.clients.lemonhq.io\/en\/news\/abdul-latif-jameel-energys-frv-inaugurates-san-servan-220\/\" \/>\n<meta property=\"og:site_name\" content=\"Abdul Latif Jameel\" \/>\n<meta property=\"article:modified_time\" content=\"2025-12-09T09:04:20+00:00\" \/>\n<meta property=\"og:image\" content=\"https:\/\/media.alj3.clients.lemonhq.io\/wp-content\/uploads\/2024\/10\/FRV-2.jpg\" \/>\n\t<meta property=\"og:image:width\" content=\"2121\" \/>\n\t<meta property=\"og:image:height\" content=\"1414\" \/>\n\t<meta property=\"og:image:type\" content=\"image\/jpeg\" \/>\n<meta name=\"twitter:card\" content=\"summary_large_image\" \/>\n<meta name=\"twitter:label1\" content=\"Est. reading time\" \/>\n\t<meta name=\"twitter:data1\" content=\"3 minutes\" \/>\n<script type=\"application\/ld+json\" class=\"yoast-schema-graph\">{\"@context\":\"https:\/\/schema.org\",\"@graph\":[{\"@type\":\"WebPage\",\"@id\":\"https:\/\/cms.alj3.clients.lemonhq.io\/en\/news\/abdul-latif-jameel-energys-frv-inaugurates-san-servan-220\/\",\"url\":\"https:\/\/cms.alj3.clients.lemonhq.io\/en\/news\/abdul-latif-jameel-energys-frv-inaugurates-san-servan-220\/\",\"name\":\"Abdul Latif Jameel Energy's FRV inaugurates San Serv\u00e1n 220 - Abdul Latif Jameel\",\"isPartOf\":{\"@id\":\"https:\/\/10.0.2.222\/en\/#website\"},\"primaryImageOfPage\":{\"@id\":\"https:\/\/cms.alj3.clients.lemonhq.io\/en\/news\/abdul-latif-jameel-energys-frv-inaugurates-san-servan-220\/#primaryimage\"},\"image\":{\"@id\":\"https:\/\/cms.alj3.clients.lemonhq.io\/en\/news\/abdul-latif-jameel-energys-frv-inaugurates-san-servan-220\/#primaryimage\"},\"thumbnailUrl\":\"https:\/\/media.alj3.clients.lemonhq.io\/wp-content\/uploads\/2024\/10\/FRV-2.jpg\",\"datePublished\":\"2022-07-01T10:50:29+00:00\",\"dateModified\":\"2025-12-09T09:04:20+00:00\",\"breadcrumb\":{\"@id\":\"https:\/\/cms.alj3.clients.lemonhq.io\/en\/news\/abdul-latif-jameel-energys-frv-inaugurates-san-servan-220\/#breadcrumb\"},\"inLanguage\":\"en-US\",\"potentialAction\":[{\"@type\":\"ReadAction\",\"target\":[\"https:\/\/cms.alj3.clients.lemonhq.io\/en\/news\/abdul-latif-jameel-energys-frv-inaugurates-san-servan-220\/\"]}]},{\"@type\":\"ImageObject\",\"inLanguage\":\"en-US\",\"@id\":\"https:\/\/cms.alj3.clients.lemonhq.io\/en\/news\/abdul-latif-jameel-energys-frv-inaugurates-san-servan-220\/#primaryimage\",\"url\":\"https:\/\/media.alj3.clients.lemonhq.io\/wp-content\/uploads\/2024\/10\/FRV-2.jpg\",\"contentUrl\":\"https:\/\/media.alj3.clients.lemonhq.io\/wp-content\/uploads\/2024\/10\/FRV-2.jpg\",\"width\":2121,\"height\":1414},{\"@type\":\"BreadcrumbList\",\"@id\":\"https:\/\/cms.alj3.clients.lemonhq.io\/en\/news\/abdul-latif-jameel-energys-frv-inaugurates-san-servan-220\/#breadcrumb\",\"itemListElement\":[{\"@type\":\"ListItem\",\"position\":1,\"name\":\"Home\",\"item\":\"https:\/\/10.0.2.222\/en\/\"},{\"@type\":\"ListItem\",\"position\":2,\"name\":\"Abdul Latif Jameel Energy&#8217;s FRV inaugurates San Serv\u00e1n 220\"}]},{\"@type\":\"WebSite\",\"@id\":\"https:\/\/10.0.2.222\/en\/#website\",\"url\":\"https:\/\/10.0.2.222\/en\/\",\"name\":\"Abdul Latif Jameel\",\"description\":\"\",\"potentialAction\":[{\"@type\":\"SearchAction\",\"target\":{\"@type\":\"EntryPoint\",\"urlTemplate\":\"https:\/\/10.0.2.222\/en\/?s={search_term_string}\"},\"query-input\":{\"@type\":\"PropertyValueSpecification\",\"valueRequired\":true,\"valueName\":\"search_term_string\"}}],\"inLanguage\":\"en-US\"}]}<\/script>\n<!-- \/ Yoast SEO plugin. -->","yoast_head_json":{"title":"Abdul Latif Jameel Energy's FRV inaugurates San Serv\u00e1n 220 - Abdul Latif Jameel","robots":{"index":"noindex","follow":"follow","max-snippet":"max-snippet:-1","max-image-preview":"max-image-preview:large","max-video-preview":"max-video-preview:-1"},"og_locale":"en_US","og_type":"article","og_title":"Abdul Latif Jameel Energy's FRV inaugurates San Serv\u00e1n 220 - Abdul Latif Jameel","og_description":"Fotowatio Renewable Ventures, part of Abdul Latif Jameel Energy, a world leader in the development of sustainable energy solutions, today inaugurated the San Serv\u00e1n 220 photovoltaic complex in the province of Badajoz, in a ceremony attended by the Regional Government of Extremadura, local authorities and 22 of the 27 ambassadors of the European Union in [&hellip;]","og_url":"https:\/\/cms.alj3.clients.lemonhq.io\/en\/news\/abdul-latif-jameel-energys-frv-inaugurates-san-servan-220\/","og_site_name":"Abdul Latif Jameel","article_modified_time":"2025-12-09T09:04:20+00:00","og_image":[{"width":2121,"height":1414,"url":"https:\/\/media.alj3.clients.lemonhq.io\/wp-content\/uploads\/2024\/10\/FRV-2.jpg","type":"image\/jpeg"}],"twitter_card":"summary_large_image","twitter_misc":{"Est. reading time":"3 minutes"},"schema":{"@context":"https:\/\/schema.org","@graph":[{"@type":"WebPage","@id":"https:\/\/cms.alj3.clients.lemonhq.io\/en\/news\/abdul-latif-jameel-energys-frv-inaugurates-san-servan-220\/","url":"https:\/\/cms.alj3.clients.lemonhq.io\/en\/news\/abdul-latif-jameel-energys-frv-inaugurates-san-servan-220\/","name":"Abdul Latif Jameel Energy's FRV inaugurates San Serv\u00e1n 220 - Abdul Latif Jameel","isPartOf":{"@id":"https:\/\/10.0.2.222\/en\/#website"},"primaryImageOfPage":{"@id":"https:\/\/cms.alj3.clients.lemonhq.io\/en\/news\/abdul-latif-jameel-energys-frv-inaugurates-san-servan-220\/#primaryimage"},"image":{"@id":"https:\/\/cms.alj3.clients.lemonhq.io\/en\/news\/abdul-latif-jameel-energys-frv-inaugurates-san-servan-220\/#primaryimage"},"thumbnailUrl":"https:\/\/media.alj3.clients.lemonhq.io\/wp-content\/uploads\/2024\/10\/FRV-2.jpg","datePublished":"2022-07-01T10:50:29+00:00","dateModified":"2025-12-09T09:04:20+00:00","breadcrumb":{"@id":"https:\/\/cms.alj3.clients.lemonhq.io\/en\/news\/abdul-latif-jameel-energys-frv-inaugurates-san-servan-220\/#breadcrumb"},"inLanguage":"en-US","potentialAction":[{"@type":"ReadAction","target":["https:\/\/cms.alj3.clients.lemonhq.io\/en\/news\/abdul-latif-jameel-energys-frv-inaugurates-san-servan-220\/"]}]},{"@type":"ImageObject","inLanguage":"en-US","@id":"https:\/\/cms.alj3.clients.lemonhq.io\/en\/news\/abdul-latif-jameel-energys-frv-inaugurates-san-servan-220\/#primaryimage","url":"https:\/\/media.alj3.clients.lemonhq.io\/wp-content\/uploads\/2024\/10\/FRV-2.jpg","contentUrl":"https:\/\/media.alj3.clients.lemonhq.io\/wp-content\/uploads\/2024\/10\/FRV-2.jpg","width":2121,"height":1414},{"@type":"BreadcrumbList","@id":"https:\/\/cms.alj3.clients.lemonhq.io\/en\/news\/abdul-latif-jameel-energys-frv-inaugurates-san-servan-220\/#breadcrumb","itemListElement":[{"@type":"ListItem","position":1,"name":"Home","item":"https:\/\/10.0.2.222\/en\/"},{"@type":"ListItem","position":2,"name":"Abdul Latif Jameel Energy&#8217;s FRV inaugurates San Serv\u00e1n 220"}]},{"@type":"WebSite","@id":"https:\/\/10.0.2.222\/en\/#website","url":"https:\/\/10.0.2.222\/en\/","name":"Abdul Latif Jameel","description":"","potentialAction":[{"@type":"SearchAction","target":{"@type":"EntryPoint","urlTemplate":"https:\/\/10.0.2.222\/en\/?s={search_term_string}"},"query-input":{"@type":"PropertyValueSpecification","valueRequired":true,"valueName":"search_term_string"}}],"inLanguage":"en-US"}]}},"post-meta-fields":{"_published_date":["field_6057129b493f5"],"published_date":["20220701"],"_location":["field_601267396ce72"],"location":["Madrid, Spain"],"_featured":["field_601a3b473c5c5"],"featured":["1"],"_footnotes":["field_66fd39afb9383"],"footnotes":[""],"_business_sector":["field_66f6b5bcac8cb"],"business_sector":["Energy"],"_content_series":["field_66fe3c439f8f6"],"content_series":[""],"_old_post_id":["field_66fe3fd59f8f7"],"old_post_id":["99953"],"_short_title":["field_60925d67125ef"],"short_title":["FRV inaugurates San Serv\u00e1n 220"],"_summary":["field_6019304103a20"],"summary":["Fotowatio Renewable Ventures, part of Abdul Latif Jameel Energy, inaugurated the San Serv\u00e1n 220 photovoltaic complex in the province of Badajoz, in a ceremony attended by the Regional Government of Extremadura, local authorities and 22 of the 27 ambassadors of the European Union in Spain."],"_mobile_featured_image":["field_66f6b4bee65f3"],"mobile_featured_image":["https:\/\/media.alj3.clients.lemonhq.io\/wp-content\/uploads\/2024\/10\/FRV-2.jpg"],"_push_notification":["field_66f6b47de65f1"],"push_notification":[""],"_publish_mobile":["field_66f6b491e65f2"],"publish_mobile":["1"],"_status":["field_652694983fe12"],"status":["publish"],"_thumbnail_id":["4193"],"_wp_page_template":["default"],"_wpml_word_count":["{\"total\":564,\"to_translate\":{\"ar\":564,\"zh-hans\":564,\"fr\":564,\"ja\":564,\"es\":564,\"tr\":564}}"],"amazonS3_cache":["a:6:{s:68:\"\/\/cms.alj3.clients.lemonhq.io\/wp-content\/uploads\/2024\/10\/FRV-1-1.jpg\";a:2:{s:2:\"id\";s:4:\"4806\";s:11:\"source_type\";s:13:\"media-library\";}s:70:\"\/\/media.alj3.clients.lemonhq.io\/wp-content\/uploads\/2024\/10\/FRV-1-1.jpg\";a:2:{s:2:\"id\";s:4:\"4806\";s:11:\"source_type\";s:13:\"media-library\";}s:68:\"\/\/cms.alj3.clients.lemonhq.io\/wp-content\/uploads\/2024\/10\/FRV-3-1.jpg\";a:2:{s:2:\"id\";s:4:\"4807\";s:11:\"source_type\";s:13:\"media-library\";}s:70:\"\/\/media.alj3.clients.lemonhq.io\/wp-content\/uploads\/2024\/10\/FRV-3-1.jpg\";a:2:{s:2:\"id\";s:4:\"4807\";s:11:\"source_type\";s:13:\"media-library\";}s:68:\"\/\/cms.alj3.clients.lemonhq.io\/wp-content\/uploads\/2024\/10\/FRV-4-1.jpg\";a:2:{s:2:\"id\";s:4:\"4808\";s:11:\"source_type\";s:13:\"media-library\";}s:70:\"\/\/media.alj3.clients.lemonhq.io\/wp-content\/uploads\/2024\/10\/FRV-4-1.jpg\";a:2:{s:2:\"id\";s:4:\"4808\";s:11:\"source_type\";s:13:\"media-library\";}}"],"_wpml_location_migration_done":["1"],"_select_category":["field_6937c5cade1ee"],"select_category":["international"]},"_links":{"self":[{"href":"https:\/\/cms.alj3.clients.lemonhq.io\/en\/wp-json\/wp\/v2\/pressrelease\/4191","targetHints":{"allow":["GET"]}}],"collection":[{"href":"https:\/\/cms.alj3.clients.lemonhq.io\/en\/wp-json\/wp\/v2\/pressrelease"}],"about":[{"href":"https:\/\/cms.alj3.clients.lemonhq.io\/en\/wp-json\/wp\/v2\/types\/pressrelease"}],"wp:featuredmedia":[{"embeddable":true,"href":"https:\/\/cms.alj3.clients.lemonhq.io\/en\/wp-json\/wp\/v2\/media\/4193"}],"wp:attachment":[{"href":"https:\/\/cms.alj3.clients.lemonhq.io\/en\/wp-json\/wp\/v2\/media?parent=4191"}],"curies":[{"name":"wp","href":"https:\/\/api.w.org\/{rel}","templated":true}]}}